{"id":148608,"date":"2026-04-28T08:15:58","date_gmt":"2026-04-28T08:15:58","guid":{"rendered":"https:\/\/gazetaregionalna.com\/?p=148608"},"modified":"2026-04-28T08:28:19","modified_gmt":"2026-04-28T08:28:19","slug":"uwaga-wielun-zmiany-w-organizacji-ruchu-na-ul-kolejowej-i-dobrej","status":"publish","type":"post","link":"https:\/\/gazetaregionalna.com\/?p=148608","title":{"rendered":"Uwaga Wielu\u0144! Zmiany w organizacji ruchu na ul. Kolejowej i Dobrej"},"content":{"rendered":"\n<p>Mieszka\u0144cy Wielunia oraz D\u0105browy musz\u0105 przygotowa\u0107 si\u0119 na istotne zmiany w komunikacji, kt\u00f3re wchodz\u0105 w \u017cycie z dniem dzisiejszym. W zwi\u0105zku z dynamicznym post\u0119pem prac przy inwestycji polegaj\u0105cej na rozbudowie dr\u00f3g gminnych \u2013 ulicy Kolejowej w Wieluniu oraz ulicy Dobrej w D\u0105browie \u2013 wprowadzona zostaje nowa organizacja ruchu.<\/p>\n\n\n\n<p>Od wtorku, 28 kwietnia 2026 roku, dojazd do kluczowych punkt\u00f3w w tej okolicy b\u0119dzie odbywa\u0142 si\u0119 na zmienionych zasadach. Osoby udaj\u0105ce si\u0119 do stacji kolejowej Wielu\u0144 \u2013 D\u0105browa, plac\u00f3wki pocztowej przy ulicy Kolejowej oraz do przychodni lekarskiej \u201eHipokrates\u201d, b\u0119d\u0105 mog\u0142y dojecha\u0107 do celu wy\u0142\u0105cznie od strony miejscowo\u015bci D\u0105browa.<\/p>\n\n\n\n<p>Jednocze\u015bnie informujemy, \u017ce wjazd od strony ulicy Sieradzkiej zosta\u0142 ograniczony. Od tego kierunku mo\u017cliwy b\u0119dzie jedynie dojazd do sk\u0142adu w\u0119gla zlokalizowanego przy ulicy Kolejowej. Pozosta\u0142y odcinek drogi pozostaje wy\u0142\u0105czony z og\u00f3lnodost\u0119pnego ruchu ze wzgl\u0119du na prowadzone prace budowlane.<\/p>\n\n\n\n<p><\/p>\n\n\n\n<p>fot. freepik<\/p>\n","protected":false},"excerpt":{"rendered":"<p>Mieszka\u0144cy Wielunia oraz D\u0105browy musz\u0105 przygotowa\u0107 si\u0119 na istotne zmiany w komunikacji, kt\u00f3re wchodz\u0105 w \u017cycie z dniem dzisiejszym. W zwi\u0105zku z dynamicznym post\u0119pem<\/p>\n","protected":false},"author":4,"featured_media":148609,"comment_status":"closed","ping_status":"open","sticky":false,"template":"","format":"standard","meta":{"_monsterinsights_skip_tracking":false,"_monsterinsights_sitenote_active":false,"_monsterinsights_sitenote_note":"","_monsterinsights_sitenote_category":0,"_uf_show_specific_survey":0,"_uf_disable_surveys":false,"footnotes":""},"categories":[10500],"tags":[173,124,6911,5997],"class_list":["post-148608","post","type-post","status-publish","format-standard","has-post-thumbnail","hentry","category-wielun","tag-drogi","tag-inwestycje","tag-kierowcy","tag-wielun"],"_links":{"self":[{"href":"https:\/\/gazetaregionalna.com\/index.php?rest_route=\/wp\/v2\/posts\/148608","targetHints":{"allow":["GET"]}}],"collection":[{"href":"https:\/\/gazetaregionalna.com\/index.php?rest_route=\/wp\/v2\/posts"}],"about":[{"href":"https:\/\/gazetaregionalna.com\/index.php?rest_route=\/wp\/v2\/types\/post"}],"author":[{"embeddable":true,"href":"https:\/\/gazetaregionalna.com\/index.php?rest_route=\/wp\/v2\/users\/4"}],"replies":[{"embeddable":true,"href":"https:\/\/gazetaregionalna.com\/index.php?rest_route=%2Fwp%2Fv2%2Fcomments&post=148608"}],"version-history":[{"count":2,"href":"https:\/\/gazetaregionalna.com\/index.php?rest_route=\/wp\/v2\/posts\/148608\/revisions"}],"predecessor-version":[{"id":148611,"href":"https:\/\/gazetaregionalna.com\/index.php?rest_route=\/wp\/v2\/posts\/148608\/revisions\/148611"}],"wp:featuredmedia":[{"embeddable":true,"href":"https:\/\/gazetaregionalna.com\/index.php?rest_route=\/wp\/v2\/media\/148609"}],"wp:attachment":[{"href":"https:\/\/gazetaregionalna.com\/index.php?rest_route=%2Fwp%2Fv2%2Fmedia&parent=148608"}],"wp:term":[{"taxonomy":"category","embeddable":true,"href":"https:\/\/gazetaregionalna.com\/index.php?rest_route=%2Fwp%2Fv2%2Fcategories&post=148608"},{"taxonomy":"post_tag","embeddable":true,"href":"https:\/\/gazetaregionalna.com\/index.php?rest_route=%2Fwp%2Fv2%2Ftags&post=148608"}],"curies":[{"name":"wp","href":"https:\/\/api.w.org\/{rel}","templated":true}]}}