{"id":148597,"date":"2026-04-27T18:44:13","date_gmt":"2026-04-27T18:44:13","guid":{"rendered":"https:\/\/gazetaregionalna.com\/?p=148597"},"modified":"2026-04-27T18:48:24","modified_gmt":"2026-04-27T18:48:24","slug":"katowicka-premiera-programu-w-drodze-hanny-zbyryt-juz-29-kwietnia","status":"publish","type":"post","link":"https:\/\/gazetaregionalna.com\/?p=148597","title":{"rendered":"Katowicka premiera programu &#8222;W drodze&#8221; Hanny Zbyryt ju\u017c 29 kwietnia"},"content":{"rendered":"\n<h2 class=\"wp-block-heading\">W \u015brod\u0119, 29 kwietnia w Miejskim Domu Kultury &#8222;Koszutka&#8221; Filia &#8222;D\u0105b&#8221; odb\u0119dzie si\u0119 katowicka premiera programu &#8222;W drodze&#8221; aktorki i wokalistki Hanny Zbyryt.<\/h2>\n\n\n\n<p>Telewidzowie znaj\u0105 j\u0105 jako Gertrud\u0119 z \u201eKr\u00f3l\u00f3w\u201d oraz Ma\u0142gosi\u0119 z \u201eLe\u015bnicz\u00f3wki\u201d. Jednak prawdziwym \u017cywio\u0142em Hanny Zbyryt jest scena. W Teatrze im. A. Mickiewicza w Cz\u0119stochowie mo\u017cna j\u0105 ogl\u0105da\u0107 w takich spektaklach jak \u201eLekcje ta\u0144ca\u201d, \u201eZemsta\u201d (za rol\u0119 Kustoszki otrzyma\u0142a presti\u017cow\u0105 Z\u0142ot\u0105 Mask\u0119), czy \u201eW rytmie pomy\u0142ek. Kabaret muzyczny\u201d. Jednocze\u015bnie aktorka wsp\u00f3lnie ze Staszkiem Rzankowskim prowadzi autorski T<a href=\"https:\/\/www.facebook.com\/rztszymaszkowa\" target=\"_blank\" rel=\"noreferrer noopener\">eatr Rozrywki RZT Szymaszkowa w Zakopanem.<\/a> Na tej scenie spektakle s\u0105 zawsze grane z muzyk\u0105 na \u017cywo, dzi\u0119ki temu Hanna Zbyryt wykorzystuje sw\u00f3j imponuj\u0105cy talent wokalny.<\/p>\n\n\n\n<figure class=\"wp-block-image size-full\"><img decoding=\"async\" width=\"600\" height=\"400\" data-src=\"https:\/\/gazetaregionalna.com\/wp-content\/uploads\/2026\/04\/middle-648803763_1359534409544877_1535280272935438874_n.jpg\" alt=\"\" class=\"wp-image-148604 lazyload\" data-srcset=\"https:\/\/gazetaregionalna.com\/wp-content\/uploads\/2026\/04\/middle-648803763_1359534409544877_1535280272935438874_n.jpg 600w, https:\/\/gazetaregionalna.com\/wp-content\/uploads\/2026\/04\/middle-648803763_1359534409544877_1535280272935438874_n-300x200.jpg 300w\" data-sizes=\"(max-width: 600px) 100vw, 600px\" src=\"data:image\/svg+xml;base64,PHN2ZyB3aWR0aD0iMSIgaGVpZ2h0PSIxIiB4bWxucz0iaHR0cDovL3d3dy53My5vcmcvMjAwMC9zdmciPjwvc3ZnPg==\" style=\"--smush-placeholder-width: 600px; --smush-placeholder-aspect-ratio: 600\/400;\" \/><figcaption class=\"wp-element-caption\">fot. S\u0142awomir Jod\u0142owski\/ROK w Cz\u0119stochowie<\/figcaption><\/figure>\n\n\n\n<p>Od wielu, wielu miesi\u0119cy artystka pracuje nad wyj\u0105tkowym projektem. &#8222;W drodze&#8221; promowa\u0142o ju\u017c kilka singli &#8211; z &#8222;Tatua\u017cami&#8221; i &#8222;Margarit\u0105&#8221; na czele. <\/p>\n\n\n\n<p>\u201eW drodze\u201d stanowi mieszank\u0119 popu, latino swingu i jazzu, \u0142\u0105czy taniec i chwytaj\u0105ce za serce utwory o mi\u0142o\u015bci, t\u0119sknocie, ale i o tym, w jaki spos\u00f3b \u017cycie mo\u017ce nas zaskoczy\u0107 \u2013 oczywi\u015bcie w najmniej<br>oczekiwanych sytuacjach. Ca\u0142o\u015b\u0107 obejmowa\u0107 ma 11 utwor\u00f3w, czyli przystank\u00f3w tytu\u0142owej drogi, w kt\u00f3r\u0105 wyrusza g\u0142\u00f3wna bohaterka Emi.<\/p>\n\n\n\n<figure class=\"wp-block-image size-full\"><img decoding=\"async\" width=\"600\" height=\"893\" data-src=\"https:\/\/gazetaregionalna.com\/wp-content\/uploads\/2026\/04\/middle-648915806_1357601703071481_1035648880433093830_n.jpg\" alt=\"\" class=\"wp-image-148606 lazyload\" data-srcset=\"https:\/\/gazetaregionalna.com\/wp-content\/uploads\/2026\/04\/middle-648915806_1357601703071481_1035648880433093830_n.jpg 600w, https:\/\/gazetaregionalna.com\/wp-content\/uploads\/2026\/04\/middle-648915806_1357601703071481_1035648880433093830_n-202x300.jpg 202w\" data-sizes=\"(max-width: 600px) 100vw, 600px\" src=\"data:image\/svg+xml;base64,PHN2ZyB3aWR0aD0iMSIgaGVpZ2h0PSIxIiB4bWxucz0iaHR0cDovL3d3dy53My5vcmcvMjAwMC9zdmciPjwvc3ZnPg==\" style=\"--smush-placeholder-width: 600px; --smush-placeholder-aspect-ratio: 600\/893;\" \/><figcaption class=\"wp-element-caption\">fot. S\u0142awomir Jod\u0142owski\/ROK w Cz\u0119stochowie<\/figcaption><\/figure>\n\n\n\n<p>To w ni\u0105 wciela si\u0119 w\u0142a\u015bnie Zbyryt. Koncert \u0142\u0105czy elementy spektaklu, stand-upu, bo piosenki po\u0142\u0105czone s\u0105 pe\u0142nymi humoru przemy\u015bleniami Emi &#8211; o \u017cyciu, o m\u0119\u017cczyznach, o mi\u0142o\u015bci.<\/p>\n\n\n\n<p>Kilka utwor\u00f3w z &#8222;W drodze&#8221; Hanna Zbyryt zaprezentowa\u0142a ju\u017c w rodzinnej Cz\u0119stochowie. Live session z udzia\u0142em Krystiana Jaworza (kt\u00f3ry skomponowa\u0142 te utwory) odby\u0142o si\u0119 7 marca w Regionalnym O\u015brodku Kultury i zebra\u0142o bardzo dobre opinie publiczno\u015bci.<\/p>\n\n\n\n<figure class=\"wp-block-image size-large\"><img decoding=\"async\" width=\"731\" height=\"1024\" data-src=\"https:\/\/gazetaregionalna.com\/wp-content\/uploads\/2026\/04\/670158774_1472842837918668_2480086374549401174_n-731x1024.jpg\" alt=\"\" class=\"wp-image-148603 lazyload\" data-srcset=\"https:\/\/gazetaregionalna.com\/wp-content\/uploads\/2026\/04\/670158774_1472842837918668_2480086374549401174_n-731x1024.jpg 731w, https:\/\/gazetaregionalna.com\/wp-content\/uploads\/2026\/04\/670158774_1472842837918668_2480086374549401174_n-214x300.jpg 214w, https:\/\/gazetaregionalna.com\/wp-content\/uploads\/2026\/04\/670158774_1472842837918668_2480086374549401174_n-768x1075.jpg 768w, https:\/\/gazetaregionalna.com\/wp-content\/uploads\/2026\/04\/670158774_1472842837918668_2480086374549401174_n-1097x1536.jpg 1097w, https:\/\/gazetaregionalna.com\/wp-content\/uploads\/2026\/04\/670158774_1472842837918668_2480086374549401174_n-scaled.jpg 1143w\" data-sizes=\"(max-width: 731px) 100vw, 731px\" src=\"data:image\/svg+xml;base64,PHN2ZyB3aWR0aD0iMSIgaGVpZ2h0PSIxIiB4bWxucz0iaHR0cDovL3d3dy53My5vcmcvMjAwMC9zdmciPjwvc3ZnPg==\" style=\"--smush-placeholder-width: 731px; --smush-placeholder-aspect-ratio: 731\/1024;\" \/><\/figure>\n\n\n\n<p>Teraz pora na premier\u0119 katowick\u0105. Ta odb\u0119dzie si\u0119 w \u015brod\u0119, 29 kwietnia o godz. 12 w Miejskim Domu Kultury &#8222;Koszutka&#8221; Filia &#8222;D\u0105b&#8221; (ul. Krzy\u017cowa 1). <\/p>\n\n\n\n<p>Za muzyczn\u0105 stron\u0119 projektu &#8211; obok Krystiana Jaworza &#8211; odpowiadaj\u0105 Pawe\u0142 Kluba i Micha\u0142 Peiker. Teksty piosenek &#8211; wsp\u00f3lnie z aktork\u0105 &#8211; napisa\u0142a Anna Burzy\u0144ska. Za scenografi\u0119 i produkcj\u0119 opowiada wspomniany ju\u017c Stanis\u0142aw Rzankowski.<\/p>\n\n\n\n<p>&#8222;W drodze&#8221; b\u0119dzie mo\u017cna us\u0142ysze\u0107 tak\u017ce w maj\u00f3wk\u0119. Tym razem na scenie RZT Szymaszkowa w Zakopanem. Wydarzenie zaplanowano na 2 maja na godz. 20. Bilety: <a href=\"https:\/\/www.kupbilecik.pl\/imprezy\/194905\/zakopane\/hanna.zbyryt\/\" target=\"_blank\" rel=\"noopener\">www.kupbilecik.pl.<\/a><\/p>\n","protected":false},"excerpt":{"rendered":"<p>W \u015brod\u0119, 29 kwietnia w Miejskim Domu Kultury &#8222;Koszutka&#8221; Filia &#8222;D\u0105b&#8221; odb\u0119dzie si\u0119 katowicka premiera programu &#8222;W drodze&#8221; aktorki i wokalistki Hanny Zbyryt. Telewidzowie<\/p>\n","protected":false},"author":11,"featured_media":148603,"comment_status":"closed","ping_status":"open","sticky":false,"template":"","format":"standard","meta":{"_monsterinsights_skip_tracking":false,"_monsterinsights_sitenote_active":false,"_monsterinsights_sitenote_note":"","_monsterinsights_sitenote_category":0,"_uf_show_specific_survey":0,"_uf_disable_surveys":false,"footnotes":""},"categories":[12,2],"tags":[2849,716,1750,10346],"class_list":["post-148597","post","type-post","status-publish","format-standard","has-post-thumbnail","hentry","category-kultura-i-rozrywka","category-wiadomosci","tag-hanna-zbyryt","tag-koncert","tag-premiera","tag-w-drodze"],"_links":{"self":[{"href":"https:\/\/gazetaregionalna.com\/index.php?rest_route=\/wp\/v2\/posts\/148597","targetHints":{"allow":["GET"]}}],"collection":[{"href":"https:\/\/gazetaregionalna.com\/index.php?rest_route=\/wp\/v2\/posts"}],"about":[{"href":"https:\/\/gazetaregionalna.com\/index.php?rest_route=\/wp\/v2\/types\/post"}],"author":[{"embeddable":true,"href":"https:\/\/gazetaregionalna.com\/index.php?rest_route=\/wp\/v2\/users\/11"}],"replies":[{"embeddable":true,"href":"https:\/\/gazetaregionalna.com\/index.php?rest_route=%2Fwp%2Fv2%2Fcomments&post=148597"}],"version-history":[{"count":6,"href":"https:\/\/gazetaregionalna.com\/index.php?rest_route=\/wp\/v2\/posts\/148597\/revisions"}],"predecessor-version":[{"id":148607,"href":"https:\/\/gazetaregionalna.com\/index.php?rest_route=\/wp\/v2\/posts\/148597\/revisions\/148607"}],"wp:featuredmedia":[{"embeddable":true,"href":"https:\/\/gazetaregionalna.com\/index.php?rest_route=\/wp\/v2\/media\/148603"}],"wp:attachment":[{"href":"https:\/\/gazetaregionalna.com\/index.php?rest_route=%2Fwp%2Fv2%2Fmedia&parent=148597"}],"wp:term":[{"taxonomy":"category","embeddable":true,"href":"https:\/\/gazetaregionalna.com\/index.php?rest_route=%2Fwp%2Fv2%2Fcategories&post=148597"},{"taxonomy":"post_tag","embeddable":true,"href":"https:\/\/gazetaregionalna.com\/index.php?rest_route=%2Fwp%2Fv2%2Ftags&post=148597"}],"curies":[{"name":"wp","href":"https:\/\/api.w.org\/{rel}","templated":true}]}}