{"id":148594,"date":"2026-04-27T17:37:50","date_gmt":"2026-04-27T17:37:50","guid":{"rendered":"https:\/\/gazetaregionalna.com\/?p=148594"},"modified":"2026-04-27T17:42:53","modified_gmt":"2026-04-27T17:42:53","slug":"kacper-trelowski-podpisal-nowa-umowe-do-2029-roku","status":"publish","type":"post","link":"https:\/\/gazetaregionalna.com\/?p=148594","title":{"rendered":"Kacper Trelowski podpisa\u0142 now\u0105 umow\u0119 do 2029 roku!"},"content":{"rendered":"\n<p>Rak\u00f3w Cz\u0119stochowa poinformowa\u0142, \u017ce podpisa\u0142 now\u0105 umow\u0119 z bramkarzem Kacprem Trelowskim do czerwca 2029 roku.<\/p>\n\n\n\n<p>Trelowski mimo 22 lat ma z Rakowem jako wychowanek wiele sukces\u00f3w. Wywalczy\u0142 mistrzostwo Polski, Puchar Polski, Superpuchar Polski, a tak\u017ce dwa wicemistrzostwa Polski. Gra\u0142 te\u017c z Rakowem w europejskich pucharach. <\/p>\n\n\n\n<p>Cho\u0107 w obecnym sezonie nie gra\u0142 zbyt wiele to wci\u0105\u017c jest w gotowo\u015bci. Dzia\u0142acze Rakowa widz\u0105 z nim przysz\u0142o\u015b\u0107. Nowa umowa zosta\u0142a podpisana do czerwca 2029 roku. <\/p>\n\n\n\n<p>MR-K, fot: AK<\/p>\n\n\n\n<p>Partnerami relacji sportowych s\u0105:<\/p>\n\n\n\n<p>DMK Invest materia\u0142y budowlane Konopiska <\/p>\n\n\n\n<p>Semex &#8211; hurtownia budowlana Cz\u0119stochowa <\/p>\n\n\n\n<p>Wy\u017csza Szko\u0142a Zarz\u0105dzania w Cz\u0119stochowie <\/p>\n\n\n\n<p>Furnipol.pl<\/p>\n\n\n\n<p>Invictel <\/p>\n\n\n\n<p>Kreczmer Janusz &#8211; wynajem autokar\u00f3w <\/p>\n\n\n\n<p>Hermetik System &#8211; centrum hydroizolacji <\/p>\n\n\n\n<figure class=\"wp-block-image size-large\"><img decoding=\"async\" width=\"1024\" height=\"683\" data-src=\"https:\/\/gazetaregionalna.com\/wp-content\/uploads\/2026\/04\/Trelowski-1024x683.jpg\" alt=\"\" class=\"wp-image-148595 lazyload\" data-srcset=\"https:\/\/gazetaregionalna.com\/wp-content\/uploads\/2026\/04\/Trelowski-1024x683.jpg 1024w, https:\/\/gazetaregionalna.com\/wp-content\/uploads\/2026\/04\/Trelowski-300x200.jpg 300w, https:\/\/gazetaregionalna.com\/wp-content\/uploads\/2026\/04\/Trelowski-768x512.jpg 768w, https:\/\/gazetaregionalna.com\/wp-content\/uploads\/2026\/04\/Trelowski.jpg 1200w\" data-sizes=\"(max-width: 1024px) 100vw, 1024px\" src=\"data:image\/svg+xml;base64,PHN2ZyB3aWR0aD0iMSIgaGVpZ2h0PSIxIiB4bWxucz0iaHR0cDovL3d3dy53My5vcmcvMjAwMC9zdmciPjwvc3ZnPg==\" style=\"--smush-placeholder-width: 1024px; --smush-placeholder-aspect-ratio: 1024\/683;\" \/><\/figure>\n\n\n\n<figure class=\"wp-block-gallery has-nested-images columns-default is-cropped wp-block-gallery-1 is-layout-flex wp-block-gallery-is-layout-flex\">\n<figure class=\"wp-block-image size-large\"><img decoding=\"async\" width=\"1024\" height=\"1024\" data-id=\"148216\" data-src=\"https:\/\/gazetaregionalna.com\/wp-content\/uploads\/2026\/04\/Partnerzy-4-1024x1024.jpg\" alt=\"\" class=\"wp-image-148216 lazyload\" data-srcset=\"https:\/\/gazetaregionalna.com\/wp-content\/uploads\/2026\/04\/Partnerzy-4-1024x1024.jpg 1024w, https:\/\/gazetaregionalna.com\/wp-content\/uploads\/2026\/04\/Partnerzy-4-300x300.jpg 300w, https:\/\/gazetaregionalna.com\/wp-content\/uploads\/2026\/04\/Partnerzy-4-150x150.jpg 150w, https:\/\/gazetaregionalna.com\/wp-content\/uploads\/2026\/04\/Partnerzy-4-768x768.jpg 768w, https:\/\/gazetaregionalna.com\/wp-content\/uploads\/2026\/04\/Partnerzy-4-215x215.jpg 215w, https:\/\/gazetaregionalna.com\/wp-content\/uploads\/2026\/04\/Partnerzy-4.jpg 1080w\" data-sizes=\"(max-width: 1024px) 100vw, 1024px\" src=\"data:image\/svg+xml;base64,PHN2ZyB3aWR0aD0iMSIgaGVpZ2h0PSIxIiB4bWxucz0iaHR0cDovL3d3dy53My5vcmcvMjAwMC9zdmciPjwvc3ZnPg==\" style=\"--smush-placeholder-width: 1024px; --smush-placeholder-aspect-ratio: 1024\/1024;\" \/><\/figure>\n\n\n\n<figure class=\"wp-block-image size-large\"><img decoding=\"async\" width=\"1024\" height=\"1024\" data-id=\"148219\" data-src=\"https:\/\/gazetaregionalna.com\/wp-content\/uploads\/2026\/04\/Partnerzy-7-1024x1024.jpg\" alt=\"\" class=\"wp-image-148219 lazyload\" data-srcset=\"https:\/\/gazetaregionalna.com\/wp-content\/uploads\/2026\/04\/Partnerzy-7-1024x1024.jpg 1024w, https:\/\/gazetaregionalna.com\/wp-content\/uploads\/2026\/04\/Partnerzy-7-300x300.jpg 300w, https:\/\/gazetaregionalna.com\/wp-content\/uploads\/2026\/04\/Partnerzy-7-150x150.jpg 150w, https:\/\/gazetaregionalna.com\/wp-content\/uploads\/2026\/04\/Partnerzy-7-768x768.jpg 768w, https:\/\/gazetaregionalna.com\/wp-content\/uploads\/2026\/04\/Partnerzy-7-215x215.jpg 215w, https:\/\/gazetaregionalna.com\/wp-content\/uploads\/2026\/04\/Partnerzy-7.jpg 1080w\" data-sizes=\"(max-width: 1024px) 100vw, 1024px\" src=\"data:image\/svg+xml;base64,PHN2ZyB3aWR0aD0iMSIgaGVpZ2h0PSIxIiB4bWxucz0iaHR0cDovL3d3dy53My5vcmcvMjAwMC9zdmciPjwvc3ZnPg==\" style=\"--smush-placeholder-width: 1024px; --smush-placeholder-aspect-ratio: 1024\/1024;\" \/><\/figure>\n\n\n\n<figure class=\"wp-block-image size-large\"><img decoding=\"async\" width=\"300\" height=\"250\" data-id=\"148367\" data-src=\"https:\/\/gazetaregionalna.com\/wp-content\/uploads\/2026\/04\/Partnerzy-14.png\" alt=\"\" class=\"wp-image-148367 lazyload\" src=\"data:image\/svg+xml;base64,PHN2ZyB3aWR0aD0iMSIgaGVpZ2h0PSIxIiB4bWxucz0iaHR0cDovL3d3dy53My5vcmcvMjAwMC9zdmciPjwvc3ZnPg==\" style=\"--smush-placeholder-width: 300px; --smush-placeholder-aspect-ratio: 300\/250;\"><\/figure>\n\n\n\n<figure class=\"wp-block-image size-large\"><img decoding=\"async\" width=\"1024\" height=\"1024\" data-id=\"148213\" data-src=\"https:\/\/gazetaregionalna.com\/wp-content\/uploads\/2026\/04\/Partnerzy-1-1024x1024.jpg\" alt=\"\" class=\"wp-image-148213 lazyload\" data-srcset=\"https:\/\/gazetaregionalna.com\/wp-content\/uploads\/2026\/04\/Partnerzy-1-1024x1024.jpg 1024w, https:\/\/gazetaregionalna.com\/wp-content\/uploads\/2026\/04\/Partnerzy-1-300x300.jpg 300w, https:\/\/gazetaregionalna.com\/wp-content\/uploads\/2026\/04\/Partnerzy-1-150x150.jpg 150w, https:\/\/gazetaregionalna.com\/wp-content\/uploads\/2026\/04\/Partnerzy-1-768x768.jpg 768w, https:\/\/gazetaregionalna.com\/wp-content\/uploads\/2026\/04\/Partnerzy-1-215x215.jpg 215w, https:\/\/gazetaregionalna.com\/wp-content\/uploads\/2026\/04\/Partnerzy-1.jpg 1200w\" data-sizes=\"(max-width: 1024px) 100vw, 1024px\" src=\"data:image\/svg+xml;base64,PHN2ZyB3aWR0aD0iMSIgaGVpZ2h0PSIxIiB4bWxucz0iaHR0cDovL3d3dy53My5vcmcvMjAwMC9zdmciPjwvc3ZnPg==\" style=\"--smush-placeholder-width: 1024px; --smush-placeholder-aspect-ratio: 1024\/1024;\" \/><\/figure>\n\n\n\n<figure class=\"wp-block-image size-large\"><img decoding=\"async\" width=\"1024\" height=\"584\" data-id=\"148214\" data-src=\"https:\/\/gazetaregionalna.com\/wp-content\/uploads\/2026\/04\/Partnerzy-2-1024x584.jpg\" alt=\"\" class=\"wp-image-148214 lazyload\" data-srcset=\"https:\/\/gazetaregionalna.com\/wp-content\/uploads\/2026\/04\/Partnerzy-2-1024x584.jpg 1024w, https:\/\/gazetaregionalna.com\/wp-content\/uploads\/2026\/04\/Partnerzy-2-300x171.jpg 300w, https:\/\/gazetaregionalna.com\/wp-content\/uploads\/2026\/04\/Partnerzy-2-768x438.jpg 768w, https:\/\/gazetaregionalna.com\/wp-content\/uploads\/2026\/04\/Partnerzy-2.jpg 1200w\" data-sizes=\"(max-width: 1024px) 100vw, 1024px\" src=\"data:image\/svg+xml;base64,PHN2ZyB3aWR0aD0iMSIgaGVpZ2h0PSIxIiB4bWxucz0iaHR0cDovL3d3dy53My5vcmcvMjAwMC9zdmciPjwvc3ZnPg==\" style=\"--smush-placeholder-width: 1024px; --smush-placeholder-aspect-ratio: 1024\/584;\" \/><\/figure>\n\n\n\n<figure class=\"wp-block-image size-large\"><img decoding=\"async\" width=\"718\" height=\"735\" data-id=\"148215\" data-src=\"https:\/\/gazetaregionalna.com\/wp-content\/uploads\/2026\/04\/Partnerzy-3.jpg\" alt=\"\" class=\"wp-image-148215 lazyload\" data-srcset=\"https:\/\/gazetaregionalna.com\/wp-content\/uploads\/2026\/04\/Partnerzy-3.jpg 718w, https:\/\/gazetaregionalna.com\/wp-content\/uploads\/2026\/04\/Partnerzy-3-293x300.jpg 293w\" data-sizes=\"(max-width: 718px) 100vw, 718px\" src=\"data:image\/svg+xml;base64,PHN2ZyB3aWR0aD0iMSIgaGVpZ2h0PSIxIiB4bWxucz0iaHR0cDovL3d3dy53My5vcmcvMjAwMC9zdmciPjwvc3ZnPg==\" style=\"--smush-placeholder-width: 718px; --smush-placeholder-aspect-ratio: 718\/735;\" \/><\/figure>\n\n\n\n<figure class=\"wp-block-image size-large\"><img decoding=\"async\" width=\"1024\" height=\"1024\" data-id=\"148218\" data-src=\"https:\/\/gazetaregionalna.com\/wp-content\/uploads\/2026\/04\/Partnerzy-6-1024x1024.jpeg\" alt=\"\" class=\"wp-image-148218 lazyload\" data-srcset=\"https:\/\/gazetaregionalna.com\/wp-content\/uploads\/2026\/04\/Partnerzy-6-1024x1024.jpeg 1024w, https:\/\/gazetaregionalna.com\/wp-content\/uploads\/2026\/04\/Partnerzy-6-300x300.jpeg 300w, https:\/\/gazetaregionalna.com\/wp-content\/uploads\/2026\/04\/Partnerzy-6-150x150.jpeg 150w, https:\/\/gazetaregionalna.com\/wp-content\/uploads\/2026\/04\/Partnerzy-6-768x768.jpeg 768w, https:\/\/gazetaregionalna.com\/wp-content\/uploads\/2026\/04\/Partnerzy-6-215x215.jpeg 215w, https:\/\/gazetaregionalna.com\/wp-content\/uploads\/2026\/04\/Partnerzy-6.jpeg 1080w\" data-sizes=\"(max-width: 1024px) 100vw, 1024px\" src=\"data:image\/svg+xml;base64,PHN2ZyB3aWR0aD0iMSIgaGVpZ2h0PSIxIiB4bWxucz0iaHR0cDovL3d3dy53My5vcmcvMjAwMC9zdmciPjwvc3ZnPg==\" style=\"--smush-placeholder-width: 1024px; --smush-placeholder-aspect-ratio: 1024\/1024;\" \/><\/figure>\n<\/figure>\n","protected":false},"excerpt":{"rendered":"<p>Rak\u00f3w Cz\u0119stochowa poinformowa\u0142, \u017ce podpisa\u0142 now\u0105 umow\u0119 z bramkarzem Kacprem Trelowskim do czerwca 2029 roku. Trelowski mimo 22 lat ma z Rakowem jako wychowanek<\/p>\n","protected":false},"author":15,"featured_media":148595,"comment_status":"closed","ping_status":"open","sticky":false,"template":"","format":"standard","meta":{"_monsterinsights_skip_tracking":false,"_monsterinsights_sitenote_active":false,"_monsterinsights_sitenote_note":"","_monsterinsights_sitenote_category":0,"_uf_show_specific_survey":0,"_uf_disable_surveys":false,"footnotes":""},"categories":[1,6,94,5],"tags":[],"class_list":["post-148594","post","type-post","status-publish","format-standard","has-post-thumbnail","hentry","category-uncategorized","category-pilka-nozna","category-polecane","category-sport"],"_links":{"self":[{"href":"https:\/\/gazetaregionalna.com\/index.php?rest_route=\/wp\/v2\/posts\/148594","targetHints":{"allow":["GET"]}}],"collection":[{"href":"https:\/\/gazetaregionalna.com\/index.php?rest_route=\/wp\/v2\/posts"}],"about":[{"href":"https:\/\/gazetaregionalna.com\/index.php?rest_route=\/wp\/v2\/types\/post"}],"author":[{"embeddable":true,"href":"https:\/\/gazetaregionalna.com\/index.php?rest_route=\/wp\/v2\/users\/15"}],"replies":[{"embeddable":true,"href":"https:\/\/gazetaregionalna.com\/index.php?rest_route=%2Fwp%2Fv2%2Fcomments&post=148594"}],"version-history":[{"count":1,"href":"https:\/\/gazetaregionalna.com\/index.php?rest_route=\/wp\/v2\/posts\/148594\/revisions"}],"predecessor-version":[{"id":148596,"href":"https:\/\/gazetaregionalna.com\/index.php?rest_route=\/wp\/v2\/posts\/148594\/revisions\/148596"}],"wp:featuredmedia":[{"embeddable":true,"href":"https:\/\/gazetaregionalna.com\/index.php?rest_route=\/wp\/v2\/media\/148595"}],"wp:attachment":[{"href":"https:\/\/gazetaregionalna.com\/index.php?rest_route=%2Fwp%2Fv2%2Fmedia&parent=148594"}],"wp:term":[{"taxonomy":"category","embeddable":true,"href":"https:\/\/gazetaregionalna.com\/index.php?rest_route=%2Fwp%2Fv2%2Fcategories&post=148594"},{"taxonomy":"post_tag","embeddable":true,"href":"https:\/\/gazetaregionalna.com\/index.php?rest_route=%2Fwp%2Fv2%2Ftags&post=148594"}],"curies":[{"name":"wp","href":"https:\/\/api.w.org\/{rel}","templated":true}]}}