{"id":148589,"date":"2026-04-27T15:33:13","date_gmt":"2026-04-27T15:33:13","guid":{"rendered":"https:\/\/gazetaregionalna.com\/?p=148589"},"modified":"2026-04-27T15:33:18","modified_gmt":"2026-04-27T15:33:18","slug":"trzy-mecze-i-trzy-porazki-wlokniarza-a-teraz-bardzo-wazny-mecz-w-zielonej-gorze","status":"publish","type":"post","link":"https:\/\/gazetaregionalna.com\/?p=148589","title":{"rendered":"Trzy mecze i trzy pora\u017cki W\u0142\u00f3kniarza, a teraz bardzo wa\u017cny mecz w Zielonej G\u00f3rze&#8230;"},"content":{"rendered":"\n<p>\u017bu\u017clowcy Krono-Plast W\u0142\u00f3kniarz Cz\u0119stochowa w trzecim meczu sezonu w PGE Ekstralidze przegrali u siebie z mistrzem Polski Pres Grupa Deweloperska Toru\u0144. To trzecia pora\u017cka z rz\u0119du\u2026<\/p>\n\n\n\n<p>Cz\u0119stochowianie nie maj\u0105 ,,dobrego\u201d terminarza. W 1. kolejce je\u017adzili w Lesznie z beniaminkiem. Taki mecz jest zawsze trudny, bo beniaminek po awansie chce si\u0119 na inauguracj\u0119 pokaza\u0107 z jak najlepszej strony.<\/p>\n\n\n\n<p>W kolejnych dw\u00f3ch meczach Kron-Plast W\u0142\u00f3kniarz rywalizowa\u0142 z wicemistrzem Polski Motorem Lublin i mistrzem Polski Pres Grupa Deweloperska Torun. Obydwa mecz przegra\u0142 i ma ju\u017c na koncie 3 pora\u017cki.<\/p>\n\n\n\n<p>Mecze z finalistami ubieg\u0142ego sezonu, kt\u00f3re mia\u0142y zgromadzi\u0107 na trybunach wielu fan\u00f3w odby\u0142 si\u0119 w pi\u0105tki. I to te\u017c wp\u0142yn\u0119\u0142o na frekwencj\u0119. Wed\u0142ug oficjalnych statystyk mecz z Lublinem ogl\u0105da\u0142a 6000 ludzi. Z mistrzami Polski z Torunia by\u0142o s\u0142abiej, bo organizatorzy podali, \u017ce by\u0142o tylko 5000 os\u00f3b\u2026<\/p>\n\n\n\n<p>W pi\u0105tkowym meczu z Toruniem gospodarze przegrali 37:53, ale wynik m\u00f3g\u0142 by\u0107 wi\u0119kszy, gdy nie fakt, \u017ce go\u015bcie ,,oszcz\u0119dzali\u201d swoich czo\u0142owych zawodnik\u00f3w. Mikkel Michelsen pojecha\u0142 tylko 3 razy zdobywaj\u0105c 8 punkt\u00f3w. Emil Sajfutdinow na torze pojawi\u0142 si\u0119 4 razy zdobywaj\u0105c 11 ,,oczek\u201d. Nie pojawi\u0142 si\u0119 w biegu nominowanym\u2026<\/p>\n\n\n\n<p>Cz\u0119stochowianie wygrali tylko 1 z 15 wy\u015bcig\u00f3w (11 \u2013 5:1). Indywidualnie t\u0119\u017c by\u0142o nieciekawie, bo ,,Lwy\u201d przyje\u017cd\u017ca\u0142y na 1. miejscu tylko 2 razy. Krono-Plast W\u0142\u00f3kniarz wygra\u0142 w pi\u0105tkowym meczu 1 bieg, zremisowa\u0142 7 wy\u015bcig\u00f3w i przegra\u0142 7 kolejnych bieg\u00f3w.<\/p>\n\n\n\n<p>Liderem ,,Lw\u00f3w\u201d by\u0142 Rohan Tungate, kt\u00f3ry zdoby\u0142 10 punkt\u00f3w. Po 8 ,,oczek\u201d wywalczyli Jakub Mi\u015bkowiak i Jaimon Lidsey.<\/p>\n\n\n\n<p>Cz\u0119stochowianie w 4. kolejce \u015bciga\u0107 si\u0119 b\u0119d\u0105 w najbli\u017cszy pi\u0105tek, 1 maja w Zielonej G\u00f3rze z Falubazem. Rywale te\u017c maj\u0105 na koncie 3 pora\u017cki i 0 punkt\u00f3w. Kto b\u0119dzie cieszy\u0142 si\u0119 w pi\u0105tek z pierwszego zwyci\u0119stwa w sezonie?<\/p>\n\n\n\n<p>AK, fot: AK<\/p>\n\n\n\n<p>Krono-Plast W\u0142\u00f3kniarz Cz\u0119stochowa 37<\/p>\n\n\n\n<p>Rohan Tungate 10 (2,2,2,2,2)<\/p>\n\n\n\n<p>Sebastian Szostak 1 (w,1,0,0)<\/p>\n\n\n\n<p>Mads Hansen 6 (0,1,2,2,1)<\/p>\n\n\n\n<p>Jakub Mi\u015bkowiak 8 (1,2,1,3,1)<\/p>\n\n\n\n<p>Jaimon Lidsey 8 (0,1,3,2,2)<\/p>\n\n\n\n<p>Alan Ciurzy\u0144ski 2 (1,1,0)<\/p>\n\n\n\n<p>Szymon Ludwiczak 2 (2,0,0)<\/p>\n\n\n\n<p>Kacper Grzelak ns<\/p>\n\n\n\n<p>PRES Grupa Deweloperska Toru\u0144 53<\/p>\n\n\n\n<p>Patryk Dudek 12 (3,2,3,1,3)<\/p>\n\n\n\n<p>Robert Lambert 13 (3,3,1,3,3)<\/p>\n\n\n\n<p>Norick Bloedorn 3 (1,0,1,1)<\/p>\n\n\n\n<p>Mikkel Michelsen 8 (3,3,2,-,-)<\/p>\n\n\n\n<p>Emil Sajfutdinow 11 (2,3,3,3,-)<\/p>\n\n\n\n<p>Antoni Kawczy\u0144ski 5 (3,2,0,0)<\/p>\n\n\n\n<p>Miko\u0142aj Duchi\u0144ski 1 (0,0,1)<\/p>\n\n\n\n<p>Nicolai Heiselberg 0 (0,0)<\/p>\n\n\n\n<p>Bieg po biegu:<\/p>\n\n\n\n<p>1. Dudek, Tungate, Bloedorn, Hansen 2:4<\/p>\n\n\n\n<p>2. Kawczy\u0144ski, Ludwiczak, Ciurzy\u0144ski, Duchi\u0144ski 3:3\/5:7<\/p>\n\n\n\n<p>3. Lambert, Sajfutdinow, Mi\u015bkowiak, Lidsey 1:5\/6:12<\/p>\n\n\n\n<p>4. Michelsen, Kawczy\u0144ski, Ciurzy\u0144ski, Szostak (w) 1:5\/7:17<\/p>\n\n\n\n<p>5. Michelsen, Mi\u015bkowiak, Hansen, Bloedorn 3:3\/10:20<\/p>\n\n\n\n<p>6. Lambert, Dudek, Lidsey, Ludwiczak 1:5\/11:25<\/p>\n\n\n\n<p>7. Sajfutdinow, Tungate, Szostak, Duchi\u0144ski 3:3\/14:28<\/p>\n\n\n\n<p>8. Lidsey, Michelsen, Bloedorn, Ciurzy\u0144ski 3:3\/17:31<\/p>\n\n\n\n<p>9. Dudek, Tungate, Lambert, Szostak 2:4\/19:35<\/p>\n\n\n\n<p>10. Sajfutdinow, Hansen, Mi\u015bkowiak, Kawczy\u0144ski 3:3\/22:38<\/p>\n\n\n\n<p>11. Mi\u015bkowiak, Tungate, Dudek, Heiselberg 5:1\/27:39<\/p>\n\n\n\n<p>12. Lambert, Hansen, Duchi\u0144ski, Ludwiczak 2:4\/29:43<\/p>\n\n\n\n<p>13. Sajfutdinow, Lidsey, Bloedorn, Szostak 2:4\/31:47<\/p>\n\n\n\n<p>14. Dudek, Lidsey, Hansen, Heiselberg 3:3\/34:50<\/p>\n\n\n\n<p>15. Lambert, Tungate, Mi\u015bkowiak, Kawczy\u0144ski 3:3\/37:53<\/p>\n\n\n\n<p>Partnerami relacji sportowych s\u0105:<\/p>\n\n\n\n<p>Semex \u2013 hurtownia budowlana Cz\u0119stochowa<\/p>\n\n\n\n<p>DMK Invest materia\u0142y budowlane Konopiska<\/p>\n\n\n\n<p>Hermetik System \u2013 centrum hydroizolacji<\/p>\n\n\n\n<p>Wy\u017csza Szko\u0142a Zarz\u0105dzania w Cz\u0119stochowie<\/p>\n\n\n\n<p>Kreczmer Janusz \u2013 wynajem autokar\u00f3w<\/p>\n\n\n\n<p>Invictel \u2013 systemy alarmowe i monitoringi<\/p>\n\n\n\n<p><a target=\"_blank\" rel=\"noreferrer noopener\" href=\"http:\/\/Furnipol.pl\">Furnipol.pl<\/a> \u2013 producent mebli<\/p>\n\n\n\n<figure class=\"wp-block-image size-large\"><img decoding=\"async\" width=\"1024\" height=\"658\" data-src=\"https:\/\/gazetaregionalna.com\/wp-content\/uploads\/2026\/04\/Wlokniarz-2-1024x658.jpg\" alt=\"\" class=\"wp-image-148019 lazyload\" data-srcset=\"https:\/\/gazetaregionalna.com\/wp-content\/uploads\/2026\/04\/Wlokniarz-2-1024x658.jpg 1024w, https:\/\/gazetaregionalna.com\/wp-content\/uploads\/2026\/04\/Wlokniarz-2-300x193.jpg 300w, https:\/\/gazetaregionalna.com\/wp-content\/uploads\/2026\/04\/Wlokniarz-2-768x493.jpg 768w, https:\/\/gazetaregionalna.com\/wp-content\/uploads\/2026\/04\/Wlokniarz-2-115x73.jpg 115w, https:\/\/gazetaregionalna.com\/wp-content\/uploads\/2026\/04\/Wlokniarz-2.jpg 1200w\" data-sizes=\"(max-width: 1024px) 100vw, 1024px\" src=\"data:image\/svg+xml;base64,PHN2ZyB3aWR0aD0iMSIgaGVpZ2h0PSIxIiB4bWxucz0iaHR0cDovL3d3dy53My5vcmcvMjAwMC9zdmciPjwvc3ZnPg==\" style=\"--smush-placeholder-width: 1024px; --smush-placeholder-aspect-ratio: 1024\/658;\" \/><\/figure>\n\n\n\n<figure class=\"wp-block-gallery has-nested-images columns-default is-cropped wp-block-gallery-1 is-layout-flex wp-block-gallery-is-layout-flex\">\n<figure class=\"wp-block-image size-large\"><img decoding=\"async\" width=\"1024\" height=\"1024\" data-id=\"148213\" data-src=\"https:\/\/gazetaregionalna.com\/wp-content\/uploads\/2026\/04\/Partnerzy-1-1024x1024.jpg\" alt=\"\" class=\"wp-image-148213 lazyload\" data-srcset=\"https:\/\/gazetaregionalna.com\/wp-content\/uploads\/2026\/04\/Partnerzy-1-1024x1024.jpg 1024w, https:\/\/gazetaregionalna.com\/wp-content\/uploads\/2026\/04\/Partnerzy-1-300x300.jpg 300w, https:\/\/gazetaregionalna.com\/wp-content\/uploads\/2026\/04\/Partnerzy-1-150x150.jpg 150w, https:\/\/gazetaregionalna.com\/wp-content\/uploads\/2026\/04\/Partnerzy-1-768x768.jpg 768w, https:\/\/gazetaregionalna.com\/wp-content\/uploads\/2026\/04\/Partnerzy-1-215x215.jpg 215w, https:\/\/gazetaregionalna.com\/wp-content\/uploads\/2026\/04\/Partnerzy-1.jpg 1200w\" data-sizes=\"(max-width: 1024px) 100vw, 1024px\" src=\"data:image\/svg+xml;base64,PHN2ZyB3aWR0aD0iMSIgaGVpZ2h0PSIxIiB4bWxucz0iaHR0cDovL3d3dy53My5vcmcvMjAwMC9zdmciPjwvc3ZnPg==\" style=\"--smush-placeholder-width: 1024px; --smush-placeholder-aspect-ratio: 1024\/1024;\" \/><\/figure>\n\n\n\n<figure class=\"wp-block-image size-large\"><img decoding=\"async\" width=\"1024\" height=\"1024\" data-id=\"148219\" data-src=\"https:\/\/gazetaregionalna.com\/wp-content\/uploads\/2026\/04\/Partnerzy-7-1024x1024.jpg\" alt=\"\" class=\"wp-image-148219 lazyload\" data-srcset=\"https:\/\/gazetaregionalna.com\/wp-content\/uploads\/2026\/04\/Partnerzy-7-1024x1024.jpg 1024w, https:\/\/gazetaregionalna.com\/wp-content\/uploads\/2026\/04\/Partnerzy-7-300x300.jpg 300w, https:\/\/gazetaregionalna.com\/wp-content\/uploads\/2026\/04\/Partnerzy-7-150x150.jpg 150w, https:\/\/gazetaregionalna.com\/wp-content\/uploads\/2026\/04\/Partnerzy-7-768x768.jpg 768w, https:\/\/gazetaregionalna.com\/wp-content\/uploads\/2026\/04\/Partnerzy-7-215x215.jpg 215w, https:\/\/gazetaregionalna.com\/wp-content\/uploads\/2026\/04\/Partnerzy-7.jpg 1080w\" data-sizes=\"(max-width: 1024px) 100vw, 1024px\" src=\"data:image\/svg+xml;base64,PHN2ZyB3aWR0aD0iMSIgaGVpZ2h0PSIxIiB4bWxucz0iaHR0cDovL3d3dy53My5vcmcvMjAwMC9zdmciPjwvc3ZnPg==\" style=\"--smush-placeholder-width: 1024px; --smush-placeholder-aspect-ratio: 1024\/1024;\" \/><\/figure>\n\n\n\n<figure class=\"wp-block-image size-large\"><img decoding=\"async\" width=\"1024\" height=\"1024\" data-id=\"148218\" data-src=\"https:\/\/gazetaregionalna.com\/wp-content\/uploads\/2026\/04\/Partnerzy-6-1024x1024.jpeg\" alt=\"\" class=\"wp-image-148218 lazyload\" data-srcset=\"https:\/\/gazetaregionalna.com\/wp-content\/uploads\/2026\/04\/Partnerzy-6-1024x1024.jpeg 1024w, https:\/\/gazetaregionalna.com\/wp-content\/uploads\/2026\/04\/Partnerzy-6-300x300.jpeg 300w, https:\/\/gazetaregionalna.com\/wp-content\/uploads\/2026\/04\/Partnerzy-6-150x150.jpeg 150w, https:\/\/gazetaregionalna.com\/wp-content\/uploads\/2026\/04\/Partnerzy-6-768x768.jpeg 768w, https:\/\/gazetaregionalna.com\/wp-content\/uploads\/2026\/04\/Partnerzy-6-215x215.jpeg 215w, https:\/\/gazetaregionalna.com\/wp-content\/uploads\/2026\/04\/Partnerzy-6.jpeg 1080w\" data-sizes=\"(max-width: 1024px) 100vw, 1024px\" src=\"data:image\/svg+xml;base64,PHN2ZyB3aWR0aD0iMSIgaGVpZ2h0PSIxIiB4bWxucz0iaHR0cDovL3d3dy53My5vcmcvMjAwMC9zdmciPjwvc3ZnPg==\" style=\"--smush-placeholder-width: 1024px; --smush-placeholder-aspect-ratio: 1024\/1024;\" \/><\/figure>\n\n\n\n<figure class=\"wp-block-image size-large\"><img decoding=\"async\" width=\"750\" height=\"200\" data-id=\"148363\" data-src=\"https:\/\/gazetaregionalna.com\/wp-content\/uploads\/2026\/04\/Partnerzy-10.png\" alt=\"\" class=\"wp-image-148363 lazyload\" data-srcset=\"https:\/\/gazetaregionalna.com\/wp-content\/uploads\/2026\/04\/Partnerzy-10.png 750w, https:\/\/gazetaregionalna.com\/wp-content\/uploads\/2026\/04\/Partnerzy-10-300x80.png 300w\" data-sizes=\"(max-width: 750px) 100vw, 750px\" src=\"data:image\/svg+xml;base64,PHN2ZyB3aWR0aD0iMSIgaGVpZ2h0PSIxIiB4bWxucz0iaHR0cDovL3d3dy53My5vcmcvMjAwMC9zdmciPjwvc3ZnPg==\" style=\"--smush-placeholder-width: 750px; --smush-placeholder-aspect-ratio: 750\/200;\" \/><\/figure>\n\n\n\n<figure class=\"wp-block-image size-large\"><img decoding=\"async\" width=\"1024\" height=\"1024\" data-id=\"148216\" data-src=\"https:\/\/gazetaregionalna.com\/wp-content\/uploads\/2026\/04\/Partnerzy-4-1024x1024.jpg\" alt=\"\" class=\"wp-image-148216 lazyload\" data-srcset=\"https:\/\/gazetaregionalna.com\/wp-content\/uploads\/2026\/04\/Partnerzy-4-1024x1024.jpg 1024w, https:\/\/gazetaregionalna.com\/wp-content\/uploads\/2026\/04\/Partnerzy-4-300x300.jpg 300w, https:\/\/gazetaregionalna.com\/wp-content\/uploads\/2026\/04\/Partnerzy-4-150x150.jpg 150w, https:\/\/gazetaregionalna.com\/wp-content\/uploads\/2026\/04\/Partnerzy-4-768x768.jpg 768w, https:\/\/gazetaregionalna.com\/wp-content\/uploads\/2026\/04\/Partnerzy-4-215x215.jpg 215w, https:\/\/gazetaregionalna.com\/wp-content\/uploads\/2026\/04\/Partnerzy-4.jpg 1080w\" data-sizes=\"(max-width: 1024px) 100vw, 1024px\" src=\"data:image\/svg+xml;base64,PHN2ZyB3aWR0aD0iMSIgaGVpZ2h0PSIxIiB4bWxucz0iaHR0cDovL3d3dy53My5vcmcvMjAwMC9zdmciPjwvc3ZnPg==\" style=\"--smush-placeholder-width: 1024px; --smush-placeholder-aspect-ratio: 1024\/1024;\" \/><\/figure>\n\n\n\n<figure class=\"wp-block-image size-large\"><img decoding=\"async\" width=\"718\" height=\"735\" data-id=\"148215\" data-src=\"https:\/\/gazetaregionalna.com\/wp-content\/uploads\/2026\/04\/Partnerzy-3.jpg\" alt=\"\" class=\"wp-image-148215 lazyload\" data-srcset=\"https:\/\/gazetaregionalna.com\/wp-content\/uploads\/2026\/04\/Partnerzy-3.jpg 718w, https:\/\/gazetaregionalna.com\/wp-content\/uploads\/2026\/04\/Partnerzy-3-293x300.jpg 293w\" data-sizes=\"(max-width: 718px) 100vw, 718px\" src=\"data:image\/svg+xml;base64,PHN2ZyB3aWR0aD0iMSIgaGVpZ2h0PSIxIiB4bWxucz0iaHR0cDovL3d3dy53My5vcmcvMjAwMC9zdmciPjwvc3ZnPg==\" style=\"--smush-placeholder-width: 718px; --smush-placeholder-aspect-ratio: 718\/735;\" \/><\/figure>\n\n\n\n<figure class=\"wp-block-image size-large\"><img decoding=\"async\" width=\"1024\" height=\"584\" data-id=\"148214\" data-src=\"https:\/\/gazetaregionalna.com\/wp-content\/uploads\/2026\/04\/Partnerzy-2-1024x584.jpg\" alt=\"\" class=\"wp-image-148214 lazyload\" data-srcset=\"https:\/\/gazetaregionalna.com\/wp-content\/uploads\/2026\/04\/Partnerzy-2-1024x584.jpg 1024w, https:\/\/gazetaregionalna.com\/wp-content\/uploads\/2026\/04\/Partnerzy-2-300x171.jpg 300w, https:\/\/gazetaregionalna.com\/wp-content\/uploads\/2026\/04\/Partnerzy-2-768x438.jpg 768w, https:\/\/gazetaregionalna.com\/wp-content\/uploads\/2026\/04\/Partnerzy-2.jpg 1200w\" data-sizes=\"(max-width: 1024px) 100vw, 1024px\" src=\"data:image\/svg+xml;base64,PHN2ZyB3aWR0aD0iMSIgaGVpZ2h0PSIxIiB4bWxucz0iaHR0cDovL3d3dy53My5vcmcvMjAwMC9zdmciPjwvc3ZnPg==\" style=\"--smush-placeholder-width: 1024px; --smush-placeholder-aspect-ratio: 1024\/584;\" \/><\/figure>\n<\/figure>\n","protected":false},"excerpt":{"rendered":"<p>\u017bu\u017clowcy Krono-Plast W\u0142\u00f3kniarz Cz\u0119stochowa w trzecim meczu sezonu w PGE Ekstralidze przegrali u siebie z mistrzem Polski Pres Grupa Deweloperska Toru\u0144. To trzecia pora\u017cka<\/p>\n","protected":false},"author":15,"featured_media":148019,"comment_status":"closed","ping_status":"open","sticky":false,"template":"","format":"standard","meta":{"_monsterinsights_skip_tracking":false,"_monsterinsights_sitenote_active":false,"_monsterinsights_sitenote_note":"","_monsterinsights_sitenote_category":0,"_uf_show_specific_survey":0,"_uf_disable_surveys":false,"footnotes":""},"categories":[94,5,7],"tags":[],"class_list":["post-148589","post","type-post","status-publish","format-standard","has-post-thumbnail","hentry","category-polecane","category-sport","category-zuzel"],"_links":{"self":[{"href":"https:\/\/gazetaregionalna.com\/index.php?rest_route=\/wp\/v2\/posts\/148589","targetHints":{"allow":["GET"]}}],"collection":[{"href":"https:\/\/gazetaregionalna.com\/index.php?rest_route=\/wp\/v2\/posts"}],"about":[{"href":"https:\/\/gazetaregionalna.com\/index.php?rest_route=\/wp\/v2\/types\/post"}],"author":[{"embeddable":true,"href":"https:\/\/gazetaregionalna.com\/index.php?rest_route=\/wp\/v2\/users\/15"}],"replies":[{"embeddable":true,"href":"https:\/\/gazetaregionalna.com\/index.php?rest_route=%2Fwp%2Fv2%2Fcomments&post=148589"}],"version-history":[{"count":1,"href":"https:\/\/gazetaregionalna.com\/index.php?rest_route=\/wp\/v2\/posts\/148589\/revisions"}],"predecessor-version":[{"id":148590,"href":"https:\/\/gazetaregionalna.com\/index.php?rest_route=\/wp\/v2\/posts\/148589\/revisions\/148590"}],"wp:featuredmedia":[{"embeddable":true,"href":"https:\/\/gazetaregionalna.com\/index.php?rest_route=\/wp\/v2\/media\/148019"}],"wp:attachment":[{"href":"https:\/\/gazetaregionalna.com\/index.php?rest_route=%2Fwp%2Fv2%2Fmedia&parent=148589"}],"wp:term":[{"taxonomy":"category","embeddable":true,"href":"https:\/\/gazetaregionalna.com\/index.php?rest_route=%2Fwp%2Fv2%2Fcategories&post=148589"},{"taxonomy":"post_tag","embeddable":true,"href":"https:\/\/gazetaregionalna.com\/index.php?rest_route=%2Fwp%2Fv2%2Ftags&post=148589"}],"curies":[{"name":"wp","href":"https:\/\/api.w.org\/{rel}","templated":true}]}}