{"id":14855,"date":"2020-06-25T07:25:24","date_gmt":"2020-06-25T07:25:24","guid":{"rendered":"https:\/\/gazetaregionalna.com\/?p=14855"},"modified":"2020-06-25T07:25:26","modified_gmt":"2020-06-25T07:25:26","slug":"w-radomsku","status":"publish","type":"post","link":"https:\/\/gazetaregionalna.com\/?p=14855","title":{"rendered":"Uwaga! Pokaz europejskich kaskader\u00f3w filmowych tylko 28 czerwca w Radomsku"},"content":{"rendered":"\n<h2 class=\"wp-block-heading\"> W niedziel\u0119 na parkingu przed Galeri\u0105 Radomsko ul. Metalurgii w Radomsku o godzinie 15:00 i 18:00 odb\u0119dzie si\u0119 pokaz najlepszych europejskich kaskader\u00f3w filmowych. <\/h2>\n\n\n\n<p>Organizator&nbsp;\ngwarantuje widzom zmagania na najwy\u017cszym poziomie po\u0142\u0105czone z\nekstremalnym widowiskiem:<\/p>\n\n\n\n<ul class=\"wp-block-list\"><li>pokazy DRIFTU, zapach palonej gumy, huk\nrozgrzanych do czerwono\u015bci silnik\u00f3w k\u0142\u0119by dymu,<\/li><li>kontrolowane wypadki,<\/li><li>przejazdy przez \u015bcian\u0119 ognia z cz\u0142owiekiem na\nmasce,<\/li><li>przebijanie g\u0142ow\u0105 p\u0142on\u0105cej \u015bciany b\u0119d\u0105c\njednocze\u015bnie na masce BMW,<\/li><li>jazda na bocznych ko\u0142ach samochod\u00f3w i Quad\u00f3w,<\/li><li>jazda MONSTER TRUCKIEM, niszczycielskie,\nnajwi\u0119ksze auta, najmocniejsze silniki i zaciek\u0142a jazda,<\/li><li>a je\u015bli kto\u015b uwa\u017ca, \u017ce ekstremalna jazda to\nhobby przeznaczone dla m\u0119\u017cczyzn z tego b\u0142\u0119du wyprowadzi go Rajmund, bior\u0105c z\npubliczno\u015bci odwa\u017cne kobiety do przeja\u017cd\u017cki SAMOCHODEM NA DW\u00d3CH KO\u0141ACH<\/li><li>i to nowe \u201cCO\u015a\u201d \u2013 jedyny w Polsce &nbsp;AUTOROBOT -niepowtarzalna okazja do zobaczenia\nz bliska cud\u00f3w motoryzacyjnej techniki,<\/li><li>jedyny w POLSCE DRAGSTER!<\/li><\/ul>\n\n\n\n<p>Dodatkowo na koniec pokazu\u00a0 najm\u0142odsi fani b\u0119d\u0105 mogli zupe\u0142nie za FREE przejecha\u0107 si\u0119 jednym z\u00a0 pot\u0119\u017cnych MONSTER TRUCK\u00d3W!!!<\/p>\n\n\n\n<p>Do wsp\u00f3lnej zabawy pe\u0142nej emocji\u00a0 i niezapomnianych wspomnie\u0144 \u00a0zaprasza organizator imprezy <a href=\"https:\/\/www.facebook.com\/extremcascadersteam\" class=\"rank-math-link\" target=\"_blank\" rel=\"noopener\">R-STUNTS<\/a> i informuje, \u017ce bilety b\u0119dzie mo\u017cna naby\u0107 w jego kasach tu\u017c przed danym programem.<\/p>\n\n\n\n<p>Ceny bilet\u00f3w:<\/p>\n\n\n\n<ul class=\"wp-block-list\"><li> do 3 lat GRATIS<\/li><li> od 3 do 10 lat 20 z\u0142<\/li><li> od 10 do 17 lat 30 z\u0142<\/li><li> doro\u015bli 40 z\u0142<\/li><\/ul>\n\n\n\n<p>Tego nie mo\u017cna przegapi\u0107 !<\/p>\n\n\n\n<figure class=\"wp-block-image size-large\"><img decoding=\"async\" width=\"585\" height=\"1024\" data-src=\"https:\/\/gazetaregionalna.com\/wp-content\/uploads\/2020\/06\/Radomsko-28.06-585x1024.jpg\" alt=\"\" class=\"wp-image-14856 lazyload\" data-srcset=\"https:\/\/gazetaregionalna.com\/wp-content\/uploads\/2020\/06\/Radomsko-28.06-585x1024.jpg 585w, https:\/\/gazetaregionalna.com\/wp-content\/uploads\/2020\/06\/Radomsko-28.06-171x300.jpg 171w, https:\/\/gazetaregionalna.com\/wp-content\/uploads\/2020\/06\/Radomsko-28.06-768x1344.jpg 768w, https:\/\/gazetaregionalna.com\/wp-content\/uploads\/2020\/06\/Radomsko-28.06-878x1536.jpg 878w, https:\/\/gazetaregionalna.com\/wp-content\/uploads\/2020\/06\/Radomsko-28.06-696x1218.jpg 696w, https:\/\/gazetaregionalna.com\/wp-content\/uploads\/2020\/06\/Radomsko-28.06-1068x1869.jpg 1068w, https:\/\/gazetaregionalna.com\/wp-content\/uploads\/2020\/06\/Radomsko-28.06-240x420.jpg 240w, https:\/\/gazetaregionalna.com\/wp-content\/uploads\/2020\/06\/Radomsko-28.06.jpg 914w\" data-sizes=\"(max-width: 585px) 100vw, 585px\" src=\"data:image\/svg+xml;base64,PHN2ZyB3aWR0aD0iMSIgaGVpZ2h0PSIxIiB4bWxucz0iaHR0cDovL3d3dy53My5vcmcvMjAwMC9zdmciPjwvc3ZnPg==\" style=\"--smush-placeholder-width: 585px; --smush-placeholder-aspect-ratio: 585\/1024;\" \/><figcaption> (Fot. R-STUNTS)<\/figcaption><\/figure>\n\n\n\n<p>[post_gallery]<\/p>\n\n\n\n<p>(\u0179r\u00f3d\u0142o: R-STUNTS)<\/p>\n","protected":false},"excerpt":{"rendered":"<p>W niedziel\u0119 na parkingu przed Galeri\u0105 Radomsko ul. Metalurgii w Radomsku o godzinie 15:00 i 18:00 odb\u0119dzie si\u0119 pokaz najlepszych europejskich kaskader\u00f3w filmowych. Organizator&nbsp;<\/p>\n","protected":false},"author":12,"featured_media":14516,"comment_status":"open","ping_status":"open","sticky":false,"template":"","format":"standard","meta":{"_monsterinsights_skip_tracking":false,"_monsterinsights_sitenote_active":false,"_monsterinsights_sitenote_note":"","_monsterinsights_sitenote_category":0,"_uf_show_specific_survey":0,"_uf_disable_surveys":false,"footnotes":""},"categories":[12,18,94,28,13],"tags":[],"class_list":["post-14855","post","type-post","status-publish","format-standard","has-post-thumbnail","hentry","category-kultura-i-rozrywka","category-motoryzacja","category-polecane","category-radomsko","category-wydarzenia"],"_links":{"self":[{"href":"https:\/\/gazetaregionalna.com\/index.php?rest_route=\/wp\/v2\/posts\/14855","targetHints":{"allow":["GET"]}}],"collection":[{"href":"https:\/\/gazetaregionalna.com\/index.php?rest_route=\/wp\/v2\/posts"}],"about":[{"href":"https:\/\/gazetaregionalna.com\/index.php?rest_route=\/wp\/v2\/types\/post"}],"author":[{"embeddable":true,"href":"https:\/\/gazetaregionalna.com\/index.php?rest_route=\/wp\/v2\/users\/12"}],"replies":[{"embeddable":true,"href":"https:\/\/gazetaregionalna.com\/index.php?rest_route=%2Fwp%2Fv2%2Fcomments&post=14855"}],"version-history":[{"count":1,"href":"https:\/\/gazetaregionalna.com\/index.php?rest_route=\/wp\/v2\/posts\/14855\/revisions"}],"predecessor-version":[{"id":14857,"href":"https:\/\/gazetaregionalna.com\/index.php?rest_route=\/wp\/v2\/posts\/14855\/revisions\/14857"}],"wp:featuredmedia":[{"embeddable":true,"href":"https:\/\/gazetaregionalna.com\/index.php?rest_route=\/wp\/v2\/media\/14516"}],"wp:attachment":[{"href":"https:\/\/gazetaregionalna.com\/index.php?rest_route=%2Fwp%2Fv2%2Fmedia&parent=14855"}],"wp:term":[{"taxonomy":"category","embeddable":true,"href":"https:\/\/gazetaregionalna.com\/index.php?rest_route=%2Fwp%2Fv2%2Fcategories&post=14855"},{"taxonomy":"post_tag","embeddable":true,"href":"https:\/\/gazetaregionalna.com\/index.php?rest_route=%2Fwp%2Fv2%2Ftags&post=14855"}],"curies":[{"name":"wp","href":"https:\/\/api.w.org\/{rel}","templated":true}]}}