{"id":14746,"date":"2020-06-23T09:28:48","date_gmt":"2020-06-23T09:28:48","guid":{"rendered":"https:\/\/gazetaregionalna.com\/?p=14746"},"modified":"2020-06-23T09:28:49","modified_gmt":"2020-06-23T09:28:49","slug":"z-okazji-dnia-ojca","status":"publish","type":"post","link":"https:\/\/gazetaregionalna.com\/?p=14746","title":{"rendered":"Z okazji Dnia Ojca konkurs radiowy."},"content":{"rendered":"\n<h2 class=\"wp-block-heading\">Z okazji Dnia Ojca sier\u017c. szt. Mariola Kowalczyk &#8211; Tr\u0105bska i st. sier\u017c. Aneta Saternus z Cz\u0119stochowskiej Drog\u00f3wki przygotowa\u0142y pytania skierowane do kierowc\u00f3w. B\u0119d\u0105 one dzisiaj emitowane na antenie radia Jura.<\/h2>\n\n\n\n<p>Ka\u017cdy, kto zadzwoni do radia i udzieli prawid\u0142owej odpowiedzi, otrzyma upominek. <\/p>\n\n\n\n<p>Pytania b\u0119d\u0105 oczywi\u015bcie z zakresu ruchu drogowego, kt\u00f3re maj\u0105 w jakim\u015b stopniu dodatkowo u\u015bwiadomi\u0107 u\u017cytkownik\u00f3w dr\u00f3g na temat bezpiecze\u0144stwa. <\/p>\n\n\n\n<p>(\u0179r\u00f3d\u0142o: KMP w Cz\u0119stochowie)<\/p>\n","protected":false},"excerpt":{"rendered":"<p>Z okazji Dnia Ojca sier\u017c. szt. Mariola Kowalczyk &#8211; Tr\u0105bska i st. sier\u017c. Aneta Saternus z Cz\u0119stochowskiej Drog\u00f3wki przygotowa\u0142y pytania skierowane do kierowc\u00f3w. B\u0119d\u0105<\/p>\n","protected":false},"author":12,"featured_media":14747,"comment_status":"open","ping_status":"open","sticky":false,"template":"","format":"standard","meta":{"_monsterinsights_skip_tracking":false,"_monsterinsights_sitenote_active":false,"_monsterinsights_sitenote_note":"","_monsterinsights_sitenote_category":0,"_uf_show_specific_survey":0,"_uf_disable_surveys":false,"footnotes":""},"categories":[13,3,94],"tags":[],"class_list":["post-14746","post","type-post","status-publish","format-standard","has-post-thumbnail","hentry","category-wydarzenia","category-czestochowa-informacje","category-polecane"],"_links":{"self":[{"href":"https:\/\/gazetaregionalna.com\/index.php?rest_route=\/wp\/v2\/posts\/14746","targetHints":{"allow":["GET"]}}],"collection":[{"href":"https:\/\/gazetaregionalna.com\/index.php?rest_route=\/wp\/v2\/posts"}],"about":[{"href":"https:\/\/gazetaregionalna.com\/index.php?rest_route=\/wp\/v2\/types\/post"}],"author":[{"embeddable":true,"href":"https:\/\/gazetaregionalna.com\/index.php?rest_route=\/wp\/v2\/users\/12"}],"replies":[{"embeddable":true,"href":"https:\/\/gazetaregionalna.com\/index.php?rest_route=%2Fwp%2Fv2%2Fcomments&post=14746"}],"version-history":[{"count":1,"href":"https:\/\/gazetaregionalna.com\/index.php?rest_route=\/wp\/v2\/posts\/14746\/revisions"}],"predecessor-version":[{"id":14748,"href":"https:\/\/gazetaregionalna.com\/index.php?rest_route=\/wp\/v2\/posts\/14746\/revisions\/14748"}],"wp:featuredmedia":[{"embeddable":true,"href":"https:\/\/gazetaregionalna.com\/index.php?rest_route=\/wp\/v2\/media\/14747"}],"wp:attachment":[{"href":"https:\/\/gazetaregionalna.com\/index.php?rest_route=%2Fwp%2Fv2%2Fmedia&parent=14746"}],"wp:term":[{"taxonomy":"category","embeddable":true,"href":"https:\/\/gazetaregionalna.com\/index.php?rest_route=%2Fwp%2Fv2%2Fcategories&post=14746"},{"taxonomy":"post_tag","embeddable":true,"href":"https:\/\/gazetaregionalna.com\/index.php?rest_route=%2Fwp%2Fv2%2Ftags&post=14746"}],"curies":[{"name":"wp","href":"https:\/\/api.w.org\/{rel}","templated":true}]}}