{"id":147150,"date":"2026-03-13T15:32:08","date_gmt":"2026-03-13T15:32:08","guid":{"rendered":"https:\/\/gazetaregionalna.com\/?p=147150"},"modified":"2026-03-13T15:35:03","modified_gmt":"2026-03-13T15:35:03","slug":"klimas-wkret-met-z-tytulem-budowlana-firma-roku-wyroznienia-builder-awards-2025-dla-firmy-i-jej-zalozycieli","status":"publish","type":"post","link":"https:\/\/gazetaregionalna.com\/?p=147150","title":{"rendered":"Klimas Wkr\u0119t-met z tytu\u0142em Budowlana Firma Roku. Wyr\u00f3\u017cnienia Builder Awards 2025 dla firmy i jej za\u0142o\u017cycieli!"},"content":{"rendered":"\n<p>Klimas Wkr\u0119t-met zosta\u0142 uhonorowany tytu\u0142em Budowlanej Firmy Roku 2025 podczas tegorocznej<br>gali Builder Awards. Kapitu\u0142a konkursu przyzna\u0142a r\u00f3wnie\u017c wyr\u00f3\u017cnienie Osobowo\u015b\u0107 Bran\u017cy<br>za\u0142o\u017cycielom firmy \u2013 Joannie i Wojciechowi Klimasom. Nagrody przyznawane przez Builder Polska<br>nale\u017c\u0105 do najbardziej presti\u017cowych wyr\u00f3\u017cnie\u0144 w polskim sektorze budownictwa.<\/p>\n\n\n\n<p>Dla Klimas Wkr\u0119t-met, jednego z lider\u00f3w produkcji zamocowa\u0144 budowlanych w Europie, jest to kolejne<br>wyr\u00f3\u017cnienie przyznane przez redakcj\u0119 magazynu Builder. Jednak \u2013 jak podkre\u015blaj\u0105 przedstawiciele firmy<br>\u2013 ka\u017cdorazowo stanowi ono wa\u017cny moment: refleksji i podsumowania drogi, jak\u0105 marka przesz\u0142a w ci\u0105gu<br>ponad 35 lat dzia\u0142alno\u015bci na rynku system\u00f3w zamocowa\u0144.<\/p>\n\n\n\n<figure class=\"wp-block-image size-large\"><img decoding=\"async\" width=\"1024\" height=\"1024\" data-src=\"https:\/\/gazetaregionalna.com\/wp-content\/uploads\/2026\/03\/Builder-Awards2025-1-1024x1024.jpg\" alt=\"\" class=\"wp-image-147152 lazyload\" data-srcset=\"https:\/\/gazetaregionalna.com\/wp-content\/uploads\/2026\/03\/Builder-Awards2025-1-1024x1024.jpg 1024w, https:\/\/gazetaregionalna.com\/wp-content\/uploads\/2026\/03\/Builder-Awards2025-1-300x300.jpg 300w, https:\/\/gazetaregionalna.com\/wp-content\/uploads\/2026\/03\/Builder-Awards2025-1-150x150.jpg 150w, https:\/\/gazetaregionalna.com\/wp-content\/uploads\/2026\/03\/Builder-Awards2025-1-768x768.jpg 768w, https:\/\/gazetaregionalna.com\/wp-content\/uploads\/2026\/03\/Builder-Awards2025-1-215x215.jpg 215w, https:\/\/gazetaregionalna.com\/wp-content\/uploads\/2026\/03\/Builder-Awards2025-1.jpg 1080w\" data-sizes=\"(max-width: 1024px) 100vw, 1024px\" src=\"data:image\/svg+xml;base64,PHN2ZyB3aWR0aD0iMSIgaGVpZ2h0PSIxIiB4bWxucz0iaHR0cDovL3d3dy53My5vcmcvMjAwMC9zdmciPjwvc3ZnPg==\" style=\"--smush-placeholder-width: 1024px; --smush-placeholder-aspect-ratio: 1024\/1024;\" \/><\/figure>\n\n\n\n<p><br><strong>Spotkanie lider\u00f3w bran\u017cy budowlanej<\/strong><br>Gala Builder Awards to jedno z najwa\u017cniejszych dorocznych wydarze\u0144 integruj\u0105cych \u015brodowisko bran\u017cy<br>budowlanej w Polsce. Uczestnicz\u0105 w nim przedstawiciele biznesu, \u015bwiata nauki oraz architektury,<br>mened\u017cerowie firm budowlanych, eksperci bran\u017cowi oraz projektanci.<br>Ide\u0105 wydarzenia jest wyr\u00f3\u017cnianie przedsi\u0119biorstw i lider\u00f3w, kt\u00f3rzy w szczeg\u00f3lny spos\u00f3b przyczyniaj\u0105 si\u0119<br>do rozwoju sektora budownictwa poprzez wdra\u017canie innowacji, odpowiedzialne zarz\u0105dzanie oraz<br>rozwijanie nowoczesnych, zr\u00f3wnowa\u017conych rozwi\u0105za\u0144.<\/p>\n\n\n\n<p><br><strong>Sprawnie dzia\u0142aj\u0105ca maszyna<\/strong><br>Jak podkre\u015blaj\u0105 przedstawiciele Klimas Wkr\u0119t-met, przyznany tytu\u0142 jest tak naprawd\u0119 wyr\u00f3\u017cnieniem dla<br>ca\u0142ego zespo\u0142u. Za sukcesem stoj\u0105 osoby odpowiedzialne zar\u00f3wno za produkcj\u0119, rozw\u00f3j technologii,<br>kontrol\u0119 jako\u015bci, logistyk\u0119, rozpoznawalno\u015b\u0107 marki czy sprzeda\u017c i zarz\u0105dzanie.<br>W firmie cz\u0119sto powtarza si\u0119, \u017ce wkr\u0119ty s\u0105 ma\u0142ymi bohaterami ka\u017cdej konstrukcji. Tym wi\u0119ksz\u0105<br>satysfakcj\u0119 przynosi fakt, \u017ce bran\u017ca docenia tak\u017ce tych, kt\u00f3rzy stoj\u0105 za ich powstaniem \u2013 specjalist\u00f3w<br>dbaj\u0105cych o wysok\u0105 jako\u015b\u0107 produkt\u00f3w, niezawodno\u015b\u0107 rozwi\u0105za\u0144 oraz budowanie trwa\u0142ych relacji<br>biznesowych.<br>Otrzymane tytu\u0142y: Budowlanej Firmy Roku 2025 i Osobowo\u015bci Bran\u017cy dla jej za\u0142o\u017cycieli Joanny i<br>Wojciecha Klimas\u00f3w stanowi potwierdzenie pozycji Klimas Wkr\u0119t-met jako jednego z kluczowych<br>producent\u00f3w system\u00f3w zamocowa\u0144 oraz solidnego partnera dla bran\u017cy budowlanej w Polsce i na rynkach mi\u0119dzynarodowych.<\/p>\n","protected":false},"excerpt":{"rendered":"<p>Klimas Wkr\u0119t-met zosta\u0142 uhonorowany tytu\u0142em Budowlanej Firmy Roku 2025 podczas tegorocznejgali Builder Awards. Kapitu\u0142a konkursu przyzna\u0142a r\u00f3wnie\u017c wyr\u00f3\u017cnienie Osobowo\u015b\u0107 Bran\u017cyza\u0142o\u017cycielom firmy \u2013 Joannie i<\/p>\n","protected":false},"author":34,"featured_media":147154,"comment_status":"closed","ping_status":"open","sticky":false,"template":"","format":"standard","meta":{"_monsterinsights_skip_tracking":false,"_monsterinsights_sitenote_active":false,"_monsterinsights_sitenote_note":"","_monsterinsights_sitenote_category":0,"_uf_show_specific_survey":0,"_uf_disable_surveys":false,"footnotes":""},"categories":[20,43,1],"tags":[10402,10400,8796,10401],"class_list":["post-147150","post","type-post","status-publish","format-standard","has-post-thumbnail","hentry","category-budownictwo","category-biznes","category-uncategorized","tag-builder-awards-2025","tag-joanna-klimas","tag-klimas-wkret-met","tag-wojciech-klimas"],"_links":{"self":[{"href":"https:\/\/gazetaregionalna.com\/index.php?rest_route=\/wp\/v2\/posts\/147150","targetHints":{"allow":["GET"]}}],"collection":[{"href":"https:\/\/gazetaregionalna.com\/index.php?rest_route=\/wp\/v2\/posts"}],"about":[{"href":"https:\/\/gazetaregionalna.com\/index.php?rest_route=\/wp\/v2\/types\/post"}],"author":[{"embeddable":true,"href":"https:\/\/gazetaregionalna.com\/index.php?rest_route=\/wp\/v2\/users\/34"}],"replies":[{"embeddable":true,"href":"https:\/\/gazetaregionalna.com\/index.php?rest_route=%2Fwp%2Fv2%2Fcomments&post=147150"}],"version-history":[{"count":3,"href":"https:\/\/gazetaregionalna.com\/index.php?rest_route=\/wp\/v2\/posts\/147150\/revisions"}],"predecessor-version":[{"id":147156,"href":"https:\/\/gazetaregionalna.com\/index.php?rest_route=\/wp\/v2\/posts\/147150\/revisions\/147156"}],"wp:featuredmedia":[{"embeddable":true,"href":"https:\/\/gazetaregionalna.com\/index.php?rest_route=\/wp\/v2\/media\/147154"}],"wp:attachment":[{"href":"https:\/\/gazetaregionalna.com\/index.php?rest_route=%2Fwp%2Fv2%2Fmedia&parent=147150"}],"wp:term":[{"taxonomy":"category","embeddable":true,"href":"https:\/\/gazetaregionalna.com\/index.php?rest_route=%2Fwp%2Fv2%2Fcategories&post=147150"},{"taxonomy":"post_tag","embeddable":true,"href":"https:\/\/gazetaregionalna.com\/index.php?rest_route=%2Fwp%2Fv2%2Ftags&post=147150"}],"curies":[{"name":"wp","href":"https:\/\/api.w.org\/{rel}","templated":true}]}}