{"id":147145,"date":"2026-03-12T12:38:42","date_gmt":"2026-03-12T12:38:42","guid":{"rendered":"https:\/\/gazetaregionalna.com\/?p=147145"},"modified":"2026-03-12T12:38:45","modified_gmt":"2026-03-12T12:38:45","slug":"eko-4","status":"publish","type":"post","link":"https:\/\/gazetaregionalna.com\/?p=147145","title":{"rendered":"Ekologiczne ABC. Czego nie wrzuca\u0107 do \u015bmietnika? Oto lista rzeczy, kt\u00f3re nie powinny tam trafi\u0107"},"content":{"rendered":"\n<h4 class=\"wp-block-heading\"><strong>Segregacja odpad\u00f3w sta\u0142a si\u0119 codzienno\u015bci\u0105 w wi\u0119kszo\u015bci gospodarstw domowych. Mimo to w odpadach zmieszanych wci\u0105\u017c znajduj\u0105 si\u0119 przedmioty, kt\u00f3re nigdy nie powinny tam trafi\u0107. Elektroodpady, leki, tekstylia czy gruz nadal zbyt cz\u0119sto l\u0105duj\u0105 w zwyk\u0142ym koszu. Ten ekologiczny problem nie wynika wy\u0142\u0105cznie z braku dobrej woli, ale cz\u0119sto z niepewno\u015bci, gdzie dany przedmiot odda\u0107.<\/strong><\/h4>\n\n\n\n<p>Z danych G\u0142\u00f3wnego Urz\u0119du Statystycznego wynika, \u017ce w 2024 roku z gospodarstw domowych odebrano 12,2 mln ton odpad\u00f3w komunalnych, co stanowi\u0142o 86,2 proc. wszystkich wytworzonych odpad\u00f3w komunalnych. Ponad po\u0142owa z nich trafi\u0142a do odzysku, jednak to wci\u0105\u017c za ma\u0142o. Najcz\u0119\u015bciej do odpad\u00f3w zmieszanych trafiaj\u0105 rzeczy, kt\u00f3rych mieszka\u0144cy nie kojarz\u0105 z systemem selektywnej zbi\u00f3rki. To drobny sprz\u0119t elektryczny, przeterminowane leki, zu\u017cyte baterie czy tekstylia. Tymczasem dla ka\u017cdej z tych frakcji istnieje odr\u0119bna \u015bcie\u017cka post\u0119powania.<\/p>\n\n\n\n<p><strong>Elektroodpady i sprz\u0119t AGD<\/strong><\/p>\n\n\n\n<p>Zu\u017cyty sprz\u0119t elektroniczny nie powinien trafia\u0107 do kosza na odpady zmieszane. Dotyczy to zar\u00f3wno du\u017cego AGD, jak i drobnych urz\u0105dze\u0144 \u2013 czajnik\u00f3w, suszarek, \u0142adowarek, zabawek na baterie czy telefon\u00f3w. Zawieraj\u0105 one metale oraz elementy, kt\u00f3re mog\u0105 zosta\u0107 poddane recyklingowi. Sprz\u0119t mo\u017cna odda\u0107 do Punktu Selektywnego Zbierania Odpad\u00f3w Komunalnych (PSZOK), a w przypadku zakupu nowego urz\u0105dzenia \u2013 przekaza\u0107 sprzedawcy w ramach zasady \u201esprz\u0119t za sprz\u0119t\u201d. W wielu miejscowo\u015bciach dzia\u0142aj\u0105 r\u00f3wnie\u017c czerwone pojemniki na ma\u0142e urz\u0105dzenia elektryczne i baterie.<\/p>\n\n\n\n<p><strong>Leki i odpady niebezpieczne<\/strong><\/p>\n\n\n\n<p>Przeterminowanych lek\u00f3w nie nale\u017cy wyrzuca\u0107 ani do kosza, ani do toalety. Substancje czynne mog\u0105 przedostawa\u0107 si\u0119 do w\u00f3d i gleby. Umieszczenie ich w odpadach zmieszanych wi\u0105\u017ce si\u0119 z ryzykiem zanieczyszczenia \u015brodowiska. W wi\u0119kszo\u015bci miast dost\u0119pne s\u0105 specjalne pojemniki na zu\u017cyte medykamenty. Do PSZOK-\u00f3w trafiaj\u0105 r\u00f3wnie\u017c farby, rozpuszczalniki, chemikalia czy \u015brodki ochrony ro\u015blin.<\/p>\n\n\n\n<p><strong>Tekstylia i ubrania<\/strong><\/p>\n\n\n\n<p>Od 2025 roku tekstylia podlegaj\u0105 odr\u0119bnej zbi\u00f3rce. Ubrania w dobrym stanie mo\u017cna przekaza\u0107 organizacjom charytatywnym lub punktom ponownego u\u017cycia. Zniszczone materia\u0142y s\u0105 zbierane selektywnie i kierowane do recyklingu materia\u0142owego. Warto rozwa\u017cy\u0107 tak\u017ce napraw\u0119 lub sprzeda\u017c. Wyd\u0142u\u017cenie \u017cycia ubra\u0144 ogranicza ilo\u015b\u0107 odpad\u00f3w i zmniejsza zapotrzebowanie na nowe surowce.<\/p>\n\n\n\n<p><strong>Odpady budowlane i remontowe<\/strong><\/p>\n\n\n\n<p>Gruz, ceramika, resztki paneli czy elementy armatury \u0142azienkowej nie s\u0105 odbierane w ramach standardowej zbi\u00f3rki odpad\u00f3w komunalnych. Niewielkie ilo\u015bci mo\u017cna odda\u0107 do PSZOK-u, natomiast przy wi\u0119kszych pracach remontowych konieczne jest zam\u00f3wienie specjalnego kontenera. Nieprawid\u0142owe pozbywanie si\u0119 takich odpad\u00f3w sprzyja powstawaniu dzikich wysypisk. W 2024 roku zlikwidowano w Polsce ponad 12,7 tys. nielegalnych miejsc sk\u0142adowania odpad\u00f3w, z kt\u00f3rych zebrano 39,5 tys. ton odpad\u00f3w. Dane te pokazuj\u0105, \u017ce ten ekologiczny problem wci\u0105\u017c pozostaje aktualny.<\/p>\n\n\n\n<p>Podstaw\u0105 jest znajomo\u015b\u0107 lokalnych zasad post\u0119powania z odpadami. Ka\u017cda gmina publikuje informacje o punktach zbi\u00f3rki oraz o tym, jakie frakcje s\u0105 tam przyjmowane. W przypadku w\u0105tpliwo\u015bci warto korzysta\u0107 z dost\u0119pnych wyszukiwarek odpad\u00f3w lub kontaktowa\u0107 si\u0119 bezpo\u015brednio z urz\u0119dem gminy.<\/p>\n\n\n\n<figure class=\"wp-block-image size-large is-resized\"><img decoding=\"async\" width=\"1024\" height=\"404\" data-src=\"https:\/\/gazetaregionalna.com\/wp-content\/uploads\/2026\/01\/WFOSiGW_material-dofinansowano-1024x404.jpg\" alt=\"\" class=\"wp-image-145856 lazyload\" style=\"--smush-placeholder-width: 1024px; --smush-placeholder-aspect-ratio: 1024\/404;width:504px;height:auto\" data-srcset=\"https:\/\/gazetaregionalna.com\/wp-content\/uploads\/2026\/01\/WFOSiGW_material-dofinansowano-1024x404.jpg 1024w, https:\/\/gazetaregionalna.com\/wp-content\/uploads\/2026\/01\/WFOSiGW_material-dofinansowano-300x119.jpg 300w, https:\/\/gazetaregionalna.com\/wp-content\/uploads\/2026\/01\/WFOSiGW_material-dofinansowano-768x303.jpg 768w, https:\/\/gazetaregionalna.com\/wp-content\/uploads\/2026\/01\/WFOSiGW_material-dofinansowano.jpg 1200w\" data-sizes=\"(max-width: 1024px) 100vw, 1024px\" src=\"data:image\/svg+xml;base64,PHN2ZyB3aWR0aD0iMSIgaGVpZ2h0PSIxIiB4bWxucz0iaHR0cDovL3d3dy53My5vcmcvMjAwMC9zdmciPjwvc3ZnPg==\" \/><\/figure>\n\n\n\n<p><em><strong>Za tre\u015bci zawarte w publikacji dofinansowanej ze \u015brodk\u00f3w <a href=\"https:\/\/wfosigw.katowice.pl\/\" target=\"_blank\" rel=\"noopener\">WFO\u015aiGW<\/a> w Katowicach odpowiedzialno\u015b\u0107 ponosi Redakcja.<\/strong><\/em><\/p>\n\n\n\n<p>Czytaj tak\u017ce: <a href=\"https:\/\/gazetaregionalna.com\/ekoprzedszkolak\/\">Edukacja ekologiczna od najm\u0142odszych lat \u2013 trwa nab\u00f3r do 1. edycji konkursu Ekoprzedszkolak<\/a><\/p>\n","protected":false},"excerpt":{"rendered":"<p>Segregacja odpad\u00f3w sta\u0142a si\u0119 codzienno\u015bci\u0105 w wi\u0119kszo\u015bci gospodarstw domowych. Mimo to w odpadach zmieszanych wci\u0105\u017c znajduj\u0105 si\u0119 przedmioty, kt\u00f3re nigdy nie powinny tam trafi\u0107.<\/p>\n","protected":false},"author":5,"featured_media":147148,"comment_status":"closed","ping_status":"open","sticky":false,"template":"","format":"standard","meta":{"_monsterinsights_skip_tracking":false,"_monsterinsights_sitenote_active":false,"_monsterinsights_sitenote_note":"","_monsterinsights_sitenote_category":0,"_uf_show_specific_survey":0,"_uf_disable_surveys":false,"footnotes":""},"categories":[29],"tags":[5221,9806,1746,10371],"class_list":["post-147145","post","type-post","status-publish","format-standard","has-post-thumbnail","hentry","category-ekologia","tag-odpady","tag-segregacja-odpadow","tag-smieci","tag-wfosigw-katowice"],"_links":{"self":[{"href":"https:\/\/gazetaregionalna.com\/index.php?rest_route=\/wp\/v2\/posts\/147145","targetHints":{"allow":["GET"]}}],"collection":[{"href":"https:\/\/gazetaregionalna.com\/index.php?rest_route=\/wp\/v2\/posts"}],"about":[{"href":"https:\/\/gazetaregionalna.com\/index.php?rest_route=\/wp\/v2\/types\/post"}],"author":[{"embeddable":true,"href":"https:\/\/gazetaregionalna.com\/index.php?rest_route=\/wp\/v2\/users\/5"}],"replies":[{"embeddable":true,"href":"https:\/\/gazetaregionalna.com\/index.php?rest_route=%2Fwp%2Fv2%2Fcomments&post=147145"}],"version-history":[{"count":3,"href":"https:\/\/gazetaregionalna.com\/index.php?rest_route=\/wp\/v2\/posts\/147145\/revisions"}],"predecessor-version":[{"id":147149,"href":"https:\/\/gazetaregionalna.com\/index.php?rest_route=\/wp\/v2\/posts\/147145\/revisions\/147149"}],"wp:featuredmedia":[{"embeddable":true,"href":"https:\/\/gazetaregionalna.com\/index.php?rest_route=\/wp\/v2\/media\/147148"}],"wp:attachment":[{"href":"https:\/\/gazetaregionalna.com\/index.php?rest_route=%2Fwp%2Fv2%2Fmedia&parent=147145"}],"wp:term":[{"taxonomy":"category","embeddable":true,"href":"https:\/\/gazetaregionalna.com\/index.php?rest_route=%2Fwp%2Fv2%2Fcategories&post=147145"},{"taxonomy":"post_tag","embeddable":true,"href":"https:\/\/gazetaregionalna.com\/index.php?rest_route=%2Fwp%2Fv2%2Ftags&post=147145"}],"curies":[{"name":"wp","href":"https:\/\/api.w.org\/{rel}","templated":true}]}}