{"id":147126,"date":"2026-03-11T10:58:27","date_gmt":"2026-03-11T10:58:27","guid":{"rendered":"https:\/\/gazetaregionalna.com\/?p=147126"},"modified":"2026-03-11T11:07:52","modified_gmt":"2026-03-11T11:07:52","slug":"trend-2","status":"publish","type":"post","link":"https:\/\/gazetaregionalna.com\/?p=147126","title":{"rendered":"Trendy na wiosn\u0119 2026"},"content":{"rendered":"\n<h4 class=\"wp-block-heading\"><strong>Zima trwa ju\u017c zdecydowanie za d\u0142ugo, dlatego z niecierpliwo\u015bci\u0105 wyczekujemy wiosennych trend\u00f3w. Co b\u0119dziemy nosi\u0107 tej wiosny? Sprawd\u017a poradnik Galerii Jurajskiej!<\/strong><\/h4>\n\n\n\n<p><strong>Trendy dla kobiet<\/strong><\/p>\n\n\n\n<p><strong>Otul si\u0119 jedwabn\u0105 chust\u0105!<\/strong><\/p>\n\n\n\n<p>Kojarzycie te delikatne, jedwabne chusty, kt\u00f3re cz\u0119sto kry\u0142y si\u0119 w szafach bab\u0107? Teraz nadszed\u0142 czas, by je odkurzy\u0107 \u2013 bo wracaj\u0105 do \u0142ask! Z ma\u0142ym, ale istotnym zastrze\u017ceniem: nie nosimy ich ju\u017c wy\u0142\u0105cznie wok\u00f3\u0142 szyi. W tym sezonie chusta staje si\u0119 motywem przewodnim looku. Pojawia si\u0119 zar\u00f3wno w bluzkach, sukienkach, sp\u00f3dnicach, jak i topach, wprowadzaj\u0105c nut\u0119 elegancji i subtelnej nonszalancji. Warto wybiera\u0107 ubrania z jedwabn\u0105 faktur\u0105 lub wykonane z naturalnego jedwabiu \u2013 ich mi\u0119kko\u015b\u0107 i lekko\u015b\u0107 nadaje stylizacji charakteru. Nie b\u00f3jmy si\u0119 te\u017c wzor\u00f3w: geometryczne desenie, kwiatowe motywy, paisley czy nawet inspiracje dzie\u0142ami znanych mistrz\u00f3w sztuki \u2013 wszystko to tworzy wiosenny klimat pe\u0142en finezji i artystycznego wyrazu.<\/p>\n\n\n\n<p><strong>Wpadnij do jazz clubu<\/strong><\/p>\n\n\n\n<p>Wiosn\u0105 przenosimy si\u0119 r\u00f3wnie\u017c do jazzowych klub\u00f3w, gdzie zn\u00f3w rozbrzmiewa duch lat 20. i 30. XX wieku. Moda art deco, kt\u00f3ra zadebiutowa\u0142a sto lat temu, powraca w wielkim stylu. Sukienki z obni\u017con\u0105 tali\u0105 i g\u0142\u0119bokim dekoltem \u2013 klasyczne flapper dress \u2013 zyskuj\u0105 nowoczesn\u0105 ods\u0142on\u0119. Nie znajdziemy tu fr\u0119dzli znanych z dawnych lat; zamiast nich, pojawiaj\u0105 si\u0119 geometryczne wzory i nowoczesne tkaniny, kt\u00f3re \u0142\u0105cz\u0105 elegancj\u0119 z komfortem. W tym stylu jest miejsce na luz: ubrania s\u0105 lu\u017ane i na codzie\u0144, wielowarstwowe i nigdy nie opinaj\u0105 cia\u0142a, a ka\u017cdy detal emanuje swobod\u0105 i klasyk\u0105 jednocze\u015bnie.<\/p>\n\n\n\n<p><strong>Lata 90. na sportowo<\/strong><\/p>\n\n\n\n<p>Nie mo\u017cemy te\u017c zapomnie\u0107 o powrocie sportowego szyku \u2013 Mode Sportif znane z ko\u0144ca lat 90. XX wieku wraca do naszych szaf. Nylonowe anoraki i techniczne spodnie w tym sezonie \u0142\u0105czymy ze szpilkami i eleganckimi torebkami, wprowadzaj\u0105c do codziennych stylizacji miejski luz i odrobin\u0119 ekstrawagancji. Szerokie, techniczne kurtki \u015bwietnie komponuj\u0105 si\u0119 tak\u017ce z kloszowanymi sp\u00f3dnicami, a ca\u0142o\u015b\u0107 stylizacji nabiera \u017cycia dzi\u0119ki wyrazistym barwom \u2013 intensywnej czerwieni, b\u0142\u0119kitowi nieba czy zieleni drzew.<\/p>\n\n\n\n<p><strong>Trenczmania w ka\u017cdym wydaniu<\/strong><\/p>\n\n\n\n<p>Wiosn\u0105 nie mo\u017ce zabrakn\u0105\u0107 trencza \u2013 klasyki, kt\u00f3ra w tym sezonie bawi si\u0119 mod\u0105 jak nigdy wcze\u015bniej. Warto wi\u0119c zaopatrzy\u0107 si\u0119 zar\u00f3wno w tradycyjn\u0105 wersj\u0119, inspirowan\u0105 Burberry, jak i w bardziej nowoczesne wariacje. Wiosenny trencz mo\u017ce by\u0107 d\u0142ugi, si\u0119gaj\u0105cy ziemi ze sk\u00f3rzanym ko\u0142nierzem, albo kr\u00f3tszy, do kolan \u2013 wyb\u00f3r zale\u017cy ciebie. Hitem s\u0105 te\u017c kurtki czerpi\u0105ce z jego klasycznej formy \u2013 reinterpretacje tego ponadczasowego fasonu. Trencz to tak\u017ce fundament warstw. Mo\u017cemy nosi\u0107 go jako lekkie okrycie wierzchnie, ale tak\u017ce niemal jak marynark\u0119: pod spodem lu\u017ana koszula, koszula z we\u0142nian\u0105 kamizelk\u0105, a nawet\u2026 dwie koszule i apaszka. Trend warstwowania pozwala na zabaw\u0119 fakturami, d\u0142ugo\u015bciami i kolorami \u2013 i, co wa\u017cne, ma swoje korzenie w sposobie, w jaki ubieraj\u0105 si\u0119 arty\u015bci: nonszalancko, kreatywnie, z nut\u0105 awangardy.<\/p>\n\n\n\n<p><strong>Kardigan \u2013 kultowy, ale inaczej<\/strong><\/p>\n\n\n\n<p>R\u00f3wnie mocno do \u0142ask wraca kardigan \u2013 klasyczny, z okr\u0105g\u0142ym dekoltem i drobnymi guzikami. Jednak dzi\u015b nosimy go inaczej ni\u017c dekady temu. W zestawieniu z jedwabnymi, lekkimi sukienkami w stylu bieli\u017aniarskim, a tak\u017ce ci\u0119\u017cszymi, technicznymi sp\u00f3dnicami, kardigan zyskuje nowoczesny charakter. Podobnie jak trencz, \u015bwietnie sprawdza si\u0119 w warstwach \u2013 pod sp\u00f3d zak\u0142adamy golf, koszul\u0119, apaszk\u0119. Kolory w tym sezonie s\u0105 ciep\u0142e i energetyczne \u2013 bordo, kanarkowa \u017c\u00f3\u0142\u0107, jaskrawa pomara\u0144cz, kt\u00f3re wiosn\u0119 czyni\u0105 radosn\u0105 i pe\u0142n\u0105 \u017cycia.<\/p>\n\n\n\n<p><strong>Ubierz si\u0119 w fuksj\u0119<\/strong><\/p>\n\n\n\n<p>Wiosn\u0105 rz\u0105dzi tak\u017ce fuksja \u2013 kolor absolutnie odwa\u017cny, ale niezwykle inspiruj\u0105cy. Wszystko w tym odcieniu jest dopuszczalne \u2013 od sp\u00f3dnic, przez koszule, po swetry i spodnie. Fuksja \u015bwietnie sprawdza si\u0119 w total looku, od st\u00f3p do g\u0142\u00f3w, a nawet w makija\u017cu. Nie zapominajmy te\u017c o dodatkach: fuksjowa torebka bagietka na rami\u0119 to must-have, kt\u00f3ry o\u017cywi ka\u017cd\u0105 stylizacj\u0119.<\/p>\n\n\n\n<p><strong>Limonkowy nie tylko smak<\/strong><\/p>\n\n\n\n<p>Podobnie zaskakuj\u0105co dzia\u0142a kolor limonkowy. Cho\u0107 kojarzy si\u0119 z lekkimi, wiosennymi akcentami, w tym sezonie jest odwa\u017cny i zdecydowany: limonkowe kurtki sk\u00f3rzane, techniczne nylonowe anoraki, a nawet buty \u2013 to mocne akcenty, kt\u00f3re od\u015bwie\u017caj\u0105 szaf\u0119. Total looki w tym kolorze s\u0105 jak najbardziej dopuszczalne, ale je\u015bli obawiamy si\u0119 zbyt \u201eowocowego\u201d efektu, warto doda\u0107 jeden czarny akcent \u2013 szpilki, pasek lub torebk\u0119.<\/p>\n\n\n\n<p><strong>Yves Klein pokocha\u0142by to<\/strong><\/p>\n\n\n\n<p>Moda w tym sezonie czerpie r\u00f3wnie\u017c ze sztuki. Dlatego obowi\u0105zkowym kolorem jest Klein Blue, zainspirowany dzie\u0142ami Yvesa Kleina. To g\u0142\u0119boki, nasycony b\u0142\u0119kit, kt\u00f3ry nosimy z rozwag\u0105: jedna marynarka, kurtka sk\u00f3rzana czy p\u0142aszcz w tym odcieniu tworzy mocny punkt stylizacji, kt\u00f3ry prze\u0142amujemy czerni\u0105 \u2013 spodniami, butami lub dodatkami. Efekt jest dramatyczny, elegancki i wyrafinowany, a przy tym idealny na wiosenne dni z b\u0142\u0119kitnym niebem.<\/p>\n\n\n\n<p><strong>Niczym Elphaba?<\/strong><\/p>\n\n\n\n<p>Szafirowy r\u00f3wnie\u017c ma swoje pi\u0119\u0107 minut tej wiosny. Intensywny, nasycony odcie\u0144 pojawia si\u0119 w ca\u0142ej gamie ubra\u0144 i dodatk\u00f3w \u2013 od sp\u00f3dnic, przez koszule, po trencze i sneakersy. Mo\u017cemy postawi\u0107 na total look, albo zastosowa\u0107 \u201epop up colour\u201d \u2013 prze\u0142amanie szafirowego biel\u0105, z\u0142otem lub be\u017cem. A skoro mowa o z\u0142ocie \u2013 wiosn\u0105 kr\u00f3luj\u0105 szmaragdy w z\u0142otej oprawie: kolczyki, zawieszki, charmsy i bransoletki, kt\u00f3re wprowadzaj\u0105 do stylizacji subtelny, luksusowy akcent.<\/p>\n\n\n\n<p><strong>Trendy dla m\u0119\u017cczyzn<\/strong><\/p>\n\n\n\n<p><strong>Footwear jako gwiazda sezonu \u2013 od minimalistycznych klapek po sneakersy<\/strong><\/p>\n\n\n\n<p>Wiosna 2026 to sezon, w kt\u00f3rym m\u0119skie obuwie staje si\u0119 prawdziw\u0105 gwiazd\u0105 stylizacji. Minimalistyczne klapki, swobodne slide\u2019y i flip-flopy, a tak\u017ce odwa\u017cne sneakersy i buty o nietypowych kszta\u0142tach przestaj\u0105 by\u0107 jedynie dodatkiem \u2013 teraz to one kreuj\u0105 ca\u0142\u0105 stylizacj\u0119. Na wybiegach obserwowali\u015bmy, jak lekkie klapki \u0142\u0105czono z lnianymi garniturami czy sportowymi outfitami, tworz\u0105c subtelny, ale wyra\u017any kontrast mi\u0119dzy formalno\u015bci\u0105 a wygod\u0105. W praktyce oznacza to, \u017ce klasyczne spodnie chino mo\u017cna zestawi\u0107 z luksusowymi klapkami, a delikatny garnitur prze\u0142ama\u0107 sportowymi sneakersami, nadaj\u0105c stylizacji charakteru i \u015bwie\u017co\u015bci. W tym sezonie buty same m\u00f3wi\u0105 za siebie, a reszta stroju powinna pod\u0105\u017ca\u0107 za ich tonem, zamiast z nimi konkurowa\u0107.<\/p>\n\n\n\n<p><strong>Warstwowe narracje<\/strong><\/p>\n\n\n\n<p>Warstwowe stylizacje to kolejny mocny trend wiosny 2026. M\u0119ska moda przyjmuje z\u0142o\u017cony j\u0119zyk warstw, w kt\u00f3rym kontrast mi\u0119dzy sportem a elegancj\u0105 odgrywa g\u0142\u00f3wn\u0105 rol\u0119. Bluzy pod marynarkami, techniczne kurtki zestawione z koszulami i kardiganami, a czasem kilka warstw jednocze\u015bnie, pokazuj\u0105, \u017ce moda to dzi\u015b zabawa proporcjami i form\u0105. Lu\u017ane, umiej\u0119tnie zestawione warstwy nie tylko dodaj\u0105 nonszalancji, ale r\u00f3wnie\u017c pe\u0142ni\u0105 funkcj\u0119 praktyczn\u0105, idealn\u0105 na kapry\u015bn\u0105 wiosenn\u0105 pogod\u0119. To trend dla odwa\u017cnych, kt\u00f3rzy chc\u0105 \u0142\u0105czy\u0107 r\u00f3\u017cne d\u0142ugo\u015bci, faktury i style, tworz\u0105c outfit zar\u00f3wno funkcjonalny, jak i stylowy.<\/p>\n\n\n\n<p><strong>Kolorystyczna odwaga \u2013 purpury, zielenie i printy w m\u0119skiej palecie<\/strong><\/p>\n\n\n\n<p>Kolor w tym sezonie przestaje by\u0107 jedynie dodatkiem i staje si\u0119 punktem wyj\u015bcia ca\u0142ej stylizacji. W palecie m\u0119skiej dominuj\u0105 purpury, soczyste zielenie oraz barwy inspirowane natur\u0105 i sztuk\u0105. Purpurowe swetry czy garnitury podkre\u015blaj\u0105 indywidualno\u015b\u0107 i nowoczesn\u0105 elegancj\u0119, podczas gdy zielenie, od limonkowych po g\u0142\u0119bokie butelkowe odcienie, wprowadzaj\u0105 energi\u0119 i \u015bwie\u017co\u015b\u0107 do codziennych zestawie\u0144. Mocne kolory \u015bwietnie harmonizuj\u0105 zar\u00f3wno z neutralnymi elementami garderoby, jak i z printami oraz r\u00f3\u017cnymi fakturami, pozwalaj\u0105c tworzy\u0107 wielowarstwowe, dynamiczne looki, kt\u00f3re przyci\u0105gaj\u0105 wzrok.<\/p>\n\n\n\n<p><strong>Prze\u0142amywanie konwencji<\/strong><\/p>\n\n\n\n<p>Sezon wiosenny 2026 to r\u00f3wnie\u017c czas prze\u0142amywania konwencji. Eleganckie elementy, takie jak krawaty, ascoty czy klasyczne marynarki, \u0142\u0105czone s\u0105 ze sportowymi spodniami, szortami, a nawet elementami inspirowanymi pi\u017cam\u0105. Ta mieszanka formalno\u015bci i nonszalancji pokazuje, \u017ce nie trzeba wybiera\u0107 mi\u0119dzy elegancj\u0105 a wygod\u0105 \u2013 mo\u017cna mie\u0107 jedno i drugie. Takie zestawienia sprawdzaj\u0105 si\u0119 zar\u00f3wno w miejskich outfitach, jak i w weekendowych stylizacjach, kt\u00f3re pozwalaj\u0105 bawi\u0107 si\u0119 mod\u0105 i pokazywa\u0107 w\u0142asn\u0105 osobowo\u015b\u0107.<\/p>\n\n\n\n<p><strong>Utility i funkcjonalno\u015b\u0107 \u2013 cargo, denim i paski jako esencja street<\/strong><strong>\u2011<\/strong><strong>smart<\/strong><\/p>\n\n\n\n<p><a href=\"https:\/\/www.galeriajurajska.pl\/\" target=\"_blank\" rel=\"noopener\">Wiosna 2026<\/a> to tak\u017ce sezon, w kt\u00f3rym u\u017cytkowo\u015b\u0107 staje si\u0119 modna. Lu\u017ane cargo, r\u00f3\u017cnorodne denimowe formy, szerokie spodnie oraz wyraziste paski z du\u017cymi klamrami to elementy, kt\u00f3re dominuj\u0105 w codziennych stylizacjach. Inspiracje z outdooru i klasycznych ubra\u0144 roboczych zosta\u0142y przetworzone na wsp\u00f3\u0142czesny j\u0119zyk, \u0142\u0105cz\u0105cy praktyczno\u015b\u0107 z estetyk\u0105. Taki street-smart look pozwala nie tylko wygodnie porusza\u0107 si\u0119 po mie\u015bcie, ale tak\u017ce wyr\u00f3\u017cnia\u0107 dzi\u0119ki detalom, kt\u00f3re podkre\u015blaj\u0105 charakter i indywidualno\u015b\u0107 stylizacji.<\/p>\n\n\n\n<p><\/p>\n","protected":false},"excerpt":{"rendered":"<p>Zima trwa ju\u017c zdecydowanie za d\u0142ugo, dlatego z niecierpliwo\u015bci\u0105 wyczekujemy wiosennych trend\u00f3w. Co b\u0119dziemy nosi\u0107 tej wiosny? Sprawd\u017a poradnik Galerii Jurajskiej! Trendy dla kobiet<\/p>\n","protected":false},"author":5,"featured_media":147128,"comment_status":"closed","ping_status":"open","sticky":false,"template":"","format":"standard","meta":{"_monsterinsights_skip_tracking":false,"_monsterinsights_sitenote_active":false,"_monsterinsights_sitenote_note":"","_monsterinsights_sitenote_category":0,"_uf_show_specific_survey":0,"_uf_disable_surveys":false,"footnotes":""},"categories":[7735],"tags":[151,1561,10398,10397],"class_list":["post-147126","post","type-post","status-publish","format-standard","has-post-thumbnail","hentry","category-moda","tag-galeria-jurajska","tag-moda","tag-wiosenne-stylizacje","tag-wiosenne-trendy"],"_links":{"self":[{"href":"https:\/\/gazetaregionalna.com\/index.php?rest_route=\/wp\/v2\/posts\/147126","targetHints":{"allow":["GET"]}}],"collection":[{"href":"https:\/\/gazetaregionalna.com\/index.php?rest_route=\/wp\/v2\/posts"}],"about":[{"href":"https:\/\/gazetaregionalna.com\/index.php?rest_route=\/wp\/v2\/types\/post"}],"author":[{"embeddable":true,"href":"https:\/\/gazetaregionalna.com\/index.php?rest_route=\/wp\/v2\/users\/5"}],"replies":[{"embeddable":true,"href":"https:\/\/gazetaregionalna.com\/index.php?rest_route=%2Fwp%2Fv2%2Fcomments&post=147126"}],"version-history":[{"count":2,"href":"https:\/\/gazetaregionalna.com\/index.php?rest_route=\/wp\/v2\/posts\/147126\/revisions"}],"predecessor-version":[{"id":147129,"href":"https:\/\/gazetaregionalna.com\/index.php?rest_route=\/wp\/v2\/posts\/147126\/revisions\/147129"}],"wp:featuredmedia":[{"embeddable":true,"href":"https:\/\/gazetaregionalna.com\/index.php?rest_route=\/wp\/v2\/media\/147128"}],"wp:attachment":[{"href":"https:\/\/gazetaregionalna.com\/index.php?rest_route=%2Fwp%2Fv2%2Fmedia&parent=147126"}],"wp:term":[{"taxonomy":"category","embeddable":true,"href":"https:\/\/gazetaregionalna.com\/index.php?rest_route=%2Fwp%2Fv2%2Fcategories&post=147126"},{"taxonomy":"post_tag","embeddable":true,"href":"https:\/\/gazetaregionalna.com\/index.php?rest_route=%2Fwp%2Fv2%2Ftags&post=147126"}],"curies":[{"name":"wp","href":"https:\/\/api.w.org\/{rel}","templated":true}]}}