{"id":147091,"date":"2026-03-10T19:31:49","date_gmt":"2026-03-10T19:31:49","guid":{"rendered":"https:\/\/gazetaregionalna.com\/?p=147091"},"modified":"2026-03-11T19:17:00","modified_gmt":"2026-03-11T19:17:00","slug":"roztanczona-historia-antidotum","status":"publish","type":"post","link":"https:\/\/gazetaregionalna.com\/?p=147091","title":{"rendered":"Rozta\u0144czona historia &#8222;Antidotum&#8221;"},"content":{"rendered":"\n<h2 class=\"wp-block-heading\">W cz\u0119stochowskiej Akademii Ta\u0144ca Antidotum trwaj\u0105 przygotowania do premiery spektaklu \u201ePresja \u2013 jak ci\u0119\u017cko by\u0107 kobiet\u0105 w \u015bwiecie\u201d. Niezwyk\u0142e wydarzenie odb\u0119dzie si\u0119 ju\u017c w \u015brod\u0119, 18 marca na scenie Klubu Politechnik.<\/h2>\n\n\n\n<p>Akademia Ta\u0144ca Antidotum powsta\u0142a w 2021 roku. W tym roku przypada wi\u0119c jej pi\u0119ciolecie. W swoich kr\u0119gach skupia przesz\u0142o 400 tancerzy w wieku od 3 do 50 lat. W sk\u0142ad zespo\u0142u wchodz\u0105 grupy taneczne dzieci\u0119ce i m\u0142odzie\u017cowe, grupa Dance Mom 31+ oraz grupa akrobatyczna. <\/p>\n\n\n\n<figure class=\"wp-block-image size-large\"><img decoding=\"async\" width=\"768\" height=\"1024\" data-src=\"https:\/\/gazetaregionalna.com\/wp-content\/uploads\/2026\/03\/IMG_35321-768x1024.jpeg\" alt=\"\" class=\"wp-image-147094 lazyload\" data-srcset=\"https:\/\/gazetaregionalna.com\/wp-content\/uploads\/2026\/03\/IMG_35321-768x1024.jpeg 768w, https:\/\/gazetaregionalna.com\/wp-content\/uploads\/2026\/03\/IMG_35321-225x300.jpeg 225w, https:\/\/gazetaregionalna.com\/wp-content\/uploads\/2026\/03\/IMG_35321-1152x1536.jpeg 1152w, https:\/\/gazetaregionalna.com\/wp-content\/uploads\/2026\/03\/IMG_35321.jpeg 1200w\" data-sizes=\"(max-width: 768px) 100vw, 768px\" src=\"data:image\/svg+xml;base64,PHN2ZyB3aWR0aD0iMSIgaGVpZ2h0PSIxIiB4bWxucz0iaHR0cDovL3d3dy53My5vcmcvMjAwMC9zdmciPjwvc3ZnPg==\" style=\"--smush-placeholder-width: 768px; --smush-placeholder-aspect-ratio: 768\/1024;\" \/><\/figure>\n\n\n\n<p>Dyrektork\u0105 artystyczn\u0105 zespo\u0142u jest Katarzyna Kalata, wieloletnia tancerka i choreograf specjalizuj\u0105ca si\u0119 w technikach ta\u0144ca wsp\u00f3\u0142czesnego i technice baletowej.<\/p>\n\n\n\n<p>W \u201eAntidotum\u201d organizowane s\u0105 te\u017c warsztaty z najlepszymi tancerzami z Polski i zza granicy. W\u00f3wczas tancerze mog\u0105 posmakowa\u0107 innych styl\u00f3w ni\u017c praktykuj\u0105 na co dzie\u0144, jak heels czy hip-hop. <\/p>\n\n\n\n<p>Dzia\u0142alno\u015b\u0107 \u201eAntidotum\u201d wielokrotnie doceniano. Szczeg\u00f3lnym osi\u0105gni\u0119ciem by\u0142 udzia\u0142 w Finale Mistrzostw Polski pod IDO (International Dance Organization) oraz GrandPrix zdobyte podczas XDance Festiwalu.<\/p>\n\n\n\n<figure class=\"wp-block-image size-large\"><img decoding=\"async\" width=\"768\" height=\"1024\" data-src=\"https:\/\/gazetaregionalna.com\/wp-content\/uploads\/2026\/03\/IMG_27041-768x1024.jpeg\" alt=\"\" class=\"wp-image-147095 lazyload\" data-srcset=\"https:\/\/gazetaregionalna.com\/wp-content\/uploads\/2026\/03\/IMG_27041-768x1024.jpeg 768w, https:\/\/gazetaregionalna.com\/wp-content\/uploads\/2026\/03\/IMG_27041-225x300.jpeg 225w, https:\/\/gazetaregionalna.com\/wp-content\/uploads\/2026\/03\/IMG_27041-1152x1536.jpeg 1152w, https:\/\/gazetaregionalna.com\/wp-content\/uploads\/2026\/03\/IMG_27041.jpeg 1200w\" data-sizes=\"(max-width: 768px) 100vw, 768px\" src=\"data:image\/svg+xml;base64,PHN2ZyB3aWR0aD0iMSIgaGVpZ2h0PSIxIiB4bWxucz0iaHR0cDovL3d3dy53My5vcmcvMjAwMC9zdmciPjwvc3ZnPg==\" style=\"--smush-placeholder-width: 768px; --smush-placeholder-aspect-ratio: 768\/1024;\" \/><\/figure>\n\n\n\n<p>Tancerze zdobywaj\u0105 te\u017c wysokie miejsca w turniejach federacji WADF (World Artistic Dance Federation) oraz maj\u0105 na koncie wiele osi\u0105gni\u0119\u0107 na turniejach og\u00f3lnopolskich, zar\u00f3wno w formacjach, jak i kategoriach solowych.<\/p>\n\n\n\n<p>Akademia Ta\u0144ca Antidotum na zako\u0144czenie ka\u017cdego sezonu tworzy przepi\u0119kne spektakle wie\u0144cz\u0105ce ca\u0142oroczn\u0105 prac\u0119 trener\u00f3w i tancerzy. Ich przygotowanie wymaga wielomiesi\u0119cznej pracy.<\/p>\n\n\n\n<figure class=\"wp-block-image size-large\"><img decoding=\"async\" width=\"773\" height=\"1024\" data-src=\"https:\/\/gazetaregionalna.com\/wp-content\/uploads\/2026\/03\/IMG_9422-773x1024.jpeg\" alt=\"\" class=\"wp-image-147101 lazyload\" data-srcset=\"https:\/\/gazetaregionalna.com\/wp-content\/uploads\/2026\/03\/IMG_9422-773x1024.jpeg 773w, https:\/\/gazetaregionalna.com\/wp-content\/uploads\/2026\/03\/IMG_9422-226x300.jpeg 226w, https:\/\/gazetaregionalna.com\/wp-content\/uploads\/2026\/03\/IMG_9422-768x1018.jpeg 768w, https:\/\/gazetaregionalna.com\/wp-content\/uploads\/2026\/03\/IMG_9422-1159x1536.jpeg 1159w, https:\/\/gazetaregionalna.com\/wp-content\/uploads\/2026\/03\/IMG_9422.jpeg 1200w\" data-sizes=\"(max-width: 773px) 100vw, 773px\" src=\"data:image\/svg+xml;base64,PHN2ZyB3aWR0aD0iMSIgaGVpZ2h0PSIxIiB4bWxucz0iaHR0cDovL3d3dy53My5vcmcvMjAwMC9zdmciPjwvc3ZnPg==\" style=\"--smush-placeholder-width: 773px; --smush-placeholder-aspect-ratio: 773\/1024;\" \/><\/figure>\n\n\n\n<p>W tym roku, poza fina\u0142ow\u0105 gal\u0105, zaplanowano r\u00f3wnie\u017c inne du\u017ce przedsi\u0119wzi\u0119cie. I tak 18 marca o godzinie 18 w auli widowiskowej cz\u0119stochowskiego Klubu Politechnik odb\u0119dzie si\u0119 spektakl w formie teatru ta\u0144ca zatytu\u0142owany \u201ePresja \u2013 jak ci\u0119\u017cko by\u0107 kobiet\u0105 w \u015bwiecie\u201d. Taka forma spektaklu to nowo\u015b\u0107 w dorobku Akademii.<\/p>\n\n\n\n<p>Re\u017cyserk\u0105 sztuki jest Katarzyna Kalata, kt\u00f3ra realizuje \u201ePresj\u0119\u201d przy wsp\u00f3\u0142pracy z aktorem Szymonem Kowalikiem oraz producentem muzycznym Oskarem Ambo\u017cewiczem. W role g\u0142\u00f3wnych bohaterek wciel\u0105 si\u0119 tancerki z najstarszej i najbardziej do\u015bwiadczonej grupy \u201eAntidotum\u201d \u2013 Senior Master: Wiktora Kaczmarczyk, Adrianna Sieradzka, Ewelina Hyska, Paulina Radwa\u0144ska, Aleksandra Lesi\u0144ska, Olga B\u0142achowicz, Gabriela Bajor, Agata Radziejewska, Alicja Dul, Liliana Grecjarz, Zuzanna Dudek, Justyna Stanior, a tak\u017ce Zofia Zamojska.<\/p>\n\n\n\n<p>Poruszaj\u0105cy spektakl opowiada histori\u0119 kilku m\u0142odych kobiet, kt\u00f3re w r\u00f3\u017cny spos\u00f3b pr\u00f3buj\u0105 poradzi\u0107<br>sobie z trudami, jakie stawia przed nimi wsp\u00f3\u0142czesny \u015bwiat. Zdrada, perfekcjonizm, samotno\u015b\u0107, kompleksy, trudno\u015bci w relacjach z innymi lud\u017ami, przemoc \u2013 to jedne z wielu problem\u00f3w, kt\u00f3re dotykaj\u0105 kobiety w r\u00f3\u017cnym wieku. \u201ePresja \u2013 jak ci\u0119\u017cko by\u0107 kobiet\u0105 w \u015bwiecie\u201d z pewno\u015bci\u0105 wzbudzi wiele emocji i po premierze stanie si\u0119 t\u0142em do dyskusji na wa\u017ckie tematy.<\/p>\n\n\n\n<p><strong>Bilety mo\u017cna kupi\u0107 na stronie<\/strong> <a href=\"https:\/\/kbq.pl\/198779\" target=\"_blank\" rel=\"noreferrer noopener\">https:\/\/kbq.pl\/198779<\/a><\/p>\n\n\n\n<figure class=\"wp-block-image size-large\"><img decoding=\"async\" width=\"1024\" height=\"689\" data-src=\"https:\/\/gazetaregionalna.com\/wp-content\/uploads\/2026\/03\/a9ada92341a6e8a4d09994628fc5775d-1024x689.jpeg\" alt=\"\" class=\"wp-image-147098 lazyload\" data-srcset=\"https:\/\/gazetaregionalna.com\/wp-content\/uploads\/2026\/03\/a9ada92341a6e8a4d09994628fc5775d-1024x689.jpeg 1024w, https:\/\/gazetaregionalna.com\/wp-content\/uploads\/2026\/03\/a9ada92341a6e8a4d09994628fc5775d-300x202.jpeg 300w, https:\/\/gazetaregionalna.com\/wp-content\/uploads\/2026\/03\/a9ada92341a6e8a4d09994628fc5775d-768x517.jpeg 768w, https:\/\/gazetaregionalna.com\/wp-content\/uploads\/2026\/03\/a9ada92341a6e8a4d09994628fc5775d.jpeg 1200w\" data-sizes=\"(max-width: 1024px) 100vw, 1024px\" src=\"data:image\/svg+xml;base64,PHN2ZyB3aWR0aD0iMSIgaGVpZ2h0PSIxIiB4bWxucz0iaHR0cDovL3d3dy53My5vcmcvMjAwMC9zdmciPjwvc3ZnPg==\" style=\"--smush-placeholder-width: 1024px; --smush-placeholder-aspect-ratio: 1024\/689;\" \/><\/figure>\n\n\n\n<p>Na tym oczywi\u015bcie nie koniec, poniewa\u017c cz\u0119stochowska Akademia ca\u0142y czas si\u0119 rozwija. Ju\u017c dzi\u015b zaprasza wszystkich zainteresowanych na przes\u0142uchania, kt\u00f3re odb\u0119d\u0105 si\u0119 w czerwcu w siedzibie przy al. Jana Paw\u0142a II 106. Informacje mo\u017cna uzyska\u0107 pod numerem telefonu 531 887 666 oaz na profilach Facebook oraz Instagram. Warto doda\u0107, \u017ce w planach s\u0105 r\u00f3wnie\u017c gale z okazji jubileuszu pi\u0119ciolecia dzia\u0142alno\u015bci \u201eAntidotum\u201d. Na szczeg\u00f3\u0142y przyjdzie jeszcze czas.<\/p>\n\n\n\n<p><strong>red., fot.: archiwum Akademii Ta\u0144ca Antidotum<\/strong><\/p>\n\n\n\n<figure class=\"wp-block-gallery has-nested-images columns-default is-cropped wp-block-gallery-1 is-layout-flex wp-block-gallery-is-layout-flex\">\n<figure class=\"wp-block-image size-large\"><img decoding=\"async\" width=\"1024\" height=\"683\" data-id=\"147097\" data-src=\"https:\/\/gazetaregionalna.com\/wp-content\/uploads\/2026\/03\/IMG_39251-1024x683.jpeg\" alt=\"\" class=\"wp-image-147097 lazyload\" data-srcset=\"https:\/\/gazetaregionalna.com\/wp-content\/uploads\/2026\/03\/IMG_39251-1024x683.jpeg 1024w, https:\/\/gazetaregionalna.com\/wp-content\/uploads\/2026\/03\/IMG_39251-300x200.jpeg 300w, https:\/\/gazetaregionalna.com\/wp-content\/uploads\/2026\/03\/IMG_39251-768x512.jpeg 768w, https:\/\/gazetaregionalna.com\/wp-content\/uploads\/2026\/03\/IMG_39251.jpeg 1200w\" data-sizes=\"(max-width: 1024px) 100vw, 1024px\" src=\"data:image\/svg+xml;base64,PHN2ZyB3aWR0aD0iMSIgaGVpZ2h0PSIxIiB4bWxucz0iaHR0cDovL3d3dy53My5vcmcvMjAwMC9zdmciPjwvc3ZnPg==\" style=\"--smush-placeholder-width: 1024px; --smush-placeholder-aspect-ratio: 1024\/683;\" \/><\/figure>\n\n\n\n<figure class=\"wp-block-image size-large\"><img decoding=\"async\" width=\"1024\" height=\"683\" data-id=\"147099\" data-src=\"https:\/\/gazetaregionalna.com\/wp-content\/uploads\/2026\/03\/9C58F369-6AA4-4400-9077-293E552CFCA41-1024x683.jpeg\" alt=\"\" class=\"wp-image-147099 lazyload\" data-srcset=\"https:\/\/gazetaregionalna.com\/wp-content\/uploads\/2026\/03\/9C58F369-6AA4-4400-9077-293E552CFCA41-1024x683.jpeg 1024w, https:\/\/gazetaregionalna.com\/wp-content\/uploads\/2026\/03\/9C58F369-6AA4-4400-9077-293E552CFCA41-300x200.jpeg 300w, https:\/\/gazetaregionalna.com\/wp-content\/uploads\/2026\/03\/9C58F369-6AA4-4400-9077-293E552CFCA41-768x512.jpeg 768w, https:\/\/gazetaregionalna.com\/wp-content\/uploads\/2026\/03\/9C58F369-6AA4-4400-9077-293E552CFCA41.jpeg 1200w\" data-sizes=\"(max-width: 1024px) 100vw, 1024px\" src=\"data:image\/svg+xml;base64,PHN2ZyB3aWR0aD0iMSIgaGVpZ2h0PSIxIiB4bWxucz0iaHR0cDovL3d3dy53My5vcmcvMjAwMC9zdmciPjwvc3ZnPg==\" style=\"--smush-placeholder-width: 1024px; --smush-placeholder-aspect-ratio: 1024\/683;\" \/><\/figure>\n\n\n\n<figure class=\"wp-block-image size-large\"><img decoding=\"async\" width=\"484\" height=\"323\" data-id=\"147130\" data-src=\"https:\/\/gazetaregionalna.com\/wp-content\/uploads\/2026\/03\/IMG_9715.jpeg\" alt=\"\" class=\"wp-image-147130 lazyload\" data-srcset=\"https:\/\/gazetaregionalna.com\/wp-content\/uploads\/2026\/03\/IMG_9715.jpeg 484w, https:\/\/gazetaregionalna.com\/wp-content\/uploads\/2026\/03\/IMG_9715-300x200.jpeg 300w\" data-sizes=\"(max-width: 484px) 100vw, 484px\" src=\"data:image\/svg+xml;base64,PHN2ZyB3aWR0aD0iMSIgaGVpZ2h0PSIxIiB4bWxucz0iaHR0cDovL3d3dy53My5vcmcvMjAwMC9zdmciPjwvc3ZnPg==\" style=\"--smush-placeholder-width: 484px; --smush-placeholder-aspect-ratio: 484\/323;\" \/><\/figure>\n\n\n\n<figure class=\"wp-block-image size-large\"><img decoding=\"async\" width=\"720\" height=\"1024\" data-id=\"147131\" data-src=\"https:\/\/gazetaregionalna.com\/wp-content\/uploads\/2026\/03\/IMG_9716-720x1024.jpeg\" alt=\"\" class=\"wp-image-147131 lazyload\" data-srcset=\"https:\/\/gazetaregionalna.com\/wp-content\/uploads\/2026\/03\/IMG_9716-720x1024.jpeg 720w, https:\/\/gazetaregionalna.com\/wp-content\/uploads\/2026\/03\/IMG_9716-211x300.jpeg 211w, https:\/\/gazetaregionalna.com\/wp-content\/uploads\/2026\/03\/IMG_9716-768x1092.jpeg 768w, https:\/\/gazetaregionalna.com\/wp-content\/uploads\/2026\/03\/IMG_9716-1080x1536.jpeg 1080w, https:\/\/gazetaregionalna.com\/wp-content\/uploads\/2026\/03\/IMG_9716-scaled.jpeg 1125w\" data-sizes=\"(max-width: 720px) 100vw, 720px\" src=\"data:image\/svg+xml;base64,PHN2ZyB3aWR0aD0iMSIgaGVpZ2h0PSIxIiB4bWxucz0iaHR0cDovL3d3dy53My5vcmcvMjAwMC9zdmciPjwvc3ZnPg==\" style=\"--smush-placeholder-width: 720px; --smush-placeholder-aspect-ratio: 720\/1024;\" \/><\/figure>\n\n\n\n<figure class=\"wp-block-image size-large\"><img decoding=\"async\" width=\"768\" height=\"1024\" data-id=\"147093\" data-src=\"https:\/\/gazetaregionalna.com\/wp-content\/uploads\/2026\/03\/IMG_7618-768x1024.jpeg\" alt=\"\" class=\"wp-image-147093 lazyload\" data-srcset=\"https:\/\/gazetaregionalna.com\/wp-content\/uploads\/2026\/03\/IMG_7618-768x1024.jpeg 768w, https:\/\/gazetaregionalna.com\/wp-content\/uploads\/2026\/03\/IMG_7618-225x300.jpeg 225w, https:\/\/gazetaregionalna.com\/wp-content\/uploads\/2026\/03\/IMG_7618.jpeg 900w\" data-sizes=\"(max-width: 768px) 100vw, 768px\" src=\"data:image\/svg+xml;base64,PHN2ZyB3aWR0aD0iMSIgaGVpZ2h0PSIxIiB4bWxucz0iaHR0cDovL3d3dy53My5vcmcvMjAwMC9zdmciPjwvc3ZnPg==\" style=\"--smush-placeholder-width: 768px; --smush-placeholder-aspect-ratio: 768\/1024;\" \/><\/figure>\n<\/figure>\n","protected":false},"excerpt":{"rendered":"<p>W cz\u0119stochowskiej Akademii Ta\u0144ca Antidotum trwaj\u0105 przygotowania do premiery spektaklu \u201ePresja \u2013 jak ci\u0119\u017cko by\u0107 kobiet\u0105 w \u015bwiecie\u201d. Niezwyk\u0142e wydarzenie odb\u0119dzie si\u0119 ju\u017c w<\/p>\n","protected":false},"author":11,"featured_media":147092,"comment_status":"closed","ping_status":"open","sticky":false,"template":"","format":"standard","meta":{"_monsterinsights_skip_tracking":false,"_monsterinsights_sitenote_active":false,"_monsterinsights_sitenote_note":"","_monsterinsights_sitenote_category":0,"_uf_show_specific_survey":0,"_uf_disable_surveys":false,"footnotes":""},"categories":[12,3,94,2],"tags":[6761,144,1750,3173],"class_list":["post-147091","post","type-post","status-publish","format-standard","has-post-thumbnail","hentry","category-kultura-i-rozrywka","category-czestochowa-informacje","category-polecane","category-wiadomosci","tag-akademia-tanca-antidotum","tag-czestochowa","tag-premiera","tag-taniec"],"_links":{"self":[{"href":"https:\/\/gazetaregionalna.com\/index.php?rest_route=\/wp\/v2\/posts\/147091","targetHints":{"allow":["GET"]}}],"collection":[{"href":"https:\/\/gazetaregionalna.com\/index.php?rest_route=\/wp\/v2\/posts"}],"about":[{"href":"https:\/\/gazetaregionalna.com\/index.php?rest_route=\/wp\/v2\/types\/post"}],"author":[{"embeddable":true,"href":"https:\/\/gazetaregionalna.com\/index.php?rest_route=\/wp\/v2\/users\/11"}],"replies":[{"embeddable":true,"href":"https:\/\/gazetaregionalna.com\/index.php?rest_route=%2Fwp%2Fv2%2Fcomments&post=147091"}],"version-history":[{"count":4,"href":"https:\/\/gazetaregionalna.com\/index.php?rest_route=\/wp\/v2\/posts\/147091\/revisions"}],"predecessor-version":[{"id":147135,"href":"https:\/\/gazetaregionalna.com\/index.php?rest_route=\/wp\/v2\/posts\/147091\/revisions\/147135"}],"wp:featuredmedia":[{"embeddable":true,"href":"https:\/\/gazetaregionalna.com\/index.php?rest_route=\/wp\/v2\/media\/147092"}],"wp:attachment":[{"href":"https:\/\/gazetaregionalna.com\/index.php?rest_route=%2Fwp%2Fv2%2Fmedia&parent=147091"}],"wp:term":[{"taxonomy":"category","embeddable":true,"href":"https:\/\/gazetaregionalna.com\/index.php?rest_route=%2Fwp%2Fv2%2Fcategories&post=147091"},{"taxonomy":"post_tag","embeddable":true,"href":"https:\/\/gazetaregionalna.com\/index.php?rest_route=%2Fwp%2Fv2%2Ftags&post=147091"}],"curies":[{"name":"wp","href":"https:\/\/api.w.org\/{rel}","templated":true}]}}