{"id":1465,"date":"2018-12-28T12:32:14","date_gmt":"2018-12-28T12:32:14","guid":{"rendered":"http:\/\/gazetaregionalna.com\/?p=1465"},"modified":"2018-12-28T12:32:14","modified_gmt":"2018-12-28T12:32:14","slug":"kreatywni-60-styczniowe-warsztaty-dla-lublinieckich-seniorow","status":"publish","type":"post","link":"https:\/\/gazetaregionalna.com\/2018\/12\/28\/kreatywni-60-styczniowe-warsztaty-dla-lublinieckich-seniorow\/","title":{"rendered":"&#8222;Kreatywni 60+&#8221; &#8211; Styczniowe warsztaty dla lublinieckich senior\u00f3w"},"content":{"rendered":"<p style=\"font-weight: 400;\">Drodzy lublinieccy seniorzy! Specjalnie dla Was wracamy z nowymi pomys\u0142ami. B\u0119dziecie mieli okazj\u0119 sp\u0119dzi\u0107 czas w klimatycznym miejscu, w naszej galerii. Zapraszamy do Miejskiego Domu Kultury na warsztaty \u201eKreatywni 60 +\u201d!<\/p>\n<p style=\"font-weight: 400;\"><strong>\u00a0<\/strong><strong>&#8211; 10.01.2019 godz. 11:00 &#8222;Torba eko z linorytem&#8221;, wst\u0119p wolny<\/strong><\/p>\n<p style=\"font-weight: 400;\">W Nowym Roku pierwsze warsztatowe spotkanie z cyklu \u201e Kreatywni 60+\u201d zaczynamy bardzo ambitnie. Warsztaty z linorytu, kt\u00f3ry jest technik\u0105 graficzn\u0105 umo\u017cliwiaj\u0105c\u0105 druk wypuk\u0142y, pozwol\u0105 uczestnikom stworzy\u0107 w\u0142asnor\u0119cznie matryc\u0119, a nast\u0119pnie nadruk na bawe\u0142nianej torbie. Dodatkowo \u201eLinoryjki\u201d wtajemnicz\u0105 nas na przyk\u0142ad w temat: \u201e Jak wykona\u0107 matryc\u0119 powtarzalnego wzoru, kt\u00f3rego wielokrotny nadruk daje niesamowity efekt\u201d.\u00a0 Wspania\u0142a sprawa dla wszystkich \u017cyj\u0105cych w zgodzie z duchem eko, torba przyda si\u0119 na zakupy, a by\u0107 mo\u017ce na prezent dla \u201eeko przyjaci\u00f3\u0142ki\u201d! Zapraszamy do zapis\u00f3w, poniewa\u017c ilo\u015b\u0107 miejsc jest ograniczona!<\/p>\n<p style=\"font-weight: 400;\"><strong>&#8211; 29.01.2019 godz. 11:00 &#8222;Drewniane podk\u0142adki pod kubek&#8221;, wst\u0119p wolny<\/strong><\/p>\n<p style=\"font-weight: 400;\">Kolejne, dopo\u0142udniowe warsztaty z cyklu \u201eKreatywni 60+\u201d zapowiadaj\u0105 si\u0119 bardzo interesuj\u0105co. Nie cz\u0119sto si\u0119gamy po drewno, aby da\u0107 upust swoim kreatywnym zdolno\u015bciom wi\u0119c tym razem b\u0119dzie na to szansa. Zestaw sze\u015bciu, drewnianych podk\u0142adek pod kubki z kaw\u0105 lub herbatk\u0105, zim\u0105 b\u0119d\u0105 jak znalaz\u0142. Schowane w zgrabnym opakowaniu, w\u0142asnor\u0119cznie pomalowane i udekorowane wyklejkami z serwetek mog\u0105 si\u0119 okaza\u0107 pomys\u0142owym prezentem lub super dekoracj\u0105 sto\u0142u gdy przyjd\u0105 go\u015bcie.<\/p>\n<p style=\"font-weight: 400;\">\n<p style=\"font-weight: 400;\">Zapisy od 07.01.2019 roku osobi\u015bcie w Galerii pod Glinianym Anio\u0142em oraz telefonicznie pod numerem tel. 34 351 06 88 w godz. 15.00-21.00.<\/p>\n","protected":false},"excerpt":{"rendered":"<p>Drodzy lublinieccy seniorzy! Specjalnie dla Was wracamy z nowymi pomys\u0142ami. B\u0119dziecie mieli okazj\u0119 sp\u0119dzi\u0107 czas w klimatycznym miejscu, w naszej galerii. Zapraszamy do Miejskiego<\/p>\n","protected":false},"author":3,"featured_media":0,"comment_status":"open","ping_status":"closed","sticky":false,"template":"","format":"standard","meta":{"_monsterinsights_skip_tracking":false,"_monsterinsights_sitenote_active":false,"_monsterinsights_sitenote_note":"","_monsterinsights_sitenote_category":0,"_uf_show_specific_survey":0,"_uf_disable_surveys":false,"footnotes":""},"categories":[12,25,14],"tags":[],"class_list":["post-1465","post","type-post","status-publish","format-standard","hentry","category-kultura-i-rozrywka","category-lubliniec","category-repertuary"],"_links":{"self":[{"href":"https:\/\/gazetaregionalna.com\/wp-json\/wp\/v2\/posts\/1465","targetHints":{"allow":["GET"]}}],"collection":[{"href":"https:\/\/gazetaregionalna.com\/wp-json\/wp\/v2\/posts"}],"about":[{"href":"https:\/\/gazetaregionalna.com\/wp-json\/wp\/v2\/types\/post"}],"author":[{"embeddable":true,"href":"https:\/\/gazetaregionalna.com\/wp-json\/wp\/v2\/users\/3"}],"replies":[{"embeddable":true,"href":"https:\/\/gazetaregionalna.com\/wp-json\/wp\/v2\/comments?post=1465"}],"version-history":[{"count":1,"href":"https:\/\/gazetaregionalna.com\/wp-json\/wp\/v2\/posts\/1465\/revisions"}],"predecessor-version":[{"id":1467,"href":"https:\/\/gazetaregionalna.com\/wp-json\/wp\/v2\/posts\/1465\/revisions\/1467"}],"wp:attachment":[{"href":"https:\/\/gazetaregionalna.com\/wp-json\/wp\/v2\/media?parent=1465"}],"wp:term":[{"taxonomy":"category","embeddable":true,"href":"https:\/\/gazetaregionalna.com\/wp-json\/wp\/v2\/categories?post=1465"},{"taxonomy":"post_tag","embeddable":true,"href":"https:\/\/gazetaregionalna.com\/wp-json\/wp\/v2\/tags?post=1465"}],"curies":[{"name":"wp","href":"https:\/\/api.w.org\/{rel}","templated":true}]}}