{"id":146118,"date":"2026-01-27T11:08:41","date_gmt":"2026-01-27T11:08:41","guid":{"rendered":"https:\/\/gazetaregionalna.com\/?p=146118"},"modified":"2026-01-27T11:13:40","modified_gmt":"2026-01-27T11:13:40","slug":"szafy","status":"publish","type":"post","link":"https:\/\/gazetaregionalna.com\/?p=146118","title":{"rendered":"Szafy kartotekowe do instytucji u\u017cyteczno\u015bci publicznej"},"content":{"rendered":"\n<h4 class=\"wp-block-heading\"><strong>Meble metalowe uwa\u017cane s\u0105 za najbardziej wszechstronne wyposa\u017cenie na rynku. Du\u017ca r\u00f3\u017cnorodno\u015b\u0107 modeli sprawia, \u017ce mo\u017cna je wykorzysta\u0107 niemal w ka\u017cdym miejscu. Szczeg\u00f3lnie popularne s\u0105 metalowe szafy na kartoteki. Ich trwa\u0142o\u015b\u0107 i wysoka wytrzyma\u0142o\u015b\u0107 sprawiaj\u0105, \u017ce s\u0105 one odporne nawet na najbardziej intensywne u\u017cytkowanie.<\/strong><\/h4>\n\n\n\n<h2 class=\"wp-block-heading\">Gdzie znajd\u0105 zastosowanie szafy na kartoteki?<\/h2>\n\n\n\n<p><a href=\"https:\/\/umstahl.pl\" target=\"_blank\" rel=\"noopener\">Meble metalowe<\/a> tworzone s\u0105 z wysokiej jako\u015bci stali o odpowiedniej grubo\u015bci. Wykorzystanie podczas produkcji solidnego materia\u0142u powoduje, \u017ce wyposa\u017cenie to cechuje niezawodno\u015b\u0107. Jest ono w pe\u0142ni stabilne i spe\u0142nia wymagania BHP. Oznacza to, \u017ce mo\u017ce by\u0107 stosowane nawet w trudnych warunkach. Powierzchnia mebli metalowych malowana jest proszkowo na dowolny kolor z palety RAL. W ten spos\u00f3b mo\u017cliwe jest dopasowanie wygl\u0105du mebla do aran\u017cacji wn\u0119trza i pozosta\u0142ego wyposa\u017cenia. Co wi\u0119cej, metoda proszkowa zabezpiecza mebel przed dzia\u0142aniem korozji, zarysowaniami oraz innymi uszkodzeniami mechanicznymi.<\/p>\n\n\n\n<figure class=\"wp-block-image size-full is-resized\"><img decoding=\"async\" width=\"519\" height=\"541\" data-src=\"https:\/\/gazetaregionalna.com\/wp-content\/uploads\/2026\/01\/Szafy-kartotekowe-2_max.jpg\" alt=\"\" class=\"wp-image-146120 lazyload\" style=\"--smush-placeholder-width: 519px; --smush-placeholder-aspect-ratio: 519\/541;width:417px;height:auto\" data-srcset=\"https:\/\/gazetaregionalna.com\/wp-content\/uploads\/2026\/01\/Szafy-kartotekowe-2_max.jpg 519w, https:\/\/gazetaregionalna.com\/wp-content\/uploads\/2026\/01\/Szafy-kartotekowe-2_max-288x300.jpg 288w\" data-sizes=\"(max-width: 519px) 100vw, 519px\" src=\"data:image\/svg+xml;base64,PHN2ZyB3aWR0aD0iMSIgaGVpZ2h0PSIxIiB4bWxucz0iaHR0cDovL3d3dy53My5vcmcvMjAwMC9zdmciPjwvc3ZnPg==\" \/><\/figure>\n\n\n\n<p><a href=\"https:\/\/umstahl.pl\/szafy-kartotekowe,c11.html\" target=\"_blank\" rel=\"noopener\">Szafy na kartoteki<\/a>&nbsp;to jedne z najcz\u0119\u015bciej wybieranych mebli metalowych. Spotka\u0107 je mo\u017cemy w urz\u0119dach, szpitalach, przychodniach, gabinetach lekarskich, plac\u00f3wkach naukowych, szko\u0142ach, przedsi\u0119biorstwach, pracowniach architektonicznych, biurach i wsz\u0119dzie tam, gdzie zachodzi potrzeba ewidencji dokument\u00f3w. Szafy na kartoteki wyst\u0119puj\u0105 w r\u00f3\u017cnych rozmiarach, dzi\u0119ki czemu mo\u017cliwe jest znalezienie mebla dopasowanego do zapotrzebowania. Szuflady mog\u0105 pomie\u015bci\u0107 dokumentacj\u0119 w formacie B5, A4, A5 lub A6.<\/p>\n\n\n\n<h2 class=\"wp-block-heading\">Budowa szaf kartotekowych<\/h2>\n\n\n\n<p>Ka\u017cda z szaf wzbogacona jest w specjalny mechanizm uniemo\u017cliwiaj\u0105cy wysuni\u0119cie si\u0119 kilku szuflad jednocze\u015bnie \u2013 co zabezpiecza mebel przed przewr\u00f3ceniem si\u0119. Dzia\u0142anie szuflad jest oparte na teleskopowych prowadnicach kulkowych pozwalaj\u0105cych na pe\u0142en wysuw. W ten spos\u00f3b mo\u017cemy mie\u0107 swobodny dost\u0119p do kartotek znajduj\u0105cych si\u0119 w tylnej cz\u0119\u015bci szuflady. Ka\u017cda szuflada posiada miejsce na identyfikator, dzi\u0119ki kt\u00f3remu mo\u017cliwe jest utrzymanie porz\u0105dku w dokumentacji. Kartoteki mog\u0105 by\u0107 przechowywane wed\u0142ug dowolnie dobranego klucza \u2013 daty, alfabetu lub tematyki. Istnieje te\u017c mo\u017cliwo\u015b\u0107 doposa\u017cenia mebla w przegrody u\u0142atwiaj\u0105ce segregacj\u0119 teczek. <\/p>\n\n\n\n<p>Model A4 posiada dwie lub cztery dwurz\u0119dowe szuflady, umo\u017cliwiaj\u0105ce poziome przechowywanie dokument\u00f3w. Natomiast wielko\u015b\u0107 B5 mo\u017ce by\u0107 wyposa\u017cona w a\u017c siedem dwurz\u0119dowych szuflad. Szafa ta sprawdzi si\u0119 w miejscach o ograniczonej przestrzeni. Producenci mebli metalowych oferuj\u0105 te\u017c <a href=\"https:\/\/umstahl.pl\/stoly-warsztatowe,c20.html\" target=\"_blank\" rel=\"noopener\">sto\u0142y warsztatowe<\/a>, szafki szkolne, szafy aktowe, stra\u017cackie, sportowe, skrytkowe, BHP czy gospodarcze.<\/p>\n","protected":false},"excerpt":{"rendered":"<p>Meble metalowe uwa\u017cane s\u0105 za najbardziej wszechstronne wyposa\u017cenie na rynku. Du\u017ca r\u00f3\u017cnorodno\u015b\u0107 modeli sprawia, \u017ce mo\u017cna je wykorzysta\u0107 niemal w ka\u017cdym miejscu. Szczeg\u00f3lnie popularne<\/p>\n","protected":false},"author":5,"featured_media":146123,"comment_status":"closed","ping_status":"open","sticky":false,"template":"","format":"standard","meta":{"_monsterinsights_skip_tracking":false,"_monsterinsights_sitenote_active":false,"_monsterinsights_sitenote_note":"","_monsterinsights_sitenote_category":0,"_uf_show_specific_survey":0,"_uf_disable_surveys":false,"footnotes":""},"categories":[32,43],"tags":[10333,10334,10335],"class_list":["post-146118","post","type-post","status-publish","format-standard","has-post-thumbnail","hentry","category-wyposazenie-wnetrz","category-biznes","tag-meble-biurowe","tag-meble-metalowe","tag-szafy-na-kartoteki"],"_links":{"self":[{"href":"https:\/\/gazetaregionalna.com\/index.php?rest_route=\/wp\/v2\/posts\/146118","targetHints":{"allow":["GET"]}}],"collection":[{"href":"https:\/\/gazetaregionalna.com\/index.php?rest_route=\/wp\/v2\/posts"}],"about":[{"href":"https:\/\/gazetaregionalna.com\/index.php?rest_route=\/wp\/v2\/types\/post"}],"author":[{"embeddable":true,"href":"https:\/\/gazetaregionalna.com\/index.php?rest_route=\/wp\/v2\/users\/5"}],"replies":[{"embeddable":true,"href":"https:\/\/gazetaregionalna.com\/index.php?rest_route=%2Fwp%2Fv2%2Fcomments&post=146118"}],"version-history":[{"count":3,"href":"https:\/\/gazetaregionalna.com\/index.php?rest_route=\/wp\/v2\/posts\/146118\/revisions"}],"predecessor-version":[{"id":146122,"href":"https:\/\/gazetaregionalna.com\/index.php?rest_route=\/wp\/v2\/posts\/146118\/revisions\/146122"}],"wp:featuredmedia":[{"embeddable":true,"href":"https:\/\/gazetaregionalna.com\/index.php?rest_route=\/wp\/v2\/media\/146123"}],"wp:attachment":[{"href":"https:\/\/gazetaregionalna.com\/index.php?rest_route=%2Fwp%2Fv2%2Fmedia&parent=146118"}],"wp:term":[{"taxonomy":"category","embeddable":true,"href":"https:\/\/gazetaregionalna.com\/index.php?rest_route=%2Fwp%2Fv2%2Fcategories&post=146118"},{"taxonomy":"post_tag","embeddable":true,"href":"https:\/\/gazetaregionalna.com\/index.php?rest_route=%2Fwp%2Fv2%2Ftags&post=146118"}],"curies":[{"name":"wp","href":"https:\/\/api.w.org\/{rel}","templated":true}]}}