{"id":14590,"date":"2020-06-21T09:44:40","date_gmt":"2020-06-21T09:44:40","guid":{"rendered":"https:\/\/gazetaregionalna.com\/?p=14590"},"modified":"2020-06-21T09:44:41","modified_gmt":"2020-06-21T09:44:41","slug":"uwaga-kleszcze","status":"publish","type":"post","link":"https:\/\/gazetaregionalna.com\/?p=14590","title":{"rendered":"Uwaga, kleszcze!"},"content":{"rendered":"\n<p>  W ca\u0142ym kraju mamy prawdziwy wysyp kleszczy. Pojawiaj\u0105 si\u0119 one w lasach, a tak\u017ce na polach czy trawnikach w miastach.<\/p>\n\n\n\n<p> W zwi\u0105zku z zagro\u017ceniem, jakie wi\u0105\u017ce z uk\u0105szeniem przez kleszcza, samorz\u0105dy ostrzegaj\u0105 swoich mieszka\u0144c\u00f3w, aby unikali kontakt\u00f3w z kleszczami, a szczeg\u00f3lnie chroni dzieci.<\/p>\n\n\n\n<p><br> Warto zapozna\u0107 si\u0119 z poni\u017cszymi informacjami, aby unikn\u0105\u0107 komplikacji po uk\u0105szeniu przez te gro\u017ane owady:<\/p>\n\n\n\n<figure class=\"wp-block-image size-large\"><img decoding=\"async\" width=\"1024\" height=\"770\" data-src=\"https:\/\/gazetaregionalna.com\/wp-content\/uploads\/2020\/06\/kleszcze1-1024x770.jpg\" alt=\"\" class=\"wp-image-14591 lazyload\" data-srcset=\"https:\/\/gazetaregionalna.com\/wp-content\/uploads\/2020\/06\/kleszcze1-1024x770.jpg 1024w, https:\/\/gazetaregionalna.com\/wp-content\/uploads\/2020\/06\/kleszcze1-300x226.jpg 300w, https:\/\/gazetaregionalna.com\/wp-content\/uploads\/2020\/06\/kleszcze1-768x577.jpg 768w, https:\/\/gazetaregionalna.com\/wp-content\/uploads\/2020\/06\/kleszcze1-80x60.jpg 80w, https:\/\/gazetaregionalna.com\/wp-content\/uploads\/2020\/06\/kleszcze1-265x198.jpg 265w, https:\/\/gazetaregionalna.com\/wp-content\/uploads\/2020\/06\/kleszcze1-696x523.jpg 696w, https:\/\/gazetaregionalna.com\/wp-content\/uploads\/2020\/06\/kleszcze1-1068x803.jpg 1068w, https:\/\/gazetaregionalna.com\/wp-content\/uploads\/2020\/06\/kleszcze1-559x420.jpg 559w, https:\/\/gazetaregionalna.com\/wp-content\/uploads\/2020\/06\/kleszcze1.jpg 1100w\" data-sizes=\"(max-width: 1024px) 100vw, 1024px\" src=\"data:image\/svg+xml;base64,PHN2ZyB3aWR0aD0iMSIgaGVpZ2h0PSIxIiB4bWxucz0iaHR0cDovL3d3dy53My5vcmcvMjAwMC9zdmciPjwvc3ZnPg==\" style=\"--smush-placeholder-width: 1024px; --smush-placeholder-aspect-ratio: 1024\/770;\" \/><\/figure>\n\n\n\n<figure class=\"wp-block-image size-large\"><img decoding=\"async\" width=\"1024\" height=\"772\" data-src=\"https:\/\/gazetaregionalna.com\/wp-content\/uploads\/2020\/06\/kleszcze2-1024x772.jpg\" alt=\"\" class=\"wp-image-14592 lazyload\" data-srcset=\"https:\/\/gazetaregionalna.com\/wp-content\/uploads\/2020\/06\/kleszcze2-1024x772.jpg 1024w, https:\/\/gazetaregionalna.com\/wp-content\/uploads\/2020\/06\/kleszcze2-300x226.jpg 300w, https:\/\/gazetaregionalna.com\/wp-content\/uploads\/2020\/06\/kleszcze2-768x579.jpg 768w, https:\/\/gazetaregionalna.com\/wp-content\/uploads\/2020\/06\/kleszcze2-80x60.jpg 80w, https:\/\/gazetaregionalna.com\/wp-content\/uploads\/2020\/06\/kleszcze2-696x525.jpg 696w, https:\/\/gazetaregionalna.com\/wp-content\/uploads\/2020\/06\/kleszcze2-557x420.jpg 557w, https:\/\/gazetaregionalna.com\/wp-content\/uploads\/2020\/06\/kleszcze2.jpg 1068w\" data-sizes=\"(max-width: 1024px) 100vw, 1024px\" src=\"data:image\/svg+xml;base64,PHN2ZyB3aWR0aD0iMSIgaGVpZ2h0PSIxIiB4bWxucz0iaHR0cDovL3d3dy53My5vcmcvMjAwMC9zdmciPjwvc3ZnPg==\" style=\"--smush-placeholder-width: 1024px; --smush-placeholder-aspect-ratio: 1024\/772;\" \/><\/figure>\n","protected":false},"excerpt":{"rendered":"<p>W ca\u0142ym kraju mamy prawdziwy wysyp kleszczy. Pojawiaj\u0105 si\u0119 one w lasach, a tak\u017ce na polach czy trawnikach w miastach. W zwi\u0105zku z zagro\u017ceniem,<\/p>\n","protected":false},"author":7,"featured_media":12993,"comment_status":"open","ping_status":"open","sticky":false,"template":"","format":"standard","meta":{"_monsterinsights_skip_tracking":false,"_monsterinsights_sitenote_active":false,"_monsterinsights_sitenote_note":"","_monsterinsights_sitenote_category":0,"_uf_show_specific_survey":0,"_uf_disable_surveys":false,"footnotes":""},"categories":[94,2],"tags":[],"class_list":["post-14590","post","type-post","status-publish","format-standard","has-post-thumbnail","hentry","category-polecane","category-wiadomosci"],"_links":{"self":[{"href":"https:\/\/gazetaregionalna.com\/index.php?rest_route=\/wp\/v2\/posts\/14590","targetHints":{"allow":["GET"]}}],"collection":[{"href":"https:\/\/gazetaregionalna.com\/index.php?rest_route=\/wp\/v2\/posts"}],"about":[{"href":"https:\/\/gazetaregionalna.com\/index.php?rest_route=\/wp\/v2\/types\/post"}],"author":[{"embeddable":true,"href":"https:\/\/gazetaregionalna.com\/index.php?rest_route=\/wp\/v2\/users\/7"}],"replies":[{"embeddable":true,"href":"https:\/\/gazetaregionalna.com\/index.php?rest_route=%2Fwp%2Fv2%2Fcomments&post=14590"}],"version-history":[{"count":1,"href":"https:\/\/gazetaregionalna.com\/index.php?rest_route=\/wp\/v2\/posts\/14590\/revisions"}],"predecessor-version":[{"id":14593,"href":"https:\/\/gazetaregionalna.com\/index.php?rest_route=\/wp\/v2\/posts\/14590\/revisions\/14593"}],"wp:featuredmedia":[{"embeddable":true,"href":"https:\/\/gazetaregionalna.com\/index.php?rest_route=\/wp\/v2\/media\/12993"}],"wp:attachment":[{"href":"https:\/\/gazetaregionalna.com\/index.php?rest_route=%2Fwp%2Fv2%2Fmedia&parent=14590"}],"wp:term":[{"taxonomy":"category","embeddable":true,"href":"https:\/\/gazetaregionalna.com\/index.php?rest_route=%2Fwp%2Fv2%2Fcategories&post=14590"},{"taxonomy":"post_tag","embeddable":true,"href":"https:\/\/gazetaregionalna.com\/index.php?rest_route=%2Fwp%2Fv2%2Ftags&post=14590"}],"curies":[{"name":"wp","href":"https:\/\/api.w.org\/{rel}","templated":true}]}}