{"id":14587,"date":"2020-06-21T09:26:29","date_gmt":"2020-06-21T09:26:29","guid":{"rendered":"https:\/\/gazetaregionalna.com\/?p=14587"},"modified":"2020-06-21T09:26:31","modified_gmt":"2020-06-21T09:26:31","slug":"w-myszkowie-remontuja-kolejna-ulice","status":"publish","type":"post","link":"https:\/\/gazetaregionalna.com\/?p=14587","title":{"rendered":"W Myszkowie remontuj\u0105 kolejn\u0105 ulic\u0119"},"content":{"rendered":"\n<p> Dobiega ko\u0144ca remont ulicy Ogrodowej w Myszkowie. Jak informuj\u0105 w\u0142adze samorz\u0105dowe, obecnie trwaj\u0105 tam prace przy uk\u0142adaniu nawierzchni asfaltowej na ostatnim odcinku, a wi\u0119c od gara\u017cy przy ulicy Ogrodowej do skrzy\u017cowania z ulic\u0105 1 Maja.<\/p>\n\n\n\n<p><br> Modernizacja drogi rozpocz\u0119\u0142a si\u0119 pod koniec 2018 roku i by\u0142a podzielon\u0105 na dwa zadania: &#8222;Przebudowa i budowa sieci wodoci\u0105gowej w ul. Ogrodowej i bocznej wraz z przepi\u0119ciem istniej\u0105cych przy\u0142\u0105czy wodoci\u0105gowych&#8221; oraz &#8222;Budowa drogi wraz z kanalizacj\u0105 sanitarn\u0105 i deszczow\u0105&#8221;.<\/p>\n\n\n\n<p><br> (\u0179r\u00f3d\u0142o: UM Myszk\u00f3w)<\/p>\n","protected":false},"excerpt":{"rendered":"<p>Dobiega ko\u0144ca remont ulicy Ogrodowej w Myszkowie. Jak informuj\u0105 w\u0142adze samorz\u0105dowe, obecnie trwaj\u0105 tam prace przy uk\u0142adaniu nawierzchni asfaltowej na ostatnim odcinku, a wi\u0119c<\/p>\n","protected":false},"author":7,"featured_media":14589,"comment_status":"open","ping_status":"open","sticky":false,"template":"","format":"standard","meta":{"_monsterinsights_skip_tracking":false,"_monsterinsights_sitenote_active":false,"_monsterinsights_sitenote_note":"","_monsterinsights_sitenote_category":0,"_uf_show_specific_survey":0,"_uf_disable_surveys":false,"footnotes":""},"categories":[94,26,2],"tags":[],"class_list":["post-14587","post","type-post","status-publish","format-standard","has-post-thumbnail","hentry","category-polecane","category-myszkow","category-wiadomosci"],"_links":{"self":[{"href":"https:\/\/gazetaregionalna.com\/index.php?rest_route=\/wp\/v2\/posts\/14587","targetHints":{"allow":["GET"]}}],"collection":[{"href":"https:\/\/gazetaregionalna.com\/index.php?rest_route=\/wp\/v2\/posts"}],"about":[{"href":"https:\/\/gazetaregionalna.com\/index.php?rest_route=\/wp\/v2\/types\/post"}],"author":[{"embeddable":true,"href":"https:\/\/gazetaregionalna.com\/index.php?rest_route=\/wp\/v2\/users\/7"}],"replies":[{"embeddable":true,"href":"https:\/\/gazetaregionalna.com\/index.php?rest_route=%2Fwp%2Fv2%2Fcomments&post=14587"}],"version-history":[{"count":1,"href":"https:\/\/gazetaregionalna.com\/index.php?rest_route=\/wp\/v2\/posts\/14587\/revisions"}],"predecessor-version":[{"id":14588,"href":"https:\/\/gazetaregionalna.com\/index.php?rest_route=\/wp\/v2\/posts\/14587\/revisions\/14588"}],"wp:featuredmedia":[{"embeddable":true,"href":"https:\/\/gazetaregionalna.com\/index.php?rest_route=\/wp\/v2\/media\/14589"}],"wp:attachment":[{"href":"https:\/\/gazetaregionalna.com\/index.php?rest_route=%2Fwp%2Fv2%2Fmedia&parent=14587"}],"wp:term":[{"taxonomy":"category","embeddable":true,"href":"https:\/\/gazetaregionalna.com\/index.php?rest_route=%2Fwp%2Fv2%2Fcategories&post=14587"},{"taxonomy":"post_tag","embeddable":true,"href":"https:\/\/gazetaregionalna.com\/index.php?rest_route=%2Fwp%2Fv2%2Ftags&post=14587"}],"curies":[{"name":"wp","href":"https:\/\/api.w.org\/{rel}","templated":true}]}}