{"id":145559,"date":"2026-01-09T12:20:26","date_gmt":"2026-01-09T12:20:26","guid":{"rendered":"https:\/\/gazetaregionalna.com\/?p=145559"},"modified":"2026-01-09T12:20:27","modified_gmt":"2026-01-09T12:20:27","slug":"rakow-trenuje-w-turcji-w-sobote-rozegra-1-z-5-meczow-kontrolnych","status":"publish","type":"post","link":"https:\/\/gazetaregionalna.com\/?p=145559","title":{"rendered":"Rak\u00f3w trenuje w Turcji. W sobot\u0119 rozegra 1 z 5 mecz\u00f3w kontrolnych"},"content":{"rendered":"\n<p>Pi\u0142karze Rakowa Cz\u0119stochowa od 7 stycznia 2026 roku przygotowuj\u0105 si\u0119 w tureckim Belek do rundy wiosennej w PKO BP Ekstraklasie oraz do gry w europejskich pucharach. W sobot\u0119 Rak\u00f3w rozegra pierwszy mecz kontrolny.<\/p>\n\n\n\n<p>Cz\u0119stochowscy pi\u0142karze wylecieli do Turcji 7 stycznia rano. Tego samego dnia w godzinach popo\u0142udniowych odbyli pierwszy trening podczas obozu przygotowawczego. Po czwartkowych i pi\u0105tkowych zaj\u0119ciach w sobot\u0119 przyjedzie czas na pierwsz\u0105 gr\u0119 kontroln\u0105. Podopieczni trenera \u0141ukasza Tomczyka zagraj\u0105 z austriackim Red Bull Salzburg.<\/p>\n\n\n\n<p>W kolejnych czterech sparingach Rak\u00f3w ma zmierzy\u0107 si\u0119 z: 14 stycznia z \u0141udogorec Razgrad, 18 stycznia z Partizanem Belgrad, i 23 stycznia z FK Vojvodina Nowy Sad oraz z FC TSC Ba\u0107ka Topola.<\/p>\n\n\n\n<p>W sobot\u0119 w Belek ma by\u0107 ok. 16 stopni Celsjusza. Podczas \u015brodowego treningu czerwono-niebieskich przywita\u0142 jednak ma\u0142y deszcz. Prognozy na najbli\u017csze dni s\u0105 jednak dobre. Opady prognozowane s\u0105 w najbli\u017cszych dniach tylko na niedziel\u0119.<\/p>\n\n\n\n<p>W niedziel\u0119 Rak\u00f3w planuje otwarty dzie\u0144 dla dziennikarzy. Kilku pi\u0142karzy Rakowa b\u0119dzie do dyspozycji medi\u00f3w.<\/p>\n\n\n\n<p>MR-K, fot: AK<\/p>\n\n\n\n<p>Partnerami relacji sportowych s\u0105:<\/p>\n\n\n\n<p>Kreczmer Janusz \u2013 wynajem autokar\u00f3w i bus\u00f3w \u2013 przew\u00f3z os\u00f3b<\/p>\n\n\n\n<p>DMK Invest materia\u0142y budowlane Konopiska<\/p>\n\n\n\n<p>Semex \u2013 Hurtownia budowlana Cz\u0119stochowa<\/p>\n\n\n\n<p>PHU StolMat \u2013 drzwi, okna, rolety Cz\u0119stochowa<\/p>\n\n\n\n<p>Invictel \u2013 systemy alarmowe, monitoringi, automatyka do bram, kontrolery dost\u0119pu, smarthome<\/p>\n\n\n\n<figure class=\"wp-block-image size-large\"><img decoding=\"async\" width=\"1024\" height=\"1024\" data-src=\"https:\/\/gazetaregionalna.com\/wp-content\/uploads\/2025\/12\/Kreczmer-Janusz-1024x1024.jpg\" alt=\"\" class=\"wp-image-144453 lazyload\" data-srcset=\"https:\/\/gazetaregionalna.com\/wp-content\/uploads\/2025\/12\/Kreczmer-Janusz-1024x1024.jpg 1024w, https:\/\/gazetaregionalna.com\/wp-content\/uploads\/2025\/12\/Kreczmer-Janusz-300x300.jpg 300w, https:\/\/gazetaregionalna.com\/wp-content\/uploads\/2025\/12\/Kreczmer-Janusz-150x150.jpg 150w, https:\/\/gazetaregionalna.com\/wp-content\/uploads\/2025\/12\/Kreczmer-Janusz-768x768.jpg 768w, https:\/\/gazetaregionalna.com\/wp-content\/uploads\/2025\/12\/Kreczmer-Janusz-215x215.jpg 215w, https:\/\/gazetaregionalna.com\/wp-content\/uploads\/2025\/12\/Kreczmer-Janusz.jpg 1080w\" data-sizes=\"(max-width: 1024px) 100vw, 1024px\" src=\"data:image\/svg+xml;base64,PHN2ZyB3aWR0aD0iMSIgaGVpZ2h0PSIxIiB4bWxucz0iaHR0cDovL3d3dy53My5vcmcvMjAwMC9zdmciPjwvc3ZnPg==\" style=\"--smush-placeholder-width: 1024px; --smush-placeholder-aspect-ratio: 1024\/1024;\" \/><\/figure>\n\n\n\n<figure class=\"wp-block-image size-large\"><img decoding=\"async\" width=\"1024\" height=\"667\" data-src=\"https:\/\/gazetaregionalna.com\/wp-content\/uploads\/2026\/01\/Rakow-trening-5-1024x667.jpg\" alt=\"\" class=\"wp-image-145532 lazyload\" data-srcset=\"https:\/\/gazetaregionalna.com\/wp-content\/uploads\/2026\/01\/Rakow-trening-5-1024x667.jpg 1024w, https:\/\/gazetaregionalna.com\/wp-content\/uploads\/2026\/01\/Rakow-trening-5-300x196.jpg 300w, https:\/\/gazetaregionalna.com\/wp-content\/uploads\/2026\/01\/Rakow-trening-5-768x500.jpg 768w, https:\/\/gazetaregionalna.com\/wp-content\/uploads\/2026\/01\/Rakow-trening-5.jpg 1200w\" data-sizes=\"(max-width: 1024px) 100vw, 1024px\" src=\"data:image\/svg+xml;base64,PHN2ZyB3aWR0aD0iMSIgaGVpZ2h0PSIxIiB4bWxucz0iaHR0cDovL3d3dy53My5vcmcvMjAwMC9zdmciPjwvc3ZnPg==\" style=\"--smush-placeholder-width: 1024px; --smush-placeholder-aspect-ratio: 1024\/667;\" \/><\/figure>\n\n\n\n<figure class=\"wp-block-image size-large\"><img decoding=\"async\" width=\"1024\" height=\"1024\" data-src=\"https:\/\/gazetaregionalna.com\/wp-content\/uploads\/2025\/10\/DMK-12.10.25-1-1024x1024.jpg\" alt=\"\" class=\"wp-image-142120 lazyload\" data-srcset=\"https:\/\/gazetaregionalna.com\/wp-content\/uploads\/2025\/10\/DMK-12.10.25-1-1024x1024.jpg 1024w, https:\/\/gazetaregionalna.com\/wp-content\/uploads\/2025\/10\/DMK-12.10.25-1-300x300.jpg 300w, https:\/\/gazetaregionalna.com\/wp-content\/uploads\/2025\/10\/DMK-12.10.25-1-150x150.jpg 150w, https:\/\/gazetaregionalna.com\/wp-content\/uploads\/2025\/10\/DMK-12.10.25-1-768x768.jpg 768w, https:\/\/gazetaregionalna.com\/wp-content\/uploads\/2025\/10\/DMK-12.10.25-1-215x215.jpg 215w, https:\/\/gazetaregionalna.com\/wp-content\/uploads\/2025\/10\/DMK-12.10.25-1.jpg 1200w\" data-sizes=\"(max-width: 1024px) 100vw, 1024px\" src=\"data:image\/svg+xml;base64,PHN2ZyB3aWR0aD0iMSIgaGVpZ2h0PSIxIiB4bWxucz0iaHR0cDovL3d3dy53My5vcmcvMjAwMC9zdmciPjwvc3ZnPg==\" style=\"--smush-placeholder-width: 1024px; --smush-placeholder-aspect-ratio: 1024\/1024;\" \/><\/figure>\n\n\n\n<figure class=\"wp-block-image size-large\"><img decoding=\"async\" width=\"1024\" height=\"686\" data-src=\"https:\/\/gazetaregionalna.com\/wp-content\/uploads\/2026\/01\/Rakow-trening-2-1024x686.jpg\" alt=\"\" class=\"wp-image-145529 lazyload\" data-srcset=\"https:\/\/gazetaregionalna.com\/wp-content\/uploads\/2026\/01\/Rakow-trening-2-1024x686.jpg 1024w, https:\/\/gazetaregionalna.com\/wp-content\/uploads\/2026\/01\/Rakow-trening-2-300x201.jpg 300w, https:\/\/gazetaregionalna.com\/wp-content\/uploads\/2026\/01\/Rakow-trening-2-768x515.jpg 768w, https:\/\/gazetaregionalna.com\/wp-content\/uploads\/2026\/01\/Rakow-trening-2.jpg 1200w\" data-sizes=\"(max-width: 1024px) 100vw, 1024px\" src=\"data:image\/svg+xml;base64,PHN2ZyB3aWR0aD0iMSIgaGVpZ2h0PSIxIiB4bWxucz0iaHR0cDovL3d3dy53My5vcmcvMjAwMC9zdmciPjwvc3ZnPg==\" style=\"--smush-placeholder-width: 1024px; --smush-placeholder-aspect-ratio: 1024\/686;\" \/><\/figure>\n\n\n\n<figure class=\"wp-block-image size-large\"><img decoding=\"async\" width=\"1024\" height=\"1024\" data-src=\"https:\/\/gazetaregionalna.com\/wp-content\/uploads\/2025\/12\/StolMat-1024x1024.jpg\" alt=\"\" class=\"wp-image-144356 lazyload\" data-srcset=\"https:\/\/gazetaregionalna.com\/wp-content\/uploads\/2025\/12\/StolMat-1024x1024.jpg 1024w, https:\/\/gazetaregionalna.com\/wp-content\/uploads\/2025\/12\/StolMat-300x300.jpg 300w, https:\/\/gazetaregionalna.com\/wp-content\/uploads\/2025\/12\/StolMat-150x150.jpg 150w, https:\/\/gazetaregionalna.com\/wp-content\/uploads\/2025\/12\/StolMat-768x768.jpg 768w, https:\/\/gazetaregionalna.com\/wp-content\/uploads\/2025\/12\/StolMat-215x215.jpg 215w, https:\/\/gazetaregionalna.com\/wp-content\/uploads\/2025\/12\/StolMat.jpg 1080w\" data-sizes=\"(max-width: 1024px) 100vw, 1024px\" src=\"data:image\/svg+xml;base64,PHN2ZyB3aWR0aD0iMSIgaGVpZ2h0PSIxIiB4bWxucz0iaHR0cDovL3d3dy53My5vcmcvMjAwMC9zdmciPjwvc3ZnPg==\" style=\"--smush-placeholder-width: 1024px; --smush-placeholder-aspect-ratio: 1024\/1024;\" \/><\/figure>\n\n\n\n<figure class=\"wp-block-image size-large\"><img decoding=\"async\" width=\"1024\" height=\"670\" data-src=\"https:\/\/gazetaregionalna.com\/wp-content\/uploads\/2026\/01\/Rakow-trening-4-1024x670.jpg\" alt=\"\" class=\"wp-image-145531 lazyload\" data-srcset=\"https:\/\/gazetaregionalna.com\/wp-content\/uploads\/2026\/01\/Rakow-trening-4-1024x670.jpg 1024w, https:\/\/gazetaregionalna.com\/wp-content\/uploads\/2026\/01\/Rakow-trening-4-300x196.jpg 300w, https:\/\/gazetaregionalna.com\/wp-content\/uploads\/2026\/01\/Rakow-trening-4-768x502.jpg 768w, https:\/\/gazetaregionalna.com\/wp-content\/uploads\/2026\/01\/Rakow-trening-4.jpg 1200w\" data-sizes=\"(max-width: 1024px) 100vw, 1024px\" src=\"data:image\/svg+xml;base64,PHN2ZyB3aWR0aD0iMSIgaGVpZ2h0PSIxIiB4bWxucz0iaHR0cDovL3d3dy53My5vcmcvMjAwMC9zdmciPjwvc3ZnPg==\" style=\"--smush-placeholder-width: 1024px; --smush-placeholder-aspect-ratio: 1024\/670;\" \/><\/figure>\n\n\n\n<figure class=\"wp-block-image size-full\"><img decoding=\"async\" width=\"715\" height=\"715\" data-src=\"https:\/\/gazetaregionalna.com\/wp-content\/uploads\/2025\/10\/Invictel.jpg\" alt=\"\" class=\"wp-image-141997 lazyload\" data-srcset=\"https:\/\/gazetaregionalna.com\/wp-content\/uploads\/2025\/10\/Invictel.jpg 715w, https:\/\/gazetaregionalna.com\/wp-content\/uploads\/2025\/10\/Invictel-300x300.jpg 300w, https:\/\/gazetaregionalna.com\/wp-content\/uploads\/2025\/10\/Invictel-150x150.jpg 150w, https:\/\/gazetaregionalna.com\/wp-content\/uploads\/2025\/10\/Invictel-215x215.jpg 215w\" data-sizes=\"(max-width: 715px) 100vw, 715px\" src=\"data:image\/svg+xml;base64,PHN2ZyB3aWR0aD0iMSIgaGVpZ2h0PSIxIiB4bWxucz0iaHR0cDovL3d3dy53My5vcmcvMjAwMC9zdmciPjwvc3ZnPg==\" style=\"--smush-placeholder-width: 715px; --smush-placeholder-aspect-ratio: 715\/715;\" \/><\/figure>\n\n\n\n<figure class=\"wp-block-image size-large\"><img decoding=\"async\" width=\"1024\" height=\"684\" data-src=\"https:\/\/gazetaregionalna.com\/wp-content\/uploads\/2026\/01\/Rakow-trening-00-1024x684.jpg\" alt=\"\" class=\"wp-image-145527 lazyload\" data-srcset=\"https:\/\/gazetaregionalna.com\/wp-content\/uploads\/2026\/01\/Rakow-trening-00-1024x684.jpg 1024w, https:\/\/gazetaregionalna.com\/wp-content\/uploads\/2026\/01\/Rakow-trening-00-300x200.jpg 300w, https:\/\/gazetaregionalna.com\/wp-content\/uploads\/2026\/01\/Rakow-trening-00-768x513.jpg 768w, https:\/\/gazetaregionalna.com\/wp-content\/uploads\/2026\/01\/Rakow-trening-00.jpg 1200w\" data-sizes=\"(max-width: 1024px) 100vw, 1024px\" src=\"data:image\/svg+xml;base64,PHN2ZyB3aWR0aD0iMSIgaGVpZ2h0PSIxIiB4bWxucz0iaHR0cDovL3d3dy53My5vcmcvMjAwMC9zdmciPjwvc3ZnPg==\" style=\"--smush-placeholder-width: 1024px; --smush-placeholder-aspect-ratio: 1024\/684;\" \/><\/figure>\n\n\n\n<figure class=\"wp-block-image size-large\"><img decoding=\"async\" width=\"1024\" height=\"584\" data-src=\"https:\/\/gazetaregionalna.com\/wp-content\/uploads\/2025\/11\/Semex-jpg-1024x584.jpg\" alt=\"\" class=\"wp-image-143535 lazyload\" data-srcset=\"https:\/\/gazetaregionalna.com\/wp-content\/uploads\/2025\/11\/Semex-jpg-1024x584.jpg 1024w, https:\/\/gazetaregionalna.com\/wp-content\/uploads\/2025\/11\/Semex-jpg-300x171.jpg 300w, https:\/\/gazetaregionalna.com\/wp-content\/uploads\/2025\/11\/Semex-jpg-768x438.jpg 768w, https:\/\/gazetaregionalna.com\/wp-content\/uploads\/2025\/11\/Semex-jpg.jpg 1200w\" data-sizes=\"(max-width: 1024px) 100vw, 1024px\" src=\"data:image\/svg+xml;base64,PHN2ZyB3aWR0aD0iMSIgaGVpZ2h0PSIxIiB4bWxucz0iaHR0cDovL3d3dy53My5vcmcvMjAwMC9zdmciPjwvc3ZnPg==\" style=\"--smush-placeholder-width: 1024px; --smush-placeholder-aspect-ratio: 1024\/584;\" \/><\/figure>\n","protected":false},"excerpt":{"rendered":"<p>Pi\u0142karze Rakowa Cz\u0119stochowa od 7 stycznia 2026 roku przygotowuj\u0105 si\u0119 w tureckim Belek do rundy wiosennej w PKO BP Ekstraklasie oraz do gry w<\/p>\n","protected":false},"author":25,"featured_media":145531,"comment_status":"closed","ping_status":"open","sticky":false,"template":"","format":"standard","meta":{"_monsterinsights_skip_tracking":false,"_monsterinsights_sitenote_active":false,"_monsterinsights_sitenote_note":"","_monsterinsights_sitenote_category":0,"_uf_show_specific_survey":0,"_uf_disable_surveys":false,"footnotes":""},"categories":[94,6,5],"tags":[],"class_list":["post-145559","post","type-post","status-publish","format-standard","has-post-thumbnail","hentry","category-polecane","category-pilka-nozna","category-sport"],"_links":{"self":[{"href":"https:\/\/gazetaregionalna.com\/index.php?rest_route=\/wp\/v2\/posts\/145559","targetHints":{"allow":["GET"]}}],"collection":[{"href":"https:\/\/gazetaregionalna.com\/index.php?rest_route=\/wp\/v2\/posts"}],"about":[{"href":"https:\/\/gazetaregionalna.com\/index.php?rest_route=\/wp\/v2\/types\/post"}],"author":[{"embeddable":true,"href":"https:\/\/gazetaregionalna.com\/index.php?rest_route=\/wp\/v2\/users\/25"}],"replies":[{"embeddable":true,"href":"https:\/\/gazetaregionalna.com\/index.php?rest_route=%2Fwp%2Fv2%2Fcomments&post=145559"}],"version-history":[{"count":1,"href":"https:\/\/gazetaregionalna.com\/index.php?rest_route=\/wp\/v2\/posts\/145559\/revisions"}],"predecessor-version":[{"id":145560,"href":"https:\/\/gazetaregionalna.com\/index.php?rest_route=\/wp\/v2\/posts\/145559\/revisions\/145560"}],"wp:featuredmedia":[{"embeddable":true,"href":"https:\/\/gazetaregionalna.com\/index.php?rest_route=\/wp\/v2\/media\/145531"}],"wp:attachment":[{"href":"https:\/\/gazetaregionalna.com\/index.php?rest_route=%2Fwp%2Fv2%2Fmedia&parent=145559"}],"wp:term":[{"taxonomy":"category","embeddable":true,"href":"https:\/\/gazetaregionalna.com\/index.php?rest_route=%2Fwp%2Fv2%2Fcategories&post=145559"},{"taxonomy":"post_tag","embeddable":true,"href":"https:\/\/gazetaregionalna.com\/index.php?rest_route=%2Fwp%2Fv2%2Ftags&post=145559"}],"curies":[{"name":"wp","href":"https:\/\/api.w.org\/{rel}","templated":true}]}}