{"id":145543,"date":"2026-01-07T20:40:00","date_gmt":"2026-01-07T20:40:00","guid":{"rendered":"https:\/\/gazetaregionalna.com\/?p=145543"},"modified":"2026-01-08T20:57:53","modified_gmt":"2026-01-08T20:57:53","slug":"beksinscy-album-wideofoniczny-okf","status":"publish","type":"post","link":"https:\/\/gazetaregionalna.com\/?p=145543","title":{"rendered":"&#8222;Beksi\u0144scy. Album wideofoniczny&#8221; na ekranie OKF-u. &#8222;Kino dokumentalne &#8211; nasza mi\u0142o\u015b\u0107&#8221; w Cz\u0119stochowie"},"content":{"rendered":"\n<h2 class=\"wp-block-heading\">W cz\u0119stochowskim kinie OKF &#8222;Iluzja&#8221; trwa przegl\u0105d &#8222;PISF &amp; MDAG: kino dokumentalne \u2013 nasza mi\u0142o\u015b\u0107!\u201d. Drug\u0105 z propozycji przygotowanych w ramach cyklu jest film &#8222;Beksi\u0144scy. Album wideofoniczny&#8221;, kt\u00f3rego pokaz odb\u0119dzie si\u0119 8 stycznia o godz. 18.30.<\/h2>\n\n\n\n<p>Dokument &#8222;Beksi\u0144scy. Album wideofoniczny&#8221; opowiada histori\u0119 s\u0142ynnego malarza Zdzis\u0142awa Beksi\u0144skiego i jego skomplikowanej relacji z synem Tomkiem, niezwykle popularnym dziennikarzem muzycznym, cierpi\u0105cym na depresj\u0119 i podejmuj\u0105cym wielokrotnie pr\u00f3by samob\u00f3jcze. Film Marcin Borchardta to wstrz\u0105saj\u0105cy, dokumentalny dramat rodzinny, precyzyjnie zrekonstruowany na podstawie prywatnych, nigdy wcze\u015bniej w takiej formie niepublikowanych, materia\u0142\u00f3w z archiwum Beksi\u0144skich. Scenariusz oparty zosta\u0142 na biografii Magdaleny Grzeba\u0142kowskiej \u2013 \u201eBeksi\u0144scy. Portret podw\u00f3jny\u201d.<\/p>\n\n\n\n<figure class=\"wp-block-image size-full\"><img decoding=\"async\" width=\"434\" height=\"615\" data-src=\"https:\/\/gazetaregionalna.com\/wp-content\/uploads\/2026\/01\/Screenshot-2026-01-08-at-21-54-55-Beksinscy-plakat-441x624.webp-obraz-WEBP-441\u00d7624-pikseli-\u2014-Skala-98.jpg\" alt=\"\" class=\"wp-image-145544 lazyload\" data-srcset=\"https:\/\/gazetaregionalna.com\/wp-content\/uploads\/2026\/01\/Screenshot-2026-01-08-at-21-54-55-Beksinscy-plakat-441x624.webp-obraz-WEBP-441\u00d7624-pikseli-\u2014-Skala-98.jpg 434w, https:\/\/gazetaregionalna.com\/wp-content\/uploads\/2026\/01\/Screenshot-2026-01-08-at-21-54-55-Beksinscy-plakat-441x624.webp-obraz-WEBP-441\u00d7624-pikseli-\u2014-Skala-98-212x300.jpg 212w\" data-sizes=\"(max-width: 434px) 100vw, 434px\" src=\"data:image\/svg+xml;base64,PHN2ZyB3aWR0aD0iMSIgaGVpZ2h0PSIxIiB4bWxucz0iaHR0cDovL3d3dy53My5vcmcvMjAwMC9zdmciPjwvc3ZnPg==\" style=\"--smush-placeholder-width: 434px; --smush-placeholder-aspect-ratio: 434\/615;\" \/><\/figure>\n\n\n\n<p>Pod koniec lat 60. XX wieku transgresyjna sztuka Zdzis\u0142awa Beksi\u0144skiego zyska\u0142a rozg\u0142os w PRL-u. Szybko sta\u0142 si\u0119 on znanym artyst\u0105, otoczonym aur\u0105 tajemniczo\u015bci i ekscentryzmu. W filmie \u015bledzimy losy rodziny od momentu przeprowadzki z Sanoka do Warszawy latem 1977 roku, obserwuj\u0105c zar\u00f3wno sukcesy, jak i trudno\u015bci, z jakimi musieli si\u0119 mierzy\u0107 w wielkim mie\u015bcie.&nbsp;&nbsp;Zdzis\u0142aw Beksi\u0144ski jawi si\u0119 w dokumencie jako artysta stroni\u0105cy od ludzi, skupiony na swojej pracy tw\u00f3rczej. Jego mroczne, surrealistyczne obrazy stanowi\u0105 t\u0142o dla opowie\u015bci o skomplikowanych relacjach rodzinnych. Zofia, \u017cona artysty, przedstawiona jest jako cicha, ale niezwykle wa\u017cna posta\u0107, daj\u0105ca wsparcie m\u0119\u017cowi i synowi. Szczeg\u00f3ln\u0105 uwag\u0119 po\u015bwi\u0119cono Tomaszowi Beksi\u0144skiemu, kt\u00f3ry w latach 80. zdoby\u0142 ogromn\u0105 popularno\u015b\u0107 jako dziennikarz muzyczny. Jego audycja \u201eRomantycy muzyki rockowej\u201d w Polskim Radiu przyci\u0105ga\u0142a rzesze s\u0142uchaczy, czyni\u0105c go jednym z najbardziej rozpoznawalnych g\u0142os\u00f3w polskiej radiofonii.<\/p>\n\n\n\n<p>W filmie wykorzystano bogaty materia\u0142 archiwalny w postaci prywatnych list\u00f3w oraz nigdy wcze\u015bniej niepublikowanych nagra\u0144 d\u017awi\u0119kowych i filmowych z archiwum artysty, kt\u00f3re pozwalaj\u0105 widzom zanurzy\u0107 si\u0119 w intymny \u015bwiat tej niezwyk\u0142ej rodziny. Tw\u00f3rcy dokumentu precyzyjnie rekonstruuj\u0105 histori\u0119 Beksi\u0144skich, ods\u0142aniaj\u0105c zar\u00f3wno momenty triumfu, jak i osobiste tragedie.<\/p>\n\n\n\n<p>Dokument z 2017 r. grany b\u0119dzie w czwartek, 8 stycznia o godz. 18.30. To druga ju\u017c (po &#8222;Jak to si\u0119 robi&#8221;) propozycja prezentowana w ramach przegl\u0105du \u201ePISF &amp; MDAG: kino dokumentalne \u2013 nasza mi\u0142o\u015b\u0107!\u201d, kt\u00f3ry zapowiadali\u015bmy ju\u017c m.in. <a href=\"https:\/\/gazetaregionalna.com\/6-stycznia-okf-rozpocznie-przeglad-pisf-mdag\/\">TUTAJ.<\/a> Z okazji swojego 20-lecia Polski Instytutu Sztuki Filmowej zaprasza na wyj\u0105tkow\u0105 filmow\u0105 podr\u00f3\u017c przez ostatnie dwie dekady. Dzi\u0119ki temu na pocz\u0105tku nowego roku <a href=\"https:\/\/www.facebook.com\/kinostudyjneokfiluzja\" target=\"_blank\" rel=\"noopener\">Kino Studyjne OKF &#8222;Iluzja&#8221;<\/a> prezentuje najlepsze polskie filmy ostatniego dwudziestolecia.<\/p>\n\n\n\n<p><strong>Bilety kosztuj\u0105: 20 z\u0142 (normalny) i 18 z\u0142 (ulgowy). Przy zakupie bilet\u00f3w na 3-7 tytu\u0142\u00f3w cena biletu na jeden pokaz wynosi 15 z\u0142. Szczeg\u00f3\u0142y na stronie:<\/strong> <a href=\"https:\/\/okf.czest.pl\/\" target=\"_blank\" rel=\"noreferrer noopener\">okf.czest.pl.<\/a><\/p>\n\n\n\n<figure class=\"wp-block-image size-full\"><img decoding=\"async\" width=\"720\" height=\"1024\" data-src=\"https:\/\/gazetaregionalna.com\/wp-content\/uploads\/2026\/01\/plakat-dokumenty-720x1024-2.jpg\" alt=\"\" class=\"wp-image-145420 lazyload\" data-srcset=\"https:\/\/gazetaregionalna.com\/wp-content\/uploads\/2026\/01\/plakat-dokumenty-720x1024-2.jpg 720w, https:\/\/gazetaregionalna.com\/wp-content\/uploads\/2026\/01\/plakat-dokumenty-720x1024-2-211x300.jpg 211w\" data-sizes=\"(max-width: 720px) 100vw, 720px\" src=\"data:image\/svg+xml;base64,PHN2ZyB3aWR0aD0iMSIgaGVpZ2h0PSIxIiB4bWxucz0iaHR0cDovL3d3dy53My5vcmcvMjAwMC9zdmciPjwvc3ZnPg==\" style=\"--smush-placeholder-width: 720px; --smush-placeholder-aspect-ratio: 720\/1024;\" \/><\/figure>\n\n\n\n<p><strong>Oto program na kolejne dni przegl\u0105du &#8222;PISF&amp;MDAG:<\/strong> <strong>kino dokumentalne &#8211; nasza mi\u0142o\u015b\u0107!&#8221;:<\/strong><\/p>\n\n\n\n<p><strong>Ksi\u0105\u017c\u0119 i dybuk\u201d&nbsp; (2017), re\u017c. Elwira Niewiera, Piotr Roso\u0142owski, 82 min.<\/strong><\/p>\n\n\n\n<p><em>13 stycznia, godz. 18.45<\/em><\/p>\n\n\n\n<p><strong>\u201eFilm balkonowy\u201d&nbsp; (2021), re\u017c. Pawe\u0142 \u0141ozi\u0144ski, 100 min<\/strong><\/p>\n\n\n\n<p><em>15 stycznia, godz. 18.30<\/em><\/p>\n\n\n\n<p><strong>\u201ePianoforte\u201d&nbsp; (2023), re\u017c. Jakub Pi\u0105tek, 89 min<\/strong><\/p>\n\n\n\n<p><em>16 stycznia, godz. 18.45<\/em><\/p>\n\n\n\n<p><strong>\u201eSk\u0105d dok\u0105d\u201d&nbsp; (2023), re\u017c. Maciek Hamela, 84 min<\/strong><\/p>\n\n\n\n<p><em>20 stycznia, godz. 18.45<\/em><\/p>\n\n\n\n<p><strong>\u201eWanda Rutkiewicz. Ostatnia wyprawa\u201d&nbsp; (2024), re\u017c. Eliza Kubarska, 80 min<\/strong><\/p>\n\n\n\n<p><em>22 stycznia, godz. 18.45<\/em><\/p>\n","protected":false},"excerpt":{"rendered":"<p>W cz\u0119stochowskim kinie OKF &#8222;Iluzja&#8221; trwa przegl\u0105d &#8222;PISF &amp; MDAG: kino dokumentalne \u2013 nasza mi\u0142o\u015b\u0107!\u201d. Drug\u0105 z propozycji przygotowanych w ramach cyklu jest film<\/p>\n","protected":false},"author":11,"featured_media":144789,"comment_status":"closed","ping_status":"open","sticky":false,"template":"","format":"standard","meta":{"_monsterinsights_skip_tracking":false,"_monsterinsights_sitenote_active":false,"_monsterinsights_sitenote_note":"","_monsterinsights_sitenote_category":0,"_uf_show_specific_survey":0,"_uf_disable_surveys":false,"footnotes":""},"categories":[12,3,2],"tags":[10299,1160,10298,5083],"class_list":["post-145543","post","type-post","status-publish","format-standard","has-post-thumbnail","hentry","category-kultura-i-rozrywka","category-czestochowa-informacje","category-wiadomosci","tag-kino-dokumentalne","tag-okf","tag-pisfmdag","tag-przeglad"],"_links":{"self":[{"href":"https:\/\/gazetaregionalna.com\/index.php?rest_route=\/wp\/v2\/posts\/145543","targetHints":{"allow":["GET"]}}],"collection":[{"href":"https:\/\/gazetaregionalna.com\/index.php?rest_route=\/wp\/v2\/posts"}],"about":[{"href":"https:\/\/gazetaregionalna.com\/index.php?rest_route=\/wp\/v2\/types\/post"}],"author":[{"embeddable":true,"href":"https:\/\/gazetaregionalna.com\/index.php?rest_route=\/wp\/v2\/users\/11"}],"replies":[{"embeddable":true,"href":"https:\/\/gazetaregionalna.com\/index.php?rest_route=%2Fwp%2Fv2%2Fcomments&post=145543"}],"version-history":[{"count":1,"href":"https:\/\/gazetaregionalna.com\/index.php?rest_route=\/wp\/v2\/posts\/145543\/revisions"}],"predecessor-version":[{"id":145545,"href":"https:\/\/gazetaregionalna.com\/index.php?rest_route=\/wp\/v2\/posts\/145543\/revisions\/145545"}],"wp:featuredmedia":[{"embeddable":true,"href":"https:\/\/gazetaregionalna.com\/index.php?rest_route=\/wp\/v2\/media\/144789"}],"wp:attachment":[{"href":"https:\/\/gazetaregionalna.com\/index.php?rest_route=%2Fwp%2Fv2%2Fmedia&parent=145543"}],"wp:term":[{"taxonomy":"category","embeddable":true,"href":"https:\/\/gazetaregionalna.com\/index.php?rest_route=%2Fwp%2Fv2%2Fcategories&post=145543"},{"taxonomy":"post_tag","embeddable":true,"href":"https:\/\/gazetaregionalna.com\/index.php?rest_route=%2Fwp%2Fv2%2Ftags&post=145543"}],"curies":[{"name":"wp","href":"https:\/\/api.w.org\/{rel}","templated":true}]}}