{"id":145534,"date":"2026-01-08T07:11:01","date_gmt":"2026-01-08T07:11:01","guid":{"rendered":"https:\/\/gazetaregionalna.com\/?p=145534"},"modified":"2026-01-08T07:11:02","modified_gmt":"2026-01-08T07:11:02","slug":"czestochowska-straz-miejska-kontroluje-pustostany-i-pomaga-osobom-w-kryzysie-bezdomnosci","status":"publish","type":"post","link":"https:\/\/gazetaregionalna.com\/?p=145534","title":{"rendered":"Cz\u0119stochowska Stra\u017c Miejska kontroluje pustostany i pomaga osobom w kryzysie bezdomno\u015bci"},"content":{"rendered":"\n<p>Trwa zima. Mamy mro\u017ane noce, a synoptycy zapowiadaj\u0105 pogorszenie pogody. Cz\u0119stochowska Stra\u017c Miejska kontroluje miejsca niezamieszka\u0142e, gdzie mog\u0105 przebywa\u0107 osoby w kryzysie bezdomno\u015bci i proponuje pomoc. Pomaga\u0107 mog\u0105 te\u017c mieszkanki i mieszka\u0144cy dzwoni\u0105c do s\u0142u\u017cb mundurowych i wskazuj\u0105c pobyt os\u00f3b nara\u017conych na wych\u0142odzenie.<\/p>\n\n\n\n<p>W nocy z poniedzia\u0142ku na wtorek, z wtorku na \u015brod\u0119 i ze \u015brody na czwartek cz\u0119stochowska Stra\u017c Miejska skontrolowa\u0142a 168 miejsc, gdzie mog\u0105 gromadzi\u0107 si\u0119 osoby w kryzysie bezdomno\u015bci. Pomocy udzielono 9 osobom. 41 os\u00f3b nie potrzebowa\u0142o pomocy lub odm\u00f3wi\u0142o jej przyj\u0119cia.<\/p>\n\n\n\n<p>Podczas kontroli stra\u017cnicy miejscy namawiaj\u0105 osoby bezdomne, aby mro\u017ane noce sp\u0119dzi\u0142y w ogrzewalni lub noclegowni.<\/p>\n\n\n\n<p>Stra\u017c Miejska apeluje te\u017c do mieszkanek i mieszka\u0144c\u00f3w Cz\u0119stochowy. Pobyt os\u00f3b samotnych czy os\u00f3b w kryzysie bezdomno\u015bci, kt\u00f3re nara\u017cone s\u0105 na niskie temperatury i wych\u0142odzenie nale\u017cy zg\u0142asza\u0107 do s\u0142u\u017cb mundurowych. Telefon alarmowych do cz\u0119stochowskiej Stra\u017cy Miejskiej to 986.<\/p>\n\n\n\n<p>Stra\u017c Miejska w Cz\u0119stochowie i Miejski O\u015brodek Pomoc Spo\u0142ecznej, kt\u00f3ry koordynuje w Cz\u0119stochowie pomoc dla os\u00f3b w kryzysie bezdomno\u015bci apeluj\u0105: Wszyscy winni\u015bmy wykaza\u0107 si\u0119 wzmo\u017con\u0105 czujno\u015bci\u0105 i zwraca\u0107 uwag\u0119 na sytuacj\u0119 os\u00f3b w kryzysie bezdomno\u015bci oraz wszystkich innych, kt\u00f3rzy przebywaj\u0105 na zewn\u0105trz, a mog\u0105 wymaga\u0107 wsparcia i pomocy. Czasem jedynie szybka interwencja mo\u017ce uchroni\u0107 osob\u0119 przed powa\u017cnym wych\u0142odzeniem, a nawet ocali\u0107 jej \u017cycie. Zg\u0142aszajmy takie sytuacje w\u0142a\u015bciwym s\u0142u\u017cbom. Oto wa\u017cne numery:<\/p>\n\n\n\n<p>\u2013 Stra\u017c Miejska \u2013 986<\/p>\n\n\n\n<p>\u2013 Sekcja ds. Przeciwdzia\u0142ania Bezdomno\u015bci MOPS w Cz\u0119stochowie \u2013 tel. 34 324 38 22<\/p>\n\n\n\n<p>\u2013 bezp\u0142atna, ca\u0142odobowa wojew\u00f3dzka infolinia dla ludzi do\u015bwiadczaj\u0105cych bezdomno\u015bci, szukaj\u0105cych bezpiecznego noclegu czy posi\u0142ku \u2013 987<\/p>\n\n\n\n<p>\u2013 og\u00f3lnopolski numer alarmowy \u2013 112<\/p>\n\n\n\n<p>Fot: Grzegorz Skowronek (UMCz)<\/p>\n","protected":false},"excerpt":{"rendered":"<p>Trwa zima. Mamy mro\u017ane noce, a synoptycy zapowiadaj\u0105 pogorszenie pogody. Cz\u0119stochowska Stra\u017c Miejska kontroluje miejsca niezamieszka\u0142e, gdzie mog\u0105 przebywa\u0107 osoby w kryzysie bezdomno\u015bci i<\/p>\n","protected":false},"author":25,"featured_media":144172,"comment_status":"closed","ping_status":"open","sticky":false,"template":"","format":"standard","meta":{"_monsterinsights_skip_tracking":false,"_monsterinsights_sitenote_active":false,"_monsterinsights_sitenote_note":"","_monsterinsights_sitenote_category":0,"_uf_show_specific_survey":0,"_uf_disable_surveys":false,"footnotes":""},"categories":[94,3,5,2],"tags":[],"class_list":["post-145534","post","type-post","status-publish","format-standard","has-post-thumbnail","hentry","category-polecane","category-czestochowa-informacje","category-sport","category-wiadomosci"],"_links":{"self":[{"href":"https:\/\/gazetaregionalna.com\/index.php?rest_route=\/wp\/v2\/posts\/145534","targetHints":{"allow":["GET"]}}],"collection":[{"href":"https:\/\/gazetaregionalna.com\/index.php?rest_route=\/wp\/v2\/posts"}],"about":[{"href":"https:\/\/gazetaregionalna.com\/index.php?rest_route=\/wp\/v2\/types\/post"}],"author":[{"embeddable":true,"href":"https:\/\/gazetaregionalna.com\/index.php?rest_route=\/wp\/v2\/users\/25"}],"replies":[{"embeddable":true,"href":"https:\/\/gazetaregionalna.com\/index.php?rest_route=%2Fwp%2Fv2%2Fcomments&post=145534"}],"version-history":[{"count":1,"href":"https:\/\/gazetaregionalna.com\/index.php?rest_route=\/wp\/v2\/posts\/145534\/revisions"}],"predecessor-version":[{"id":145535,"href":"https:\/\/gazetaregionalna.com\/index.php?rest_route=\/wp\/v2\/posts\/145534\/revisions\/145535"}],"wp:featuredmedia":[{"embeddable":true,"href":"https:\/\/gazetaregionalna.com\/index.php?rest_route=\/wp\/v2\/media\/144172"}],"wp:attachment":[{"href":"https:\/\/gazetaregionalna.com\/index.php?rest_route=%2Fwp%2Fv2%2Fmedia&parent=145534"}],"wp:term":[{"taxonomy":"category","embeddable":true,"href":"https:\/\/gazetaregionalna.com\/index.php?rest_route=%2Fwp%2Fv2%2Fcategories&post=145534"},{"taxonomy":"post_tag","embeddable":true,"href":"https:\/\/gazetaregionalna.com\/index.php?rest_route=%2Fwp%2Fv2%2Ftags&post=145534"}],"curies":[{"name":"wp","href":"https:\/\/api.w.org\/{rel}","templated":true}]}}