{"id":145526,"date":"2026-01-07T15:00:27","date_gmt":"2026-01-07T15:00:27","guid":{"rendered":"https:\/\/gazetaregionalna.com\/?p=145526"},"modified":"2026-01-07T15:00:28","modified_gmt":"2026-01-07T15:00:28","slug":"rakow-wylecial-do-turcji-trener-tomczyk-zabral-27-zawodnikow","status":"publish","type":"post","link":"https:\/\/gazetaregionalna.com\/?p=145526","title":{"rendered":"Rak\u00f3w wylecia\u0142 do Turcji. Trener Tomczyk zabra\u0142 27 zawodnik\u00f3w"},"content":{"rendered":"\n<p>W \u015brod\u0119 rano pi\u0142karze Rakowa Cz\u0119stochowa wylecieli do Turcji na 17-dniowe zgrupowanie. Jeszcze w poniedzia\u0142ek po po\u0142udniu maj\u0105 zaplanowany pierwszy trening.<\/p>\n\n\n\n<p>Pi\u0142karze Rakowa na pierwszym treningu w 2026 roku spotkali si\u0119 we wtorek, 6 stycznia. 7 stycznia rano dru\u017cyna wylecia\u0142a z Katowic do Turcji, gdzie w Belek odb\u0119dzie 17-dniowy ob\u00f3z przygotowawczy. Trener Rakowa \u0141ukasz Tomczyk powo\u0142a\u0142 na zgrupowanie 27 zawodnik\u00f3w.<\/p>\n\n\n\n<p>&#8211; W kadrze znale\u017ali si\u0119 powracaj\u0105cy po kontuzji Zoran Arseni\u0107 i Ariel Mos\u00f3r \u2013 informuje Rak\u00f3w na swojej oficjalnej stronie klubowej <a href=\"http:\/\/www.rakow.com\" target=\"_blank\" rel=\"noreferrer noopener\">www.rakow.com<\/a>. &#8211; Ponadto na ob\u00f3z pojad\u0105 zawodnicy wracaj\u0105cy z wypo\u017cycze\u0144: Antoni Burkiewicz, Muhamed \u0160ahinovi\u0107 i Jakub Rajczykowski. W kadrze na zgrupowanie znale\u017ali si\u0119 tak\u017ce Jerzy Napieraj, wypo\u017cyczony do Skry Cz\u0119stochowa, Andrii Melnychuk z zespo\u0142u rezerw oraz Dominik Czeremski z Akademii Rak\u00f3w. Zabrak\u0142o Vladyslava Kochergina oraz Ericka Otieno, kt\u00f3rzy kontynuuj\u0105 rehabilitacj\u0119. Leonardo Rocha, kt\u00f3rego wypo\u017cyczenie do Zag\u0142\u0119bia Lubin zosta\u0142o skr\u00f3cone, wedle umowy do 15 stycznia jest graczem klubu z Lubina. Adriano Amorim poinformowa\u0142 klub, \u017ce z powod\u00f3w osobistych jest zmuszony przed\u0142u\u017cy\u0107 sw\u00f3j pobyt w Brazylii. W kadrze na ob\u00f3z w Turcji zabrak\u0142o r\u00f3wnie\u017c Imada Rondicia, kt\u00f3ry otrzyma\u0142 dodatkowych kilka dni wolnego.<\/p>\n\n\n\n<p>Jak informuje Gazet\u0119 Regionaln\u0105 prezes Rakowa Wojciech Cygan podczas zgrupowania do dru\u017cyny mog\u0105 do\u0142\u0105czy\u0107 nowi zawodnicy. &#8211; Na zgrupowanie do Turcji nie poleci jeszcze nikt z nowych zawodnik\u00f3w, ale niewykluczone, \u017ce 2-3 nowych graczy do\u0142\u0105czy do zespo\u0142u w Turcji \u2013 m\u00f3wi prezes Rakowa Wojciech Cygan.<\/p>\n\n\n\n<p>Kogo zabra\u0142 do Belek trener Tomczyk?<\/p>\n\n\n\n<p>Bramkarze: Dominik Czeremski, Jakub Rajczykowski, Muhamed Sahinovi\u0107, Kacper Trelowski, Oliwier Zych.<\/p>\n\n\n\n<p>Obro\u0144cy i wahad\u0142owi: Michael Ameyaw, Zoran Arsenic, Jean Carlos, Apostolos Konstantnopoulos, Andrii Melnychuk, Ariel Mos\u00f3r, Jerzy Napieraj, Bogdan Racovitan, Stratos Svarnas, Fran Tudor.<\/p>\n\n\n\n<p>Pomocnicy: Peter Barath, Antoni Burkiewicz, Marko Bulat, Diaby Fadiga, Ivi Lopez, Bogdan Mirceti\u0107, Tomasz Pie\u0144sko, Oskar Repka, Ibrahima Seck, Karol Struski.<\/p>\n\n\n\n<p>Napastnicy: Jonatan Brunes, Patryk Makuch.<\/p>\n\n\n\n<p>Rak\u00f3w w Turcji ma zaplanowane 5 mecz\u00f3w kontrolnych. O powodach wyboru Turcji m\u00f3wi\u0142 w wywiadzie dla gazety Regionalnej prezes Rakowa Wojciech Cygan. Materia\u0142u wideo w wywiadem szukajcie na fb Gazety Regionalnej.<\/p>\n\n\n\n<p>MR-K, fot: AK<\/p>\n\n\n\n<p>Partnerami relacji sportowych s\u0105:<\/p>\n\n\n\n<p>Semex \u2013 Hurtownia budowlana Cz\u0119stochowa<\/p>\n\n\n\n<p>DMK Invest materia\u0142y budowlane Konopiska<\/p>\n\n\n\n<p>Kreczmer Janusz \u2013 wynajem autokar\u00f3w<\/p>\n\n\n\n<p>PHU StolMat \u2013 okna, drzwi, rolety Cz\u0119stochowa<\/p>\n\n\n\n<p>Invictel \u2013 systemy alarmowe, monitoringi, smarthome, automatyka do bram, kontrolery dost\u0119pu<\/p>\n\n\n\n<figure class=\"wp-block-image size-large\"><img decoding=\"async\" width=\"1024\" height=\"1024\" data-src=\"https:\/\/gazetaregionalna.com\/wp-content\/uploads\/2025\/12\/Kreczmer-Janusz-1024x1024.jpg\" alt=\"\" class=\"wp-image-144453 lazyload\" data-srcset=\"https:\/\/gazetaregionalna.com\/wp-content\/uploads\/2025\/12\/Kreczmer-Janusz-1024x1024.jpg 1024w, https:\/\/gazetaregionalna.com\/wp-content\/uploads\/2025\/12\/Kreczmer-Janusz-300x300.jpg 300w, https:\/\/gazetaregionalna.com\/wp-content\/uploads\/2025\/12\/Kreczmer-Janusz-150x150.jpg 150w, https:\/\/gazetaregionalna.com\/wp-content\/uploads\/2025\/12\/Kreczmer-Janusz-768x768.jpg 768w, https:\/\/gazetaregionalna.com\/wp-content\/uploads\/2025\/12\/Kreczmer-Janusz-215x215.jpg 215w, https:\/\/gazetaregionalna.com\/wp-content\/uploads\/2025\/12\/Kreczmer-Janusz.jpg 1080w\" data-sizes=\"(max-width: 1024px) 100vw, 1024px\" src=\"data:image\/svg+xml;base64,PHN2ZyB3aWR0aD0iMSIgaGVpZ2h0PSIxIiB4bWxucz0iaHR0cDovL3d3dy53My5vcmcvMjAwMC9zdmciPjwvc3ZnPg==\" style=\"--smush-placeholder-width: 1024px; --smush-placeholder-aspect-ratio: 1024\/1024;\" \/><\/figure>\n\n\n\n<figure class=\"wp-block-image size-large\"><img decoding=\"async\" width=\"1024\" height=\"684\" data-src=\"https:\/\/gazetaregionalna.com\/wp-content\/uploads\/2026\/01\/Rakow-trening-00-1024x684.jpg\" alt=\"\" class=\"wp-image-145527 lazyload\" data-srcset=\"https:\/\/gazetaregionalna.com\/wp-content\/uploads\/2026\/01\/Rakow-trening-00-1024x684.jpg 1024w, https:\/\/gazetaregionalna.com\/wp-content\/uploads\/2026\/01\/Rakow-trening-00-300x200.jpg 300w, https:\/\/gazetaregionalna.com\/wp-content\/uploads\/2026\/01\/Rakow-trening-00-768x513.jpg 768w, https:\/\/gazetaregionalna.com\/wp-content\/uploads\/2026\/01\/Rakow-trening-00.jpg 1200w\" data-sizes=\"(max-width: 1024px) 100vw, 1024px\" src=\"data:image\/svg+xml;base64,PHN2ZyB3aWR0aD0iMSIgaGVpZ2h0PSIxIiB4bWxucz0iaHR0cDovL3d3dy53My5vcmcvMjAwMC9zdmciPjwvc3ZnPg==\" style=\"--smush-placeholder-width: 1024px; --smush-placeholder-aspect-ratio: 1024\/684;\" \/><\/figure>\n\n\n\n<figure class=\"wp-block-image size-large\"><img decoding=\"async\" width=\"1024\" height=\"1024\" data-src=\"https:\/\/gazetaregionalna.com\/wp-content\/uploads\/2025\/12\/StolMat-1024x1024.jpg\" alt=\"\" class=\"wp-image-144356 lazyload\" data-srcset=\"https:\/\/gazetaregionalna.com\/wp-content\/uploads\/2025\/12\/StolMat-1024x1024.jpg 1024w, https:\/\/gazetaregionalna.com\/wp-content\/uploads\/2025\/12\/StolMat-300x300.jpg 300w, https:\/\/gazetaregionalna.com\/wp-content\/uploads\/2025\/12\/StolMat-150x150.jpg 150w, https:\/\/gazetaregionalna.com\/wp-content\/uploads\/2025\/12\/StolMat-768x768.jpg 768w, https:\/\/gazetaregionalna.com\/wp-content\/uploads\/2025\/12\/StolMat-215x215.jpg 215w, https:\/\/gazetaregionalna.com\/wp-content\/uploads\/2025\/12\/StolMat.jpg 1080w\" data-sizes=\"(max-width: 1024px) 100vw, 1024px\" src=\"data:image\/svg+xml;base64,PHN2ZyB3aWR0aD0iMSIgaGVpZ2h0PSIxIiB4bWxucz0iaHR0cDovL3d3dy53My5vcmcvMjAwMC9zdmciPjwvc3ZnPg==\" style=\"--smush-placeholder-width: 1024px; --smush-placeholder-aspect-ratio: 1024\/1024;\" \/><\/figure>\n\n\n\n<figure class=\"wp-block-image size-large\"><img decoding=\"async\" width=\"1024\" height=\"658\" data-src=\"https:\/\/gazetaregionalna.com\/wp-content\/uploads\/2026\/01\/Rakow-trening-0-1024x658.jpg\" alt=\"\" class=\"wp-image-145528 lazyload\" data-srcset=\"https:\/\/gazetaregionalna.com\/wp-content\/uploads\/2026\/01\/Rakow-trening-0-1024x658.jpg 1024w, https:\/\/gazetaregionalna.com\/wp-content\/uploads\/2026\/01\/Rakow-trening-0-300x193.jpg 300w, https:\/\/gazetaregionalna.com\/wp-content\/uploads\/2026\/01\/Rakow-trening-0-768x493.jpg 768w, https:\/\/gazetaregionalna.com\/wp-content\/uploads\/2026\/01\/Rakow-trening-0-115x73.jpg 115w, https:\/\/gazetaregionalna.com\/wp-content\/uploads\/2026\/01\/Rakow-trening-0.jpg 1200w\" data-sizes=\"(max-width: 1024px) 100vw, 1024px\" src=\"data:image\/svg+xml;base64,PHN2ZyB3aWR0aD0iMSIgaGVpZ2h0PSIxIiB4bWxucz0iaHR0cDovL3d3dy53My5vcmcvMjAwMC9zdmciPjwvc3ZnPg==\" style=\"--smush-placeholder-width: 1024px; --smush-placeholder-aspect-ratio: 1024\/658;\" \/><\/figure>\n\n\n\n<figure class=\"wp-block-image size-large\"><img decoding=\"async\" width=\"1024\" height=\"1024\" data-src=\"https:\/\/gazetaregionalna.com\/wp-content\/uploads\/2025\/10\/DMK-12.10.25-2-1024x1024.jpg\" alt=\"\" class=\"wp-image-142121 lazyload\" data-srcset=\"https:\/\/gazetaregionalna.com\/wp-content\/uploads\/2025\/10\/DMK-12.10.25-2-1024x1024.jpg 1024w, https:\/\/gazetaregionalna.com\/wp-content\/uploads\/2025\/10\/DMK-12.10.25-2-300x300.jpg 300w, https:\/\/gazetaregionalna.com\/wp-content\/uploads\/2025\/10\/DMK-12.10.25-2-150x150.jpg 150w, https:\/\/gazetaregionalna.com\/wp-content\/uploads\/2025\/10\/DMK-12.10.25-2-768x768.jpg 768w, https:\/\/gazetaregionalna.com\/wp-content\/uploads\/2025\/10\/DMK-12.10.25-2-215x215.jpg 215w, https:\/\/gazetaregionalna.com\/wp-content\/uploads\/2025\/10\/DMK-12.10.25-2.jpg 1200w\" data-sizes=\"(max-width: 1024px) 100vw, 1024px\" src=\"data:image\/svg+xml;base64,PHN2ZyB3aWR0aD0iMSIgaGVpZ2h0PSIxIiB4bWxucz0iaHR0cDovL3d3dy53My5vcmcvMjAwMC9zdmciPjwvc3ZnPg==\" style=\"--smush-placeholder-width: 1024px; --smush-placeholder-aspect-ratio: 1024\/1024;\" \/><\/figure>\n\n\n\n<figure class=\"wp-block-image size-large\"><img decoding=\"async\" width=\"1024\" height=\"686\" data-src=\"https:\/\/gazetaregionalna.com\/wp-content\/uploads\/2026\/01\/Rakow-trening-3-1024x686.jpg\" alt=\"\" class=\"wp-image-145530 lazyload\" data-srcset=\"https:\/\/gazetaregionalna.com\/wp-content\/uploads\/2026\/01\/Rakow-trening-3-1024x686.jpg 1024w, https:\/\/gazetaregionalna.com\/wp-content\/uploads\/2026\/01\/Rakow-trening-3-300x201.jpg 300w, https:\/\/gazetaregionalna.com\/wp-content\/uploads\/2026\/01\/Rakow-trening-3-768x515.jpg 768w, https:\/\/gazetaregionalna.com\/wp-content\/uploads\/2026\/01\/Rakow-trening-3.jpg 1200w\" data-sizes=\"(max-width: 1024px) 100vw, 1024px\" src=\"data:image\/svg+xml;base64,PHN2ZyB3aWR0aD0iMSIgaGVpZ2h0PSIxIiB4bWxucz0iaHR0cDovL3d3dy53My5vcmcvMjAwMC9zdmciPjwvc3ZnPg==\" style=\"--smush-placeholder-width: 1024px; --smush-placeholder-aspect-ratio: 1024\/686;\" \/><\/figure>\n\n\n\n<figure class=\"wp-block-image size-full\"><img decoding=\"async\" width=\"715\" height=\"715\" data-src=\"https:\/\/gazetaregionalna.com\/wp-content\/uploads\/2025\/10\/Invictel.jpg\" alt=\"\" class=\"wp-image-141997 lazyload\" data-srcset=\"https:\/\/gazetaregionalna.com\/wp-content\/uploads\/2025\/10\/Invictel.jpg 715w, https:\/\/gazetaregionalna.com\/wp-content\/uploads\/2025\/10\/Invictel-300x300.jpg 300w, https:\/\/gazetaregionalna.com\/wp-content\/uploads\/2025\/10\/Invictel-150x150.jpg 150w, https:\/\/gazetaregionalna.com\/wp-content\/uploads\/2025\/10\/Invictel-215x215.jpg 215w\" data-sizes=\"(max-width: 715px) 100vw, 715px\" src=\"data:image\/svg+xml;base64,PHN2ZyB3aWR0aD0iMSIgaGVpZ2h0PSIxIiB4bWxucz0iaHR0cDovL3d3dy53My5vcmcvMjAwMC9zdmciPjwvc3ZnPg==\" style=\"--smush-placeholder-width: 715px; --smush-placeholder-aspect-ratio: 715\/715;\" \/><\/figure>\n\n\n\n<figure class=\"wp-block-image size-large\"><img decoding=\"async\" width=\"1024\" height=\"670\" data-src=\"https:\/\/gazetaregionalna.com\/wp-content\/uploads\/2026\/01\/Rakow-trening-4-1024x670.jpg\" alt=\"\" class=\"wp-image-145531 lazyload\" data-srcset=\"https:\/\/gazetaregionalna.com\/wp-content\/uploads\/2026\/01\/Rakow-trening-4-1024x670.jpg 1024w, https:\/\/gazetaregionalna.com\/wp-content\/uploads\/2026\/01\/Rakow-trening-4-300x196.jpg 300w, https:\/\/gazetaregionalna.com\/wp-content\/uploads\/2026\/01\/Rakow-trening-4-768x502.jpg 768w, https:\/\/gazetaregionalna.com\/wp-content\/uploads\/2026\/01\/Rakow-trening-4.jpg 1200w\" data-sizes=\"(max-width: 1024px) 100vw, 1024px\" src=\"data:image\/svg+xml;base64,PHN2ZyB3aWR0aD0iMSIgaGVpZ2h0PSIxIiB4bWxucz0iaHR0cDovL3d3dy53My5vcmcvMjAwMC9zdmciPjwvc3ZnPg==\" style=\"--smush-placeholder-width: 1024px; --smush-placeholder-aspect-ratio: 1024\/670;\" \/><\/figure>\n\n\n\n<figure class=\"wp-block-image size-large\"><img decoding=\"async\" width=\"1024\" height=\"584\" data-src=\"https:\/\/gazetaregionalna.com\/wp-content\/uploads\/2025\/11\/Semex-jpg-1024x584.jpg\" alt=\"\" class=\"wp-image-143535 lazyload\" data-srcset=\"https:\/\/gazetaregionalna.com\/wp-content\/uploads\/2025\/11\/Semex-jpg-1024x584.jpg 1024w, https:\/\/gazetaregionalna.com\/wp-content\/uploads\/2025\/11\/Semex-jpg-300x171.jpg 300w, https:\/\/gazetaregionalna.com\/wp-content\/uploads\/2025\/11\/Semex-jpg-768x438.jpg 768w, https:\/\/gazetaregionalna.com\/wp-content\/uploads\/2025\/11\/Semex-jpg.jpg 1200w\" data-sizes=\"(max-width: 1024px) 100vw, 1024px\" src=\"data:image\/svg+xml;base64,PHN2ZyB3aWR0aD0iMSIgaGVpZ2h0PSIxIiB4bWxucz0iaHR0cDovL3d3dy53My5vcmcvMjAwMC9zdmciPjwvc3ZnPg==\" style=\"--smush-placeholder-width: 1024px; --smush-placeholder-aspect-ratio: 1024\/584;\" \/><\/figure>\n\n\n\n<figure class=\"wp-block-image size-large\"><img decoding=\"async\" width=\"1024\" height=\"667\" data-src=\"https:\/\/gazetaregionalna.com\/wp-content\/uploads\/2026\/01\/Rakow-trening-5-1024x667.jpg\" alt=\"\" class=\"wp-image-145532 lazyload\" data-srcset=\"https:\/\/gazetaregionalna.com\/wp-content\/uploads\/2026\/01\/Rakow-trening-5-1024x667.jpg 1024w, https:\/\/gazetaregionalna.com\/wp-content\/uploads\/2026\/01\/Rakow-trening-5-300x196.jpg 300w, https:\/\/gazetaregionalna.com\/wp-content\/uploads\/2026\/01\/Rakow-trening-5-768x500.jpg 768w, https:\/\/gazetaregionalna.com\/wp-content\/uploads\/2026\/01\/Rakow-trening-5.jpg 1200w\" data-sizes=\"(max-width: 1024px) 100vw, 1024px\" src=\"data:image\/svg+xml;base64,PHN2ZyB3aWR0aD0iMSIgaGVpZ2h0PSIxIiB4bWxucz0iaHR0cDovL3d3dy53My5vcmcvMjAwMC9zdmciPjwvc3ZnPg==\" style=\"--smush-placeholder-width: 1024px; --smush-placeholder-aspect-ratio: 1024\/667;\" \/><\/figure>\n","protected":false},"excerpt":{"rendered":"<p>W \u015brod\u0119 rano pi\u0142karze Rakowa Cz\u0119stochowa wylecieli do Turcji na 17-dniowe zgrupowanie. Jeszcze w poniedzia\u0142ek po po\u0142udniu maj\u0105 zaplanowany pierwszy trening. Pi\u0142karze Rakowa na<\/p>\n","protected":false},"author":15,"featured_media":145528,"comment_status":"closed","ping_status":"open","sticky":false,"template":"","format":"standard","meta":{"_monsterinsights_skip_tracking":false,"_monsterinsights_sitenote_active":false,"_monsterinsights_sitenote_note":"","_monsterinsights_sitenote_category":0,"_uf_show_specific_survey":0,"_uf_disable_surveys":false,"footnotes":""},"categories":[94,6,5],"tags":[],"class_list":["post-145526","post","type-post","status-publish","format-standard","has-post-thumbnail","hentry","category-polecane","category-pilka-nozna","category-sport"],"_links":{"self":[{"href":"https:\/\/gazetaregionalna.com\/index.php?rest_route=\/wp\/v2\/posts\/145526","targetHints":{"allow":["GET"]}}],"collection":[{"href":"https:\/\/gazetaregionalna.com\/index.php?rest_route=\/wp\/v2\/posts"}],"about":[{"href":"https:\/\/gazetaregionalna.com\/index.php?rest_route=\/wp\/v2\/types\/post"}],"author":[{"embeddable":true,"href":"https:\/\/gazetaregionalna.com\/index.php?rest_route=\/wp\/v2\/users\/15"}],"replies":[{"embeddable":true,"href":"https:\/\/gazetaregionalna.com\/index.php?rest_route=%2Fwp%2Fv2%2Fcomments&post=145526"}],"version-history":[{"count":1,"href":"https:\/\/gazetaregionalna.com\/index.php?rest_route=\/wp\/v2\/posts\/145526\/revisions"}],"predecessor-version":[{"id":145533,"href":"https:\/\/gazetaregionalna.com\/index.php?rest_route=\/wp\/v2\/posts\/145526\/revisions\/145533"}],"wp:featuredmedia":[{"embeddable":true,"href":"https:\/\/gazetaregionalna.com\/index.php?rest_route=\/wp\/v2\/media\/145528"}],"wp:attachment":[{"href":"https:\/\/gazetaregionalna.com\/index.php?rest_route=%2Fwp%2Fv2%2Fmedia&parent=145526"}],"wp:term":[{"taxonomy":"category","embeddable":true,"href":"https:\/\/gazetaregionalna.com\/index.php?rest_route=%2Fwp%2Fv2%2Fcategories&post=145526"},{"taxonomy":"post_tag","embeddable":true,"href":"https:\/\/gazetaregionalna.com\/index.php?rest_route=%2Fwp%2Fv2%2Ftags&post=145526"}],"curies":[{"name":"wp","href":"https:\/\/api.w.org\/{rel}","templated":true}]}}