{"id":145518,"date":"2026-01-07T14:55:14","date_gmt":"2026-01-07T14:55:14","guid":{"rendered":"https:\/\/gazetaregionalna.com\/?p=145518"},"modified":"2026-01-07T14:55:15","modified_gmt":"2026-01-07T14:55:15","slug":"siatkarze-steam-sa-juz-w-1-8-challenge-cup-o-cwiercfinal-powalcza-z-zespolem-z-hiszpanskiej-walencji","status":"publish","type":"post","link":"https:\/\/gazetaregionalna.com\/?p=145518","title":{"rendered":"Siatkarze Steam s\u0105 ju\u017c w 1\/8 Challenge Cup! O \u0107wier\u0107fina\u0142 powalcz\u0105 z zespo\u0142em z hiszpa\u0144skiej Walencji"},"content":{"rendered":"\n<p>Siatkarze Steam Hemarpol Politechnika Cz\u0119stochowa meczami ze s\u0142owe\u0144skim OK i-Vent Maribor zadebiutowali w europejskich pucharach. Cz\u0119stochowianie odnie\u015bli dwa pewne zwyci\u0119stwa i zameldowali si\u0119 w 1\/8 Challenge Cup, gdzie zmierz\u0105 si\u0119 z hiszpa\u0144skim Conqueridor Walencja.<\/p>\n\n\n\n<p>Cz\u0119stochowianie w pierwszym spotkaniu wygrali w Mariborze 3:1. Rewan\u017c mia\u0142 by\u0107 formalno\u015bci\u0105.<\/p>\n\n\n\n<p>Trener Steam Ljubomir Travica nie lekcewa\u017cy\u0142 jednak rywali. W podstawowej sz\u00f3stce zasz\u0142a tylko jedna zmiana. Sebastiana Adamczyka zast\u0105pi\u0142 Damian Radziwon.<\/p>\n\n\n\n<p>Inauguracyjna partia by\u0142a bardzo wyr\u00f3wnana. Gospodarze prowadzili 23:21, ale ostatecznie przegrali po grze na przewagi 24:26.<\/p>\n\n\n\n<p>Na szcz\u0119\u015bcie od drugiego seta wszystko wr\u00f3ci\u0142o do normy. Siatkarze Steam kontrolowali wydarzenia na boisku i z \u0142atwo\u015bci\u0105 wygrali trzy kolejne sety: 25:16, 25:16 i 25:17. Tym samym po raz drugi pokonali zesp\u00f3\u0142 ze S\u0142owenii i awansowali do 1\/8 Challenge Cup.<\/p>\n\n\n\n<p>W 4. secie trener Travica postawi\u0142 na zmiennik\u00f3w. Szans\u0119 gry otrzyma\u0142 te\u017c drugi libero Bart\u0142omiej Ost\u00f3j.<\/p>\n\n\n\n<p>Ostatni mecz europejskich puchar\u00f3w w wykonaniu cz\u0119stochowski siatkaarzy a dok\u0142adnie AZS-u Cz\u0119stochowa mieli\u015bmy w marcu 2012 roku. Po prawie 14 latach przerwy cz\u0119stochowski zesp\u00f3\u0142 ponownie zagra\u0142 z europejskim rywalem, a mecz na \u017cywo ogl\u0105da\u0142o tylko oko\u0142o 1000 os\u00f3b.<\/p>\n\n\n\n<p>Steam Hemarpol Politechnika Cz\u0119stochowa \u2013 OK i-Vent Maribor 3:1 (24:26, 25:16, 25:16, 25:17)<\/p>\n\n\n\n<p>Steam: De Cecco, Ebadipour, Popiela, Indra, Lipi\u0144ski, Radziwon, Mako\u015b (libero), Ost\u00f3j (libero) \u2013 Kowalski, Jeanlys, Kiedos, S\u0142ugocki.<\/p>\n\n\n\n<p>Partnerami relacji sportowych s\u0105:<\/p>\n\n\n\n<p>Semex \u2013 Hurtownia budowlana Cz\u0119stochowa<\/p>\n\n\n\n<p>DMK Invest materia\u0142y budowlane Konopiska<\/p>\n\n\n\n<p>Kreczmer Janusz \u2013 wynajem autokar\u00f3w<\/p>\n\n\n\n<p>PHU StolMat \u2013 okna, drzwi, rolety Cz\u0119stochowa<\/p>\n\n\n\n<p>Invictel \u2013 systemy alarmowe, monitoringi, smarthome, automatyka do bram, kontrolery dost\u0119pu<\/p>\n\n\n\n<figure class=\"wp-block-image size-large\"><img decoding=\"async\" width=\"1024\" height=\"584\" data-src=\"https:\/\/gazetaregionalna.com\/wp-content\/uploads\/2025\/11\/Semex-jpg-1024x584.jpg\" alt=\"\" class=\"wp-image-143535 lazyload\" data-srcset=\"https:\/\/gazetaregionalna.com\/wp-content\/uploads\/2025\/11\/Semex-jpg-1024x584.jpg 1024w, https:\/\/gazetaregionalna.com\/wp-content\/uploads\/2025\/11\/Semex-jpg-300x171.jpg 300w, https:\/\/gazetaregionalna.com\/wp-content\/uploads\/2025\/11\/Semex-jpg-768x438.jpg 768w, https:\/\/gazetaregionalna.com\/wp-content\/uploads\/2025\/11\/Semex-jpg.jpg 1200w\" data-sizes=\"(max-width: 1024px) 100vw, 1024px\" src=\"data:image\/svg+xml;base64,PHN2ZyB3aWR0aD0iMSIgaGVpZ2h0PSIxIiB4bWxucz0iaHR0cDovL3d3dy53My5vcmcvMjAwMC9zdmciPjwvc3ZnPg==\" style=\"--smush-placeholder-width: 1024px; --smush-placeholder-aspect-ratio: 1024\/584;\" \/><\/figure>\n\n\n\n<figure class=\"wp-block-image size-large\"><img decoding=\"async\" width=\"1024\" height=\"676\" data-src=\"https:\/\/gazetaregionalna.com\/wp-content\/uploads\/2026\/01\/Steam-Maribor-0-1024x676.jpg\" alt=\"\" class=\"wp-image-145519 lazyload\" data-srcset=\"https:\/\/gazetaregionalna.com\/wp-content\/uploads\/2026\/01\/Steam-Maribor-0-1024x676.jpg 1024w, https:\/\/gazetaregionalna.com\/wp-content\/uploads\/2026\/01\/Steam-Maribor-0-300x198.jpg 300w, https:\/\/gazetaregionalna.com\/wp-content\/uploads\/2026\/01\/Steam-Maribor-0-768x507.jpg 768w, https:\/\/gazetaregionalna.com\/wp-content\/uploads\/2026\/01\/Steam-Maribor-0.jpg 1200w\" data-sizes=\"(max-width: 1024px) 100vw, 1024px\" src=\"data:image\/svg+xml;base64,PHN2ZyB3aWR0aD0iMSIgaGVpZ2h0PSIxIiB4bWxucz0iaHR0cDovL3d3dy53My5vcmcvMjAwMC9zdmciPjwvc3ZnPg==\" style=\"--smush-placeholder-width: 1024px; --smush-placeholder-aspect-ratio: 1024\/676;\" \/><\/figure>\n\n\n\n<figure class=\"wp-block-image size-large\"><img decoding=\"async\" width=\"1024\" height=\"1024\" data-src=\"https:\/\/gazetaregionalna.com\/wp-content\/uploads\/2025\/12\/Kreczmer-Janusz-1024x1024.jpg\" alt=\"\" class=\"wp-image-144453 lazyload\" data-srcset=\"https:\/\/gazetaregionalna.com\/wp-content\/uploads\/2025\/12\/Kreczmer-Janusz-1024x1024.jpg 1024w, https:\/\/gazetaregionalna.com\/wp-content\/uploads\/2025\/12\/Kreczmer-Janusz-300x300.jpg 300w, https:\/\/gazetaregionalna.com\/wp-content\/uploads\/2025\/12\/Kreczmer-Janusz-150x150.jpg 150w, https:\/\/gazetaregionalna.com\/wp-content\/uploads\/2025\/12\/Kreczmer-Janusz-768x768.jpg 768w, https:\/\/gazetaregionalna.com\/wp-content\/uploads\/2025\/12\/Kreczmer-Janusz-215x215.jpg 215w, https:\/\/gazetaregionalna.com\/wp-content\/uploads\/2025\/12\/Kreczmer-Janusz.jpg 1080w\" data-sizes=\"(max-width: 1024px) 100vw, 1024px\" src=\"data:image\/svg+xml;base64,PHN2ZyB3aWR0aD0iMSIgaGVpZ2h0PSIxIiB4bWxucz0iaHR0cDovL3d3dy53My5vcmcvMjAwMC9zdmciPjwvc3ZnPg==\" style=\"--smush-placeholder-width: 1024px; --smush-placeholder-aspect-ratio: 1024\/1024;\" \/><\/figure>\n\n\n\n<figure class=\"wp-block-image size-large\"><img decoding=\"async\" width=\"1024\" height=\"682\" data-src=\"https:\/\/gazetaregionalna.com\/wp-content\/uploads\/2026\/01\/Steam-Maribor-2-1024x682.jpg\" alt=\"\" class=\"wp-image-145521 lazyload\" data-srcset=\"https:\/\/gazetaregionalna.com\/wp-content\/uploads\/2026\/01\/Steam-Maribor-2-1024x682.jpg 1024w, https:\/\/gazetaregionalna.com\/wp-content\/uploads\/2026\/01\/Steam-Maribor-2-300x200.jpg 300w, https:\/\/gazetaregionalna.com\/wp-content\/uploads\/2026\/01\/Steam-Maribor-2-768x511.jpg 768w, https:\/\/gazetaregionalna.com\/wp-content\/uploads\/2026\/01\/Steam-Maribor-2.jpg 1200w\" data-sizes=\"(max-width: 1024px) 100vw, 1024px\" src=\"data:image\/svg+xml;base64,PHN2ZyB3aWR0aD0iMSIgaGVpZ2h0PSIxIiB4bWxucz0iaHR0cDovL3d3dy53My5vcmcvMjAwMC9zdmciPjwvc3ZnPg==\" style=\"--smush-placeholder-width: 1024px; --smush-placeholder-aspect-ratio: 1024\/682;\" \/><\/figure>\n\n\n\n<figure class=\"wp-block-image size-full\"><img decoding=\"async\" width=\"715\" height=\"715\" data-src=\"https:\/\/gazetaregionalna.com\/wp-content\/uploads\/2025\/10\/Invictel.jpg\" alt=\"\" class=\"wp-image-141997 lazyload\" data-srcset=\"https:\/\/gazetaregionalna.com\/wp-content\/uploads\/2025\/10\/Invictel.jpg 715w, https:\/\/gazetaregionalna.com\/wp-content\/uploads\/2025\/10\/Invictel-300x300.jpg 300w, https:\/\/gazetaregionalna.com\/wp-content\/uploads\/2025\/10\/Invictel-150x150.jpg 150w, https:\/\/gazetaregionalna.com\/wp-content\/uploads\/2025\/10\/Invictel-215x215.jpg 215w\" data-sizes=\"(max-width: 715px) 100vw, 715px\" src=\"data:image\/svg+xml;base64,PHN2ZyB3aWR0aD0iMSIgaGVpZ2h0PSIxIiB4bWxucz0iaHR0cDovL3d3dy53My5vcmcvMjAwMC9zdmciPjwvc3ZnPg==\" style=\"--smush-placeholder-width: 715px; --smush-placeholder-aspect-ratio: 715\/715;\" \/><\/figure>\n\n\n\n<figure class=\"wp-block-image size-large\"><img decoding=\"async\" width=\"1024\" height=\"684\" data-src=\"https:\/\/gazetaregionalna.com\/wp-content\/uploads\/2026\/01\/Steam-Maribor-23-1024x684.jpg\" alt=\"\" class=\"wp-image-145522 lazyload\" data-srcset=\"https:\/\/gazetaregionalna.com\/wp-content\/uploads\/2026\/01\/Steam-Maribor-23-1024x684.jpg 1024w, https:\/\/gazetaregionalna.com\/wp-content\/uploads\/2026\/01\/Steam-Maribor-23-300x201.jpg 300w, https:\/\/gazetaregionalna.com\/wp-content\/uploads\/2026\/01\/Steam-Maribor-23-768x513.jpg 768w, https:\/\/gazetaregionalna.com\/wp-content\/uploads\/2026\/01\/Steam-Maribor-23.jpg 1200w\" data-sizes=\"(max-width: 1024px) 100vw, 1024px\" src=\"data:image\/svg+xml;base64,PHN2ZyB3aWR0aD0iMSIgaGVpZ2h0PSIxIiB4bWxucz0iaHR0cDovL3d3dy53My5vcmcvMjAwMC9zdmciPjwvc3ZnPg==\" style=\"--smush-placeholder-width: 1024px; --smush-placeholder-aspect-ratio: 1024\/684;\" \/><\/figure>\n\n\n\n<figure class=\"wp-block-image size-large\"><img decoding=\"async\" width=\"1024\" height=\"1024\" data-src=\"https:\/\/gazetaregionalna.com\/wp-content\/uploads\/2025\/10\/DMK-12.10.25-1-1024x1024.jpg\" alt=\"\" class=\"wp-image-142120 lazyload\" data-srcset=\"https:\/\/gazetaregionalna.com\/wp-content\/uploads\/2025\/10\/DMK-12.10.25-1-1024x1024.jpg 1024w, https:\/\/gazetaregionalna.com\/wp-content\/uploads\/2025\/10\/DMK-12.10.25-1-300x300.jpg 300w, https:\/\/gazetaregionalna.com\/wp-content\/uploads\/2025\/10\/DMK-12.10.25-1-150x150.jpg 150w, https:\/\/gazetaregionalna.com\/wp-content\/uploads\/2025\/10\/DMK-12.10.25-1-768x768.jpg 768w, https:\/\/gazetaregionalna.com\/wp-content\/uploads\/2025\/10\/DMK-12.10.25-1-215x215.jpg 215w, https:\/\/gazetaregionalna.com\/wp-content\/uploads\/2025\/10\/DMK-12.10.25-1.jpg 1200w\" data-sizes=\"(max-width: 1024px) 100vw, 1024px\" src=\"data:image\/svg+xml;base64,PHN2ZyB3aWR0aD0iMSIgaGVpZ2h0PSIxIiB4bWxucz0iaHR0cDovL3d3dy53My5vcmcvMjAwMC9zdmciPjwvc3ZnPg==\" style=\"--smush-placeholder-width: 1024px; --smush-placeholder-aspect-ratio: 1024\/1024;\" \/><\/figure>\n\n\n\n<figure class=\"wp-block-image size-large\"><img decoding=\"async\" width=\"1024\" height=\"679\" data-src=\"https:\/\/gazetaregionalna.com\/wp-content\/uploads\/2026\/01\/Steam-Maribor-29-1024x679.jpg\" alt=\"\" class=\"wp-image-145523 lazyload\" data-srcset=\"https:\/\/gazetaregionalna.com\/wp-content\/uploads\/2026\/01\/Steam-Maribor-29-1024x679.jpg 1024w, https:\/\/gazetaregionalna.com\/wp-content\/uploads\/2026\/01\/Steam-Maribor-29-300x199.jpg 300w, https:\/\/gazetaregionalna.com\/wp-content\/uploads\/2026\/01\/Steam-Maribor-29-768x509.jpg 768w, https:\/\/gazetaregionalna.com\/wp-content\/uploads\/2026\/01\/Steam-Maribor-29.jpg 1200w\" data-sizes=\"(max-width: 1024px) 100vw, 1024px\" src=\"data:image\/svg+xml;base64,PHN2ZyB3aWR0aD0iMSIgaGVpZ2h0PSIxIiB4bWxucz0iaHR0cDovL3d3dy53My5vcmcvMjAwMC9zdmciPjwvc3ZnPg==\" style=\"--smush-placeholder-width: 1024px; --smush-placeholder-aspect-ratio: 1024\/679;\" \/><\/figure>\n\n\n\n<figure class=\"wp-block-image size-large\"><img decoding=\"async\" width=\"1024\" height=\"1024\" data-src=\"https:\/\/gazetaregionalna.com\/wp-content\/uploads\/2025\/12\/StolMat-1024x1024.jpg\" alt=\"\" class=\"wp-image-144356 lazyload\" data-srcset=\"https:\/\/gazetaregionalna.com\/wp-content\/uploads\/2025\/12\/StolMat-1024x1024.jpg 1024w, https:\/\/gazetaregionalna.com\/wp-content\/uploads\/2025\/12\/StolMat-300x300.jpg 300w, https:\/\/gazetaregionalna.com\/wp-content\/uploads\/2025\/12\/StolMat-150x150.jpg 150w, https:\/\/gazetaregionalna.com\/wp-content\/uploads\/2025\/12\/StolMat-768x768.jpg 768w, https:\/\/gazetaregionalna.com\/wp-content\/uploads\/2025\/12\/StolMat-215x215.jpg 215w, https:\/\/gazetaregionalna.com\/wp-content\/uploads\/2025\/12\/StolMat.jpg 1080w\" data-sizes=\"(max-width: 1024px) 100vw, 1024px\" src=\"data:image\/svg+xml;base64,PHN2ZyB3aWR0aD0iMSIgaGVpZ2h0PSIxIiB4bWxucz0iaHR0cDovL3d3dy53My5vcmcvMjAwMC9zdmciPjwvc3ZnPg==\" style=\"--smush-placeholder-width: 1024px; --smush-placeholder-aspect-ratio: 1024\/1024;\" \/><\/figure>\n\n\n\n<figure class=\"wp-block-image size-large\"><img decoding=\"async\" width=\"1024\" height=\"683\" data-src=\"https:\/\/gazetaregionalna.com\/wp-content\/uploads\/2026\/01\/Steam-Maribor-55-1024x683.jpg\" alt=\"\" class=\"wp-image-145524 lazyload\" data-srcset=\"https:\/\/gazetaregionalna.com\/wp-content\/uploads\/2026\/01\/Steam-Maribor-55-1024x683.jpg 1024w, https:\/\/gazetaregionalna.com\/wp-content\/uploads\/2026\/01\/Steam-Maribor-55-300x200.jpg 300w, https:\/\/gazetaregionalna.com\/wp-content\/uploads\/2026\/01\/Steam-Maribor-55-768x512.jpg 768w, https:\/\/gazetaregionalna.com\/wp-content\/uploads\/2026\/01\/Steam-Maribor-55.jpg 1200w\" data-sizes=\"(max-width: 1024px) 100vw, 1024px\" src=\"data:image\/svg+xml;base64,PHN2ZyB3aWR0aD0iMSIgaGVpZ2h0PSIxIiB4bWxucz0iaHR0cDovL3d3dy53My5vcmcvMjAwMC9zdmciPjwvc3ZnPg==\" style=\"--smush-placeholder-width: 1024px; --smush-placeholder-aspect-ratio: 1024\/683;\" \/><\/figure>\n","protected":false},"excerpt":{"rendered":"<p>Siatkarze Steam Hemarpol Politechnika Cz\u0119stochowa meczami ze s\u0142owe\u0144skim OK i-Vent Maribor zadebiutowali w europejskich pucharach. Cz\u0119stochowianie odnie\u015bli dwa pewne zwyci\u0119stwa i zameldowali si\u0119 w<\/p>\n","protected":false},"author":15,"featured_media":145519,"comment_status":"closed","ping_status":"open","sticky":false,"template":"","format":"standard","meta":{"_monsterinsights_skip_tracking":false,"_monsterinsights_sitenote_active":false,"_monsterinsights_sitenote_note":"","_monsterinsights_sitenote_category":0,"_uf_show_specific_survey":0,"_uf_disable_surveys":false,"footnotes":""},"categories":[94,8,5],"tags":[],"class_list":["post-145518","post","type-post","status-publish","format-standard","has-post-thumbnail","hentry","category-polecane","category-siatkowka","category-sport"],"_links":{"self":[{"href":"https:\/\/gazetaregionalna.com\/index.php?rest_route=\/wp\/v2\/posts\/145518","targetHints":{"allow":["GET"]}}],"collection":[{"href":"https:\/\/gazetaregionalna.com\/index.php?rest_route=\/wp\/v2\/posts"}],"about":[{"href":"https:\/\/gazetaregionalna.com\/index.php?rest_route=\/wp\/v2\/types\/post"}],"author":[{"embeddable":true,"href":"https:\/\/gazetaregionalna.com\/index.php?rest_route=\/wp\/v2\/users\/15"}],"replies":[{"embeddable":true,"href":"https:\/\/gazetaregionalna.com\/index.php?rest_route=%2Fwp%2Fv2%2Fcomments&post=145518"}],"version-history":[{"count":1,"href":"https:\/\/gazetaregionalna.com\/index.php?rest_route=\/wp\/v2\/posts\/145518\/revisions"}],"predecessor-version":[{"id":145525,"href":"https:\/\/gazetaregionalna.com\/index.php?rest_route=\/wp\/v2\/posts\/145518\/revisions\/145525"}],"wp:featuredmedia":[{"embeddable":true,"href":"https:\/\/gazetaregionalna.com\/index.php?rest_route=\/wp\/v2\/media\/145519"}],"wp:attachment":[{"href":"https:\/\/gazetaregionalna.com\/index.php?rest_route=%2Fwp%2Fv2%2Fmedia&parent=145518"}],"wp:term":[{"taxonomy":"category","embeddable":true,"href":"https:\/\/gazetaregionalna.com\/index.php?rest_route=%2Fwp%2Fv2%2Fcategories&post=145518"},{"taxonomy":"post_tag","embeddable":true,"href":"https:\/\/gazetaregionalna.com\/index.php?rest_route=%2Fwp%2Fv2%2Ftags&post=145518"}],"curies":[{"name":"wp","href":"https:\/\/api.w.org\/{rel}","templated":true}]}}