{"id":145515,"date":"2026-01-07T08:21:59","date_gmt":"2026-01-07T08:21:59","guid":{"rendered":"https:\/\/gazetaregionalna.com\/?p=145515"},"modified":"2026-01-07T08:22:00","modified_gmt":"2026-01-07T08:22:00","slug":"czestochowska-straz-miejska-ujela-wandala-niszczyl-plotek-ochraniajacy-zielen-w-al-nmp","status":"publish","type":"post","link":"https:\/\/gazetaregionalna.com\/?p=145515","title":{"rendered":"Cz\u0119stochowska Stra\u017c Miejska uj\u0119\u0142a wandala. Niszczy\u0142 p\u0142otek ochraniaj\u0105cy ziele\u0144 w Al. NMP"},"content":{"rendered":"\n<p>Dzi\u0119ki informacjom od zespo\u0142u operator\u00f3w miejskiego monitoringu wizyjnego Stra\u017c Miejska uj\u0119\u0142a m\u0119\u017cczyzn\u0119, kt\u00f3ry zniszczy\u0142 w Al. NMP p\u0142otek ochraniaj\u0105cy ziele\u0144.<\/p>\n\n\n\n<p>Do zdarzenia dosz\u0142o w miniony weekend. W nocy ok. godz. 1:25 pracownik cywilny Stra\u017cy Miejskiej z referatu ds. miejskiego monitoringu wizyjnego zauwa\u017cy\u0142 jak m\u0119\u017cczyzna z\u0142ama\u0142 stela\u017c os\u0142ony odgradzaj\u0105cej jezdni\u0119 od ziele\u0144ca w pasa\u017cu \u015brodowym. Powiadomiony patrol Stra\u017cy Miejskiej szybko zlokalizowa\u0142 oddalaj\u0105cego si\u0119 wandala. M\u0119\u017cczyzna zosta\u0142 uj\u0119ty przez patrol Stra\u017cy Miejskiej. Informacje z interwencji zosta\u0142y przekazane na I KP.<\/p>\n\n\n\n<p>\u0179r\u00f3d\u0142o: www.sm.czestochowa.pl<\/p>\n","protected":false},"excerpt":{"rendered":"<p>Dzi\u0119ki informacjom od zespo\u0142u operator\u00f3w miejskiego monitoringu wizyjnego Stra\u017c Miejska uj\u0119\u0142a m\u0119\u017cczyzn\u0119, kt\u00f3ry zniszczy\u0142 w Al. NMP p\u0142otek ochraniaj\u0105cy ziele\u0144. Do zdarzenia dosz\u0142o w<\/p>\n","protected":false},"author":25,"featured_media":145424,"comment_status":"closed","ping_status":"open","sticky":false,"template":"","format":"standard","meta":{"_monsterinsights_skip_tracking":false,"_monsterinsights_sitenote_active":false,"_monsterinsights_sitenote_note":"","_monsterinsights_sitenote_category":0,"_uf_show_specific_survey":0,"_uf_disable_surveys":false,"footnotes":""},"categories":[94,3,2],"tags":[],"class_list":["post-145515","post","type-post","status-publish","format-standard","has-post-thumbnail","hentry","category-polecane","category-czestochowa-informacje","category-wiadomosci"],"_links":{"self":[{"href":"https:\/\/gazetaregionalna.com\/index.php?rest_route=\/wp\/v2\/posts\/145515","targetHints":{"allow":["GET"]}}],"collection":[{"href":"https:\/\/gazetaregionalna.com\/index.php?rest_route=\/wp\/v2\/posts"}],"about":[{"href":"https:\/\/gazetaregionalna.com\/index.php?rest_route=\/wp\/v2\/types\/post"}],"author":[{"embeddable":true,"href":"https:\/\/gazetaregionalna.com\/index.php?rest_route=\/wp\/v2\/users\/25"}],"replies":[{"embeddable":true,"href":"https:\/\/gazetaregionalna.com\/index.php?rest_route=%2Fwp%2Fv2%2Fcomments&post=145515"}],"version-history":[{"count":1,"href":"https:\/\/gazetaregionalna.com\/index.php?rest_route=\/wp\/v2\/posts\/145515\/revisions"}],"predecessor-version":[{"id":145516,"href":"https:\/\/gazetaregionalna.com\/index.php?rest_route=\/wp\/v2\/posts\/145515\/revisions\/145516"}],"wp:featuredmedia":[{"embeddable":true,"href":"https:\/\/gazetaregionalna.com\/index.php?rest_route=\/wp\/v2\/media\/145424"}],"wp:attachment":[{"href":"https:\/\/gazetaregionalna.com\/index.php?rest_route=%2Fwp%2Fv2%2Fmedia&parent=145515"}],"wp:term":[{"taxonomy":"category","embeddable":true,"href":"https:\/\/gazetaregionalna.com\/index.php?rest_route=%2Fwp%2Fv2%2Fcategories&post=145515"},{"taxonomy":"post_tag","embeddable":true,"href":"https:\/\/gazetaregionalna.com\/index.php?rest_route=%2Fwp%2Fv2%2Ftags&post=145515"}],"curies":[{"name":"wp","href":"https:\/\/api.w.org\/{rel}","templated":true}]}}