{"id":145493,"date":"2026-01-05T14:23:51","date_gmt":"2026-01-05T14:23:51","guid":{"rendered":"https:\/\/gazetaregionalna.com\/?p=145493"},"modified":"2026-01-05T15:55:01","modified_gmt":"2026-01-05T15:55:01","slug":"zmiana-na-stanowisk-w-rakowie-po-rezygnacji-piotra-obidzinskiego-nowym-prezesem-zostal-wojciech-cygan","status":"publish","type":"post","link":"https:\/\/gazetaregionalna.com\/?p=145493","title":{"rendered":"Zmiana na stanowiskach w Rakowie. Po rezygnacji Piotra Obidzi\u0144skiego nowym prezesem zosta\u0142 Wojciech Cygan"},"content":{"rendered":"\n<p>W poniedzia\u0142ek, 5 stycznia 2026 roku, dzie\u0144 przed rozpocz\u0119ciem przez dru\u017cyn\u0119 Rakowa przygotowa\u0144 do rundy wiosennej, w zarz\u0105dzie klubu dosz\u0142o do zmian. Z funkcji Prezesa zrezygnowa\u0142 Piotr Obidzi\u0144ski, kt\u00f3ry b\u0119dzie wiceprzewodnicz\u0105cym Rady Nadzorczej. Jego miejsce zaj\u0105\u0142 dotychczasowy Przewodnicz\u0105cy Rady Nadzorczej Wojciech Cygan, kt\u00f3ry w przesz\u0142o\u015bci by\u0142 ju\u017c Prezesem Zarz\u0105du Rakowa. <\/p>\n\n\n\n<p><em>\u2013 Z uwagi na piln\u0105 konieczno\u015b\u0107 zwi\u0119kszenia mojego zaanga\u017cowania w grup\u0119 podmiot\u00f3w rodzinnych podj\u0105\u0142em decyzj\u0119 o rezygnacji z funkcji Prezesa Zarz\u0105du &#8211; t\u0142umaczy Piotr Obidzi\u0144ski na oficjalnej stronie klubu www.rakow.com. &#8211; Jednocze\u015bnie cele postawione przede mn\u0105 przez Micha\u0142a \u015awierczewskiego niespe\u0142na trzy lata temu zosta\u0142y w zdecydowanej wi\u0119kszo\u015bci zrealizowane. Jako Wiceprzewodnicz\u0105cy Rady Nadzorczej b\u0119d\u0119, w ograniczonym zakresie czasowym, nadal wspiera\u0142 Klub w kluczowych projektach \u2013<\/em> powiedzia\u0142 Piotr Obidzi\u0144ski.<\/p>\n\n\n\n<p><em>\u2013 Po rozmowie z Micha\u0142em \u015awierczewskim z\u0142o\u017cy\u0142em rezygnacj\u0119 z funkcji Przewodnicz\u0105cego Rady Nadzorczej i do czasu powo\u0142ania docelowego sk\u0142adu Zarz\u0105du obejm\u0119 funkcj\u0119 Prezesa Rakowa Cz\u0119stochowa oraz odpowiedzialno\u015b\u0107 za bie\u017c\u0105ce zarz\u0105dzanie Klubem &#8211; m\u00f3wi na stronie www.rakow.com nowy Prezes Wojciech Cygan. &#8211; Przed nami bardzo wa\u017cny okres i wierz\u0119, \u017ce wsp\u00f3lnie zrealizujemy cele postawione przed Rakowem<\/em>.<\/p>\n\n\n\n<p>Zarz\u0105d Klubu Rakowa jest dwuosobowy. Wiceprezesem jest Dawid Krz\u0119towski. W grudniu 2025 roku do Rady Nadzorczej Sp\u00f3\u0142ki wr\u00f3ci\u0142 Maciej Ko\u0142odziejczyk i do\u0142\u0105czy\u0142 te\u017c Micha\u0142 Wypychewicz.<\/p>\n\n\n\n<p>MR-K, fot: AK<\/p>\n\n\n\n<p>Partnerami relacji sportowych s\u0105:<\/p>\n\n\n\n<p>Semex \u2013 Hurtownia budowlana Cz\u0119stochowa<\/p>\n\n\n\n<p>DMK Invest materia\u0142y budowlane Konopiska<\/p>\n\n\n\n<p>Kreczmer Janusz \u2013 przew\u00f3z os\u00f3b i wynajem autokar\u00f3w<\/p>\n\n\n\n<p>Invictel \u2013 systemy alarmowe, monitoringi, automatyka do bram, kontrolery dost\u0119pu, smarthome<\/p>\n\n\n\n<p>PHU StolMat \u2013 drzwi, okna, rolety Cz\u0119stochowa<\/p>\n\n\n\n<figure class=\"wp-block-image size-large\"><img decoding=\"async\" width=\"1024\" height=\"584\" data-src=\"https:\/\/gazetaregionalna.com\/wp-content\/uploads\/2025\/11\/Semex-jpg-1024x584.jpg\" alt=\"\" class=\"wp-image-143535 lazyload\" data-srcset=\"https:\/\/gazetaregionalna.com\/wp-content\/uploads\/2025\/11\/Semex-jpg-1024x584.jpg 1024w, https:\/\/gazetaregionalna.com\/wp-content\/uploads\/2025\/11\/Semex-jpg-300x171.jpg 300w, https:\/\/gazetaregionalna.com\/wp-content\/uploads\/2025\/11\/Semex-jpg-768x438.jpg 768w, https:\/\/gazetaregionalna.com\/wp-content\/uploads\/2025\/11\/Semex-jpg.jpg 1200w\" data-sizes=\"(max-width: 1024px) 100vw, 1024px\" src=\"data:image\/svg+xml;base64,PHN2ZyB3aWR0aD0iMSIgaGVpZ2h0PSIxIiB4bWxucz0iaHR0cDovL3d3dy53My5vcmcvMjAwMC9zdmciPjwvc3ZnPg==\" style=\"--smush-placeholder-width: 1024px; --smush-placeholder-aspect-ratio: 1024\/584;\" \/><\/figure>\n\n\n\n<figure class=\"wp-block-image size-large\"><img decoding=\"async\" width=\"1024\" height=\"682\" data-src=\"https:\/\/gazetaregionalna.com\/wp-content\/uploads\/2026\/01\/Kyr-Rakow-5-1024x682.jpg\" alt=\"\" class=\"wp-image-145494 lazyload\" data-srcset=\"https:\/\/gazetaregionalna.com\/wp-content\/uploads\/2026\/01\/Kyr-Rakow-5-1024x682.jpg 1024w, https:\/\/gazetaregionalna.com\/wp-content\/uploads\/2026\/01\/Kyr-Rakow-5-300x200.jpg 300w, https:\/\/gazetaregionalna.com\/wp-content\/uploads\/2026\/01\/Kyr-Rakow-5-768x511.jpg 768w, https:\/\/gazetaregionalna.com\/wp-content\/uploads\/2026\/01\/Kyr-Rakow-5.jpg 1200w\" data-sizes=\"(max-width: 1024px) 100vw, 1024px\" src=\"data:image\/svg+xml;base64,PHN2ZyB3aWR0aD0iMSIgaGVpZ2h0PSIxIiB4bWxucz0iaHR0cDovL3d3dy53My5vcmcvMjAwMC9zdmciPjwvc3ZnPg==\" style=\"--smush-placeholder-width: 1024px; --smush-placeholder-aspect-ratio: 1024\/682;\" \/><\/figure>\n\n\n\n<p> <\/p>\n\n\n\n<figure class=\"wp-block-image size-large\"><img decoding=\"async\" width=\"1024\" height=\"1024\" data-src=\"https:\/\/gazetaregionalna.com\/wp-content\/uploads\/2025\/10\/DMK-12.10.25-2-1024x1024.jpg\" alt=\"\" class=\"wp-image-142121 lazyload\" data-srcset=\"https:\/\/gazetaregionalna.com\/wp-content\/uploads\/2025\/10\/DMK-12.10.25-2-1024x1024.jpg 1024w, https:\/\/gazetaregionalna.com\/wp-content\/uploads\/2025\/10\/DMK-12.10.25-2-300x300.jpg 300w, https:\/\/gazetaregionalna.com\/wp-content\/uploads\/2025\/10\/DMK-12.10.25-2-150x150.jpg 150w, https:\/\/gazetaregionalna.com\/wp-content\/uploads\/2025\/10\/DMK-12.10.25-2-768x768.jpg 768w, https:\/\/gazetaregionalna.com\/wp-content\/uploads\/2025\/10\/DMK-12.10.25-2-215x215.jpg 215w, https:\/\/gazetaregionalna.com\/wp-content\/uploads\/2025\/10\/DMK-12.10.25-2.jpg 1200w\" data-sizes=\"(max-width: 1024px) 100vw, 1024px\" src=\"data:image\/svg+xml;base64,PHN2ZyB3aWR0aD0iMSIgaGVpZ2h0PSIxIiB4bWxucz0iaHR0cDovL3d3dy53My5vcmcvMjAwMC9zdmciPjwvc3ZnPg==\" style=\"--smush-placeholder-width: 1024px; --smush-placeholder-aspect-ratio: 1024\/1024;\" \/><\/figure>\n\n\n\n<figure class=\"wp-block-image size-large\"><img decoding=\"async\" width=\"1024\" height=\"1024\" data-src=\"https:\/\/gazetaregionalna.com\/wp-content\/uploads\/2025\/12\/Kreczmer-Janusz-1024x1024.jpg\" alt=\"\" class=\"wp-image-144453 lazyload\" data-srcset=\"https:\/\/gazetaregionalna.com\/wp-content\/uploads\/2025\/12\/Kreczmer-Janusz-1024x1024.jpg 1024w, https:\/\/gazetaregionalna.com\/wp-content\/uploads\/2025\/12\/Kreczmer-Janusz-300x300.jpg 300w, https:\/\/gazetaregionalna.com\/wp-content\/uploads\/2025\/12\/Kreczmer-Janusz-150x150.jpg 150w, https:\/\/gazetaregionalna.com\/wp-content\/uploads\/2025\/12\/Kreczmer-Janusz-768x768.jpg 768w, https:\/\/gazetaregionalna.com\/wp-content\/uploads\/2025\/12\/Kreczmer-Janusz-215x215.jpg 215w, https:\/\/gazetaregionalna.com\/wp-content\/uploads\/2025\/12\/Kreczmer-Janusz.jpg 1080w\" data-sizes=\"(max-width: 1024px) 100vw, 1024px\" src=\"data:image\/svg+xml;base64,PHN2ZyB3aWR0aD0iMSIgaGVpZ2h0PSIxIiB4bWxucz0iaHR0cDovL3d3dy53My5vcmcvMjAwMC9zdmciPjwvc3ZnPg==\" style=\"--smush-placeholder-width: 1024px; --smush-placeholder-aspect-ratio: 1024\/1024;\" \/><\/figure>\n\n\n\n<figure class=\"wp-block-image size-full\"><img decoding=\"async\" width=\"715\" height=\"715\" data-src=\"https:\/\/gazetaregionalna.com\/wp-content\/uploads\/2025\/10\/Invictel.jpg\" alt=\"\" class=\"wp-image-141997 lazyload\" data-srcset=\"https:\/\/gazetaregionalna.com\/wp-content\/uploads\/2025\/10\/Invictel.jpg 715w, https:\/\/gazetaregionalna.com\/wp-content\/uploads\/2025\/10\/Invictel-300x300.jpg 300w, https:\/\/gazetaregionalna.com\/wp-content\/uploads\/2025\/10\/Invictel-150x150.jpg 150w, https:\/\/gazetaregionalna.com\/wp-content\/uploads\/2025\/10\/Invictel-215x215.jpg 215w\" data-sizes=\"(max-width: 715px) 100vw, 715px\" src=\"data:image\/svg+xml;base64,PHN2ZyB3aWR0aD0iMSIgaGVpZ2h0PSIxIiB4bWxucz0iaHR0cDovL3d3dy53My5vcmcvMjAwMC9zdmciPjwvc3ZnPg==\" style=\"--smush-placeholder-width: 715px; --smush-placeholder-aspect-ratio: 715\/715;\" \/><\/figure>\n\n\n\n<figure class=\"wp-block-image size-large\"><img decoding=\"async\" width=\"1024\" height=\"1024\" data-src=\"https:\/\/gazetaregionalna.com\/wp-content\/uploads\/2025\/12\/StolMat-1024x1024.jpg\" alt=\"\" class=\"wp-image-144356 lazyload\" data-srcset=\"https:\/\/gazetaregionalna.com\/wp-content\/uploads\/2025\/12\/StolMat-1024x1024.jpg 1024w, https:\/\/gazetaregionalna.com\/wp-content\/uploads\/2025\/12\/StolMat-300x300.jpg 300w, https:\/\/gazetaregionalna.com\/wp-content\/uploads\/2025\/12\/StolMat-150x150.jpg 150w, https:\/\/gazetaregionalna.com\/wp-content\/uploads\/2025\/12\/StolMat-768x768.jpg 768w, https:\/\/gazetaregionalna.com\/wp-content\/uploads\/2025\/12\/StolMat-215x215.jpg 215w, https:\/\/gazetaregionalna.com\/wp-content\/uploads\/2025\/12\/StolMat.jpg 1080w\" data-sizes=\"(max-width: 1024px) 100vw, 1024px\" src=\"data:image\/svg+xml;base64,PHN2ZyB3aWR0aD0iMSIgaGVpZ2h0PSIxIiB4bWxucz0iaHR0cDovL3d3dy53My5vcmcvMjAwMC9zdmciPjwvc3ZnPg==\" style=\"--smush-placeholder-width: 1024px; --smush-placeholder-aspect-ratio: 1024\/1024;\" \/><\/figure>\n","protected":false},"excerpt":{"rendered":"<p>W poniedzia\u0142ek, 5 stycznia 2026 roku, dzie\u0144 przed rozpocz\u0119ciem przez dru\u017cyn\u0119 Rakowa przygotowa\u0144 do rundy wiosennej, w zarz\u0105dzie klubu dosz\u0142o do zmian. Z funkcji<\/p>\n","protected":false},"author":25,"featured_media":145494,"comment_status":"closed","ping_status":"open","sticky":false,"template":"","format":"standard","meta":{"_monsterinsights_skip_tracking":false,"_monsterinsights_sitenote_active":false,"_monsterinsights_sitenote_note":"","_monsterinsights_sitenote_category":0,"_uf_show_specific_survey":0,"_uf_disable_surveys":false,"footnotes":""},"categories":[94,6,5],"tags":[],"class_list":["post-145493","post","type-post","status-publish","format-standard","has-post-thumbnail","hentry","category-polecane","category-pilka-nozna","category-sport"],"_links":{"self":[{"href":"https:\/\/gazetaregionalna.com\/index.php?rest_route=\/wp\/v2\/posts\/145493","targetHints":{"allow":["GET"]}}],"collection":[{"href":"https:\/\/gazetaregionalna.com\/index.php?rest_route=\/wp\/v2\/posts"}],"about":[{"href":"https:\/\/gazetaregionalna.com\/index.php?rest_route=\/wp\/v2\/types\/post"}],"author":[{"embeddable":true,"href":"https:\/\/gazetaregionalna.com\/index.php?rest_route=\/wp\/v2\/users\/25"}],"replies":[{"embeddable":true,"href":"https:\/\/gazetaregionalna.com\/index.php?rest_route=%2Fwp%2Fv2%2Fcomments&post=145493"}],"version-history":[{"count":2,"href":"https:\/\/gazetaregionalna.com\/index.php?rest_route=\/wp\/v2\/posts\/145493\/revisions"}],"predecessor-version":[{"id":145496,"href":"https:\/\/gazetaregionalna.com\/index.php?rest_route=\/wp\/v2\/posts\/145493\/revisions\/145496"}],"wp:featuredmedia":[{"embeddable":true,"href":"https:\/\/gazetaregionalna.com\/index.php?rest_route=\/wp\/v2\/media\/145494"}],"wp:attachment":[{"href":"https:\/\/gazetaregionalna.com\/index.php?rest_route=%2Fwp%2Fv2%2Fmedia&parent=145493"}],"wp:term":[{"taxonomy":"category","embeddable":true,"href":"https:\/\/gazetaregionalna.com\/index.php?rest_route=%2Fwp%2Fv2%2Fcategories&post=145493"},{"taxonomy":"post_tag","embeddable":true,"href":"https:\/\/gazetaregionalna.com\/index.php?rest_route=%2Fwp%2Fv2%2Ftags&post=145493"}],"curies":[{"name":"wp","href":"https:\/\/api.w.org\/{rel}","templated":true}]}}