{"id":145345,"date":"2025-12-31T14:16:05","date_gmt":"2025-12-31T14:16:05","guid":{"rendered":"https:\/\/gazetaregionalna.com\/?p=145345"},"modified":"2025-12-31T14:16:06","modified_gmt":"2025-12-31T14:16:06","slug":"to-byl-bardzo-dobry-2025-rok-w-wykonaniu-pilkarzy-rakow-czestochowa-wiosna-w-2026-tez-moze-byc-ciekawa","status":"publish","type":"post","link":"https:\/\/gazetaregionalna.com\/?p=145345","title":{"rendered":"To by\u0142 bardzo dobry 2025 rok w wykonaniu pi\u0142karzy Rak\u00f3w Cz\u0119stochowa. Wiosna w 2026 te\u017c mo\u017ce by\u0107 ciekawa&#8230;"},"content":{"rendered":"\n<p>Pi\u0142karze, dzia\u0142acze, trenerzy i kibice Rak\u00f3w Cz\u0119stochowa mog\u0105 by\u0107 zadowoleni z mijaj\u0105cego 2025 roku. Cz\u0119stochowska dru\u017cyna osi\u0105gn\u0119\u0142a bardzo dobre wyniki i ca\u0142y czas jest w grze o kolejne sukcesy.<\/p>\n\n\n\n<p>Jak zwykle rok trzeba podzieli\u0107 na dwie po\u0142owy. Poprzedni sezon Rak\u00f3w zako\u0144czy\u0142 na 2. miejscu w PKO BP Ekstraklasie zdobywaj\u0105c srebrny medal i wicemistrzostwo Polski. Do drugiego w historii mistrzostwa Polski zabrak\u0142o zaledwie 1 punktu&#8230; ,,Medaliki\u201d wraz ze swoimi kibicami mogli cieszy\u0107 si\u0119 jednak z 3 wicemistrzostwa Polski w ci\u0105gu 5 lat.<\/p>\n\n\n\n<p>Rak\u00f3w od 2021 roku a\u017c 4 razy by\u0142 na podium w PKO BP Ekstraklasie. Cz\u0119stochowian zabrak\u0142o tylko w 2024 roku&#8230;<\/p>\n\n\n\n<p>Druga po\u0142owa 2025 roku te\u017c obfitowa\u0142a w sporo sukces\u00f3w. Co prawda pocz\u0105tek sezonu nie by\u0142 zbyt udany w wykonaniu podopiecznych trenera Marka Papszuna, ale z meczu na mecz Rak\u00f3w prezentowa\u0142 si\u0119 coraz lepiej i odrabia\u0142 straty do rywali. Rak\u00f3w mia\u0142 nawet szans\u0119, aby sp\u0119dzi\u0107 przerw\u0119 zimow\u0105 w fotelu lidera PKO BP Ekstraklasy, ale przegra\u0142 zaleg\u0142y mecz z Zag\u0142\u0119biem Lubin i w tabeli zajmuje 4. miejsce. Ma 29 punt\u00f3w, tyle samo co 3. Jagiellonia Bia\u0142ystok. Do lidera Wis\u0142y P\u0142ock i wicelidera G\u00f3rniak Zabrze ,,Medaliki\u201d trac\u0105 tylko 1 punkt i w rundzie wiosennej b\u0119d\u0105 walczy\u0107 o mistrzostwo Polski z nowym trenerem \u0141ukaszem Tomczykiem.<\/p>\n\n\n\n<p>Rak\u00f3w jest te\u017c w walce o STS Puchar Polski. Czerwono-niebiescy w 1\/16 PP pokonali Cracovi\u0119 Krak\u00f3w 3:0, a w 1\/8 wygrali we Wroc\u0142awiu ze \u015al\u0105skiem 2:1.<\/p>\n\n\n\n<p>W \u0107wier\u0107finale PP Rak\u00f3w zagra w \u015awidniku z Avi\u0105. Trener Tomczyk b\u0119dzie mia\u0142 okazj\u0119 do rewan\u017cu, bo w 1\/8 jego Polonia Bytom przegra\u0142a w \u015awidniku z Avi\u0105 2:4&#8230;<\/p>\n\n\n\n<p>Rak\u00f3w w 2025 roku prezentowa\u0142 si\u0119 te\u017c bardzo dobrze na arenie mi\u0119dzynarodowej. Czerwono-niebiescy maj\u0105 ju\u017c za sob\u0105 38 oficjalnych spotka\u0144 w Europie.<\/p>\n\n\n\n<p>Rak\u00f3w w eliminacjach wygra\u0142 5 spotka\u0144 i odnotowa\u0142 1 pora\u017ck\u0119. Cz\u0119stochowianie w 2. rundzie eliminacji wyeliminowali s\u0142owack\u0105 MSK \u017bilina, w 3. rundzie Maccabi Hajfa z Izraela, a w 4. ostatniej rundzie Adr\u0119 Kyrd\u017cali z Bu\u0142garii.<\/p>\n\n\n\n<p>Dru\u017cyna Rakowa awansowa\u0142a do fazy ligowej Ligi Konferencji UEFA, gdzie te\u017c gra\u0142a jak z nut. Cz\u0119stochowianie w 6 meczach odnie\u015bli 4 zwyci\u0119stwa (z Universitatea Craiova, Rapid Wiede\u0144, Zrinjski Mostar i Omonia Nikozja) i odnotowali 2 remisy (Sigma O\u0142omuniec i Sparta Praga). Byli jedn\u0105 z trzech dru\u017cyn, kt\u00f3re nie przegra\u0142y w fazie ligowej Ligi Konferencji UEFA \u017cadnego spotkania!<\/p>\n\n\n\n<p>Rak\u00f3w mia\u0142 szans\u0119 nawet na 1. miejsce w grupie. W ostatniej kolejce by\u0142 nawet przez jaki\u015b czas liderem, ale ostatecznie cz\u0119stochowianie zaj\u0119li 2. miejsce tu\u017c za francuskim FC Strasbourg!<\/p>\n\n\n\n<p>Z tego wyniku trzeba si\u0119 bardzo cieszy\u0107. Rak\u00f3w zarobi\u0142 spore pieni\u0105dze za gr\u0119 na arenie mi\u0119dzynarodowej. Klubowa kasa wzbogaci\u0142a si\u0119 o ponad 5 milion\u00f3w euro za gr\u0119 w fazie ligowej. Cz\u0119stochowianie wygrali te\u017c 5 mecz\u00f3w w eliminacjach co te\u017c prze\u0142o\u017cy\u0142o si\u0119 na stan klubowej kasy&#8230;<\/p>\n\n\n\n<p>Rak\u00f3w zaj\u0105\u0142 w fazie ligowej LK UEFA 2. miejsce na 36. uczestnik\u00f3w. Zespo\u0142y z miejsc 1.-8. maj\u0105 wolny los w pierwszej rundzie play-off. Rak\u00f3w w lutym b\u0119dzie czeka\u0107 na przeciwnika, kt\u00f3ry zostanie wy\u0142oniony po 1\/16. Cz\u0119stochowianie przyst\u0105pi\u0105 do rozgrywek w marcu w 1\/8 Ligi Konferencji UEFA.<\/p>\n\n\n\n<p>Rok 2026 zapowiada si\u0119 dla kibic\u00f3w Rakowa bardzo ciekawie. ,,Medaliki\u201d chc\u0105 walczy\u0107 o mistrzostw Polski i Puchar Polski, a tak\u017ce rozegraj\u0105 co najmniej dwa mecze w europejskich pucharach. Rywalizacja w 1\/8 Ligi Konferencji UEFA b\u0119dzie 39. i 40.oficjalnym wyst\u0119pem Rakowa w europejskich pucharach&#8230;<\/p>\n\n\n\n<p>MR-K, AK, fot: AK<\/p>\n\n\n\n<p>Partnerami relacji sportowych s\u0105:<\/p>\n\n\n\n<p>Semex- Hurtownia budowlana Cz\u0119stochowa<\/p>\n\n\n\n<p>DMK Invest materia\u0142y budowlane Konopiska<\/p>\n\n\n\n<p>Invictel \u2013 systemy alarmowe, monitoringi, automatyka do bram, smarthome, kontrolery dost\u0119pu<\/p>\n\n\n\n<p>PHU StolMat \u2013 okna, drzwi, rolety Cz\u0119stochowa<\/p>\n\n\n\n<p>Kreczmer Janusz &#8211; przewozy autokarowe<\/p>\n\n\n\n<figure class=\"wp-block-image size-large\"><img decoding=\"async\" width=\"1024\" height=\"584\" data-src=\"https:\/\/gazetaregionalna.com\/wp-content\/uploads\/2025\/11\/Semex-jpg-1024x584.jpg\" alt=\"\" class=\"wp-image-143535 lazyload\" data-srcset=\"https:\/\/gazetaregionalna.com\/wp-content\/uploads\/2025\/11\/Semex-jpg-1024x584.jpg 1024w, https:\/\/gazetaregionalna.com\/wp-content\/uploads\/2025\/11\/Semex-jpg-300x171.jpg 300w, https:\/\/gazetaregionalna.com\/wp-content\/uploads\/2025\/11\/Semex-jpg-768x438.jpg 768w, https:\/\/gazetaregionalna.com\/wp-content\/uploads\/2025\/11\/Semex-jpg.jpg 1200w\" data-sizes=\"(max-width: 1024px) 100vw, 1024px\" src=\"data:image\/svg+xml;base64,PHN2ZyB3aWR0aD0iMSIgaGVpZ2h0PSIxIiB4bWxucz0iaHR0cDovL3d3dy53My5vcmcvMjAwMC9zdmciPjwvc3ZnPg==\" style=\"--smush-placeholder-width: 1024px; --smush-placeholder-aspect-ratio: 1024\/584;\" \/><\/figure>\n\n\n\n<figure class=\"wp-block-image size-large\"><img decoding=\"async\" width=\"1024\" height=\"771\" data-src=\"https:\/\/gazetaregionalna.com\/wp-content\/uploads\/2025\/12\/Omonia-Rakow--1024x771.jpg\" alt=\"\" class=\"wp-image-144777 lazyload\" data-srcset=\"https:\/\/gazetaregionalna.com\/wp-content\/uploads\/2025\/12\/Omonia-Rakow--1024x771.jpg 1024w, https:\/\/gazetaregionalna.com\/wp-content\/uploads\/2025\/12\/Omonia-Rakow--300x226.jpg 300w, https:\/\/gazetaregionalna.com\/wp-content\/uploads\/2025\/12\/Omonia-Rakow--768x579.jpg 768w, https:\/\/gazetaregionalna.com\/wp-content\/uploads\/2025\/12\/Omonia-Rakow-.jpg 1200w\" data-sizes=\"(max-width: 1024px) 100vw, 1024px\" src=\"data:image\/svg+xml;base64,PHN2ZyB3aWR0aD0iMSIgaGVpZ2h0PSIxIiB4bWxucz0iaHR0cDovL3d3dy53My5vcmcvMjAwMC9zdmciPjwvc3ZnPg==\" style=\"--smush-placeholder-width: 1024px; --smush-placeholder-aspect-ratio: 1024\/771;\" \/><\/figure>\n\n\n\n<figure class=\"wp-block-image size-large\"><img decoding=\"async\" width=\"1024\" height=\"1024\" data-src=\"https:\/\/gazetaregionalna.com\/wp-content\/uploads\/2025\/10\/DMK-12.10.25-2-1024x1024.jpg\" alt=\"\" class=\"wp-image-142121 lazyload\" data-srcset=\"https:\/\/gazetaregionalna.com\/wp-content\/uploads\/2025\/10\/DMK-12.10.25-2-1024x1024.jpg 1024w, https:\/\/gazetaregionalna.com\/wp-content\/uploads\/2025\/10\/DMK-12.10.25-2-300x300.jpg 300w, https:\/\/gazetaregionalna.com\/wp-content\/uploads\/2025\/10\/DMK-12.10.25-2-150x150.jpg 150w, https:\/\/gazetaregionalna.com\/wp-content\/uploads\/2025\/10\/DMK-12.10.25-2-768x768.jpg 768w, https:\/\/gazetaregionalna.com\/wp-content\/uploads\/2025\/10\/DMK-12.10.25-2-215x215.jpg 215w, https:\/\/gazetaregionalna.com\/wp-content\/uploads\/2025\/10\/DMK-12.10.25-2.jpg 1200w\" data-sizes=\"(max-width: 1024px) 100vw, 1024px\" src=\"data:image\/svg+xml;base64,PHN2ZyB3aWR0aD0iMSIgaGVpZ2h0PSIxIiB4bWxucz0iaHR0cDovL3d3dy53My5vcmcvMjAwMC9zdmciPjwvc3ZnPg==\" style=\"--smush-placeholder-width: 1024px; --smush-placeholder-aspect-ratio: 1024\/1024;\" \/><\/figure>\n\n\n\n<figure class=\"wp-block-image size-large\"><img decoding=\"async\" width=\"1024\" height=\"683\" data-src=\"https:\/\/gazetaregionalna.com\/wp-content\/uploads\/2025\/12\/Omonia-Rakow-98-1024x683.jpg\" alt=\"\" class=\"wp-image-144783 lazyload\" data-srcset=\"https:\/\/gazetaregionalna.com\/wp-content\/uploads\/2025\/12\/Omonia-Rakow-98-1024x683.jpg 1024w, https:\/\/gazetaregionalna.com\/wp-content\/uploads\/2025\/12\/Omonia-Rakow-98-300x200.jpg 300w, https:\/\/gazetaregionalna.com\/wp-content\/uploads\/2025\/12\/Omonia-Rakow-98-768x512.jpg 768w, https:\/\/gazetaregionalna.com\/wp-content\/uploads\/2025\/12\/Omonia-Rakow-98.jpg 1200w\" data-sizes=\"(max-width: 1024px) 100vw, 1024px\" src=\"data:image\/svg+xml;base64,PHN2ZyB3aWR0aD0iMSIgaGVpZ2h0PSIxIiB4bWxucz0iaHR0cDovL3d3dy53My5vcmcvMjAwMC9zdmciPjwvc3ZnPg==\" style=\"--smush-placeholder-width: 1024px; --smush-placeholder-aspect-ratio: 1024\/683;\" \/><\/figure>\n\n\n\n<figure class=\"wp-block-image size-full\"><img decoding=\"async\" width=\"715\" height=\"715\" data-src=\"https:\/\/gazetaregionalna.com\/wp-content\/uploads\/2025\/10\/Invictel.jpg\" alt=\"\" class=\"wp-image-141997 lazyload\" data-srcset=\"https:\/\/gazetaregionalna.com\/wp-content\/uploads\/2025\/10\/Invictel.jpg 715w, https:\/\/gazetaregionalna.com\/wp-content\/uploads\/2025\/10\/Invictel-300x300.jpg 300w, https:\/\/gazetaregionalna.com\/wp-content\/uploads\/2025\/10\/Invictel-150x150.jpg 150w, https:\/\/gazetaregionalna.com\/wp-content\/uploads\/2025\/10\/Invictel-215x215.jpg 215w\" data-sizes=\"(max-width: 715px) 100vw, 715px\" src=\"data:image\/svg+xml;base64,PHN2ZyB3aWR0aD0iMSIgaGVpZ2h0PSIxIiB4bWxucz0iaHR0cDovL3d3dy53My5vcmcvMjAwMC9zdmciPjwvc3ZnPg==\" style=\"--smush-placeholder-width: 715px; --smush-placeholder-aspect-ratio: 715\/715;\" \/><\/figure>\n\n\n\n<figure class=\"wp-block-image size-large\"><img decoding=\"async\" width=\"1024\" height=\"683\" data-src=\"https:\/\/gazetaregionalna.com\/wp-content\/uploads\/2025\/11\/Rakow-Rapid-1-1-1024x683.jpg\" alt=\"\" class=\"wp-image-144194 lazyload\" data-srcset=\"https:\/\/gazetaregionalna.com\/wp-content\/uploads\/2025\/11\/Rakow-Rapid-1-1-1024x683.jpg 1024w, https:\/\/gazetaregionalna.com\/wp-content\/uploads\/2025\/11\/Rakow-Rapid-1-1-300x200.jpg 300w, https:\/\/gazetaregionalna.com\/wp-content\/uploads\/2025\/11\/Rakow-Rapid-1-1-768x512.jpg 768w, https:\/\/gazetaregionalna.com\/wp-content\/uploads\/2025\/11\/Rakow-Rapid-1-1.jpg 1200w\" data-sizes=\"(max-width: 1024px) 100vw, 1024px\" src=\"data:image\/svg+xml;base64,PHN2ZyB3aWR0aD0iMSIgaGVpZ2h0PSIxIiB4bWxucz0iaHR0cDovL3d3dy53My5vcmcvMjAwMC9zdmciPjwvc3ZnPg==\" style=\"--smush-placeholder-width: 1024px; --smush-placeholder-aspect-ratio: 1024\/683;\" \/><\/figure>\n\n\n\n<figure class=\"wp-block-image size-large\"><img decoding=\"async\" width=\"1024\" height=\"1024\" data-src=\"https:\/\/gazetaregionalna.com\/wp-content\/uploads\/2025\/12\/Kreczmer-Janusz-1024x1024.jpg\" alt=\"\" class=\"wp-image-144453 lazyload\" data-srcset=\"https:\/\/gazetaregionalna.com\/wp-content\/uploads\/2025\/12\/Kreczmer-Janusz-1024x1024.jpg 1024w, https:\/\/gazetaregionalna.com\/wp-content\/uploads\/2025\/12\/Kreczmer-Janusz-300x300.jpg 300w, https:\/\/gazetaregionalna.com\/wp-content\/uploads\/2025\/12\/Kreczmer-Janusz-150x150.jpg 150w, https:\/\/gazetaregionalna.com\/wp-content\/uploads\/2025\/12\/Kreczmer-Janusz-768x768.jpg 768w, https:\/\/gazetaregionalna.com\/wp-content\/uploads\/2025\/12\/Kreczmer-Janusz-215x215.jpg 215w, https:\/\/gazetaregionalna.com\/wp-content\/uploads\/2025\/12\/Kreczmer-Janusz.jpg 1080w\" data-sizes=\"(max-width: 1024px) 100vw, 1024px\" src=\"data:image\/svg+xml;base64,PHN2ZyB3aWR0aD0iMSIgaGVpZ2h0PSIxIiB4bWxucz0iaHR0cDovL3d3dy53My5vcmcvMjAwMC9zdmciPjwvc3ZnPg==\" style=\"--smush-placeholder-width: 1024px; --smush-placeholder-aspect-ratio: 1024\/1024;\" \/><\/figure>\n\n\n\n<figure class=\"wp-block-image size-large\"><img decoding=\"async\" width=\"1024\" height=\"683\" data-src=\"https:\/\/gazetaregionalna.com\/wp-content\/uploads\/2025\/11\/Rakow-Rapid-2-1-1024x683.jpg\" alt=\"\" class=\"wp-image-144195 lazyload\" data-srcset=\"https:\/\/gazetaregionalna.com\/wp-content\/uploads\/2025\/11\/Rakow-Rapid-2-1-1024x683.jpg 1024w, https:\/\/gazetaregionalna.com\/wp-content\/uploads\/2025\/11\/Rakow-Rapid-2-1-300x200.jpg 300w, https:\/\/gazetaregionalna.com\/wp-content\/uploads\/2025\/11\/Rakow-Rapid-2-1-768x512.jpg 768w, https:\/\/gazetaregionalna.com\/wp-content\/uploads\/2025\/11\/Rakow-Rapid-2-1.jpg 1200w\" data-sizes=\"(max-width: 1024px) 100vw, 1024px\" src=\"data:image\/svg+xml;base64,PHN2ZyB3aWR0aD0iMSIgaGVpZ2h0PSIxIiB4bWxucz0iaHR0cDovL3d3dy53My5vcmcvMjAwMC9zdmciPjwvc3ZnPg==\" style=\"--smush-placeholder-width: 1024px; --smush-placeholder-aspect-ratio: 1024\/683;\" \/><\/figure>\n\n\n\n<figure class=\"wp-block-image size-large\"><img decoding=\"async\" width=\"1024\" height=\"1024\" data-src=\"https:\/\/gazetaregionalna.com\/wp-content\/uploads\/2025\/12\/StolMat-1024x1024.jpg\" alt=\"\" class=\"wp-image-144356 lazyload\" data-srcset=\"https:\/\/gazetaregionalna.com\/wp-content\/uploads\/2025\/12\/StolMat-1024x1024.jpg 1024w, https:\/\/gazetaregionalna.com\/wp-content\/uploads\/2025\/12\/StolMat-300x300.jpg 300w, https:\/\/gazetaregionalna.com\/wp-content\/uploads\/2025\/12\/StolMat-150x150.jpg 150w, https:\/\/gazetaregionalna.com\/wp-content\/uploads\/2025\/12\/StolMat-768x768.jpg 768w, https:\/\/gazetaregionalna.com\/wp-content\/uploads\/2025\/12\/StolMat-215x215.jpg 215w, https:\/\/gazetaregionalna.com\/wp-content\/uploads\/2025\/12\/StolMat.jpg 1080w\" data-sizes=\"(max-width: 1024px) 100vw, 1024px\" src=\"data:image\/svg+xml;base64,PHN2ZyB3aWR0aD0iMSIgaGVpZ2h0PSIxIiB4bWxucz0iaHR0cDovL3d3dy53My5vcmcvMjAwMC9zdmciPjwvc3ZnPg==\" style=\"--smush-placeholder-width: 1024px; --smush-placeholder-aspect-ratio: 1024\/1024;\" \/><\/figure>\n\n\n\n<figure class=\"wp-block-image size-large\"><img decoding=\"async\" width=\"1024\" height=\"683\" data-src=\"https:\/\/gazetaregionalna.com\/wp-content\/uploads\/2025\/11\/Rakow-Rapid-200-1024x683.jpg\" alt=\"\" class=\"wp-image-144163 lazyload\" data-srcset=\"https:\/\/gazetaregionalna.com\/wp-content\/uploads\/2025\/11\/Rakow-Rapid-200-1024x683.jpg 1024w, https:\/\/gazetaregionalna.com\/wp-content\/uploads\/2025\/11\/Rakow-Rapid-200-300x200.jpg 300w, https:\/\/gazetaregionalna.com\/wp-content\/uploads\/2025\/11\/Rakow-Rapid-200-768x512.jpg 768w, https:\/\/gazetaregionalna.com\/wp-content\/uploads\/2025\/11\/Rakow-Rapid-200.jpg 1200w\" data-sizes=\"(max-width: 1024px) 100vw, 1024px\" src=\"data:image\/svg+xml;base64,PHN2ZyB3aWR0aD0iMSIgaGVpZ2h0PSIxIiB4bWxucz0iaHR0cDovL3d3dy53My5vcmcvMjAwMC9zdmciPjwvc3ZnPg==\" style=\"--smush-placeholder-width: 1024px; --smush-placeholder-aspect-ratio: 1024\/683;\" \/><\/figure>\n","protected":false},"excerpt":{"rendered":"<p>Pi\u0142karze, dzia\u0142acze, trenerzy i kibice Rak\u00f3w Cz\u0119stochowa mog\u0105 by\u0107 zadowoleni z mijaj\u0105cego 2025 roku. Cz\u0119stochowska dru\u017cyna osi\u0105gn\u0119\u0142a bardzo dobre wyniki i ca\u0142y czas jest<\/p>\n","protected":false},"author":15,"featured_media":144777,"comment_status":"closed","ping_status":"open","sticky":false,"template":"","format":"standard","meta":{"_monsterinsights_skip_tracking":false,"_monsterinsights_sitenote_active":false,"_monsterinsights_sitenote_note":"","_monsterinsights_sitenote_category":0,"_uf_show_specific_survey":0,"_uf_disable_surveys":false,"footnotes":""},"categories":[94,6,5],"tags":[],"class_list":["post-145345","post","type-post","status-publish","format-standard","has-post-thumbnail","hentry","category-polecane","category-pilka-nozna","category-sport"],"_links":{"self":[{"href":"https:\/\/gazetaregionalna.com\/index.php?rest_route=\/wp\/v2\/posts\/145345","targetHints":{"allow":["GET"]}}],"collection":[{"href":"https:\/\/gazetaregionalna.com\/index.php?rest_route=\/wp\/v2\/posts"}],"about":[{"href":"https:\/\/gazetaregionalna.com\/index.php?rest_route=\/wp\/v2\/types\/post"}],"author":[{"embeddable":true,"href":"https:\/\/gazetaregionalna.com\/index.php?rest_route=\/wp\/v2\/users\/15"}],"replies":[{"embeddable":true,"href":"https:\/\/gazetaregionalna.com\/index.php?rest_route=%2Fwp%2Fv2%2Fcomments&post=145345"}],"version-history":[{"count":1,"href":"https:\/\/gazetaregionalna.com\/index.php?rest_route=\/wp\/v2\/posts\/145345\/revisions"}],"predecessor-version":[{"id":145346,"href":"https:\/\/gazetaregionalna.com\/index.php?rest_route=\/wp\/v2\/posts\/145345\/revisions\/145346"}],"wp:featuredmedia":[{"embeddable":true,"href":"https:\/\/gazetaregionalna.com\/index.php?rest_route=\/wp\/v2\/media\/144777"}],"wp:attachment":[{"href":"https:\/\/gazetaregionalna.com\/index.php?rest_route=%2Fwp%2Fv2%2Fmedia&parent=145345"}],"wp:term":[{"taxonomy":"category","embeddable":true,"href":"https:\/\/gazetaregionalna.com\/index.php?rest_route=%2Fwp%2Fv2%2Fcategories&post=145345"},{"taxonomy":"post_tag","embeddable":true,"href":"https:\/\/gazetaregionalna.com\/index.php?rest_route=%2Fwp%2Fv2%2Ftags&post=145345"}],"curies":[{"name":"wp","href":"https:\/\/api.w.org\/{rel}","templated":true}]}}