{"id":14515,"date":"2020-06-19T13:57:14","date_gmt":"2020-06-19T13:57:14","guid":{"rendered":"https:\/\/gazetaregionalna.com\/?p=14515"},"modified":"2020-06-21T22:06:24","modified_gmt":"2020-06-21T22:06:24","slug":"pokaz-europejskich-kaskaderow","status":"publish","type":"post","link":"https:\/\/gazetaregionalna.com\/?p=14515","title":{"rendered":"Uwaga! Pokaz europejskich kaskader\u00f3w filmowych tylko 24 i 25 czerwca w Lubli\u0144cu"},"content":{"rendered":"\n<h2 class=\"wp-block-heading\"> W \u015brod\u0119 i czwartek na targowisku przy ul. Targowej w Lubli\u0144cu o godzinie 19:00 odb\u0119dzie si\u0119 pokaz najlepszych europejskich kaskader\u00f3w filmowych. <\/h2>\n\n\n\n<p> Organizator gwarantuje widzom zmagania na najwy\u017cszym poziomie po\u0142\u0105czone z ekstremalnym widowiskiem:<\/p>\n\n\n\n<ul class=\"wp-block-list\"><li>pokazy DRIFTU, zapach palonej gumy, huk\nrozgrzanych do czerwono\u015bci silnik\u00f3w k\u0142\u0119by dymu,<\/li><li>kontrolowane wypadki,<\/li><li>przejazdy przez \u015bcian\u0119 ognia z cz\u0142owiekiem na\nmasce,<\/li><li>przebijanie g\u0142ow\u0105 p\u0142on\u0105cej \u015bciany b\u0119d\u0105c\njednocze\u015bnie na masce BMW,<\/li><li>jazda na bocznych ko\u0142ach samochod\u00f3w i Quad\u00f3w,<\/li><li>jazda MONSTER TRUCKIEM, niszczycielskie,\nnajwi\u0119ksze auta, najmocniejsze silniki i zaciek\u0142a jazda,<\/li><li>a je\u015bli kto\u015b uwa\u017ca, \u017ce ekstremalna jazda to\nhobby przeznaczone dla m\u0119\u017cczyzn z tego b\u0142\u0119du wyprowadzi go Rajmund, bior\u0105c z\npubliczno\u015bci odwa\u017cne kobiety do przeja\u017cd\u017cki SAMOCHODEM NA DW\u00d3CH KO\u0141ACH<\/li><li>i to nowe \u201cCO\u015a\u201d \u2013 jedyny w Polsce &nbsp;AUTOROBOT -niepowtarzalna okazja do zobaczenia\nz bliska cud\u00f3w motoryzacyjnej techniki,<\/li><li>jedyny w POLSCE DRAGSTER!<\/li><\/ul>\n\n\n\n<p>Dodatkowo na koniec pokazu&nbsp; najm\u0142odsi fani b\u0119d\u0105 mogli zupe\u0142nie za FREE przejecha\u0107 si\u0119 jednym z&nbsp; pot\u0119\u017cnych MONSTER TRUCK\u00d3W!!!<\/p>\n\n\n\n<p> Do wsp\u00f3lnej zabawy pe\u0142nej emocji\u00a0 i niezapomnianych wspomnie\u0144 \u00a0zaprasza organizator imprezy R-STUNTS i informuje, \u017ce bilety b\u0119dzie mo\u017cna naby\u0107 w jego kasach tu\u017c przed danym programem.<\/p>\n\n\n\n<p>Wi\u0119cej informacji pod numerem: 513 190 570  <\/p>\n\n\n\n<p>[post_gallery] <\/p>\n\n\n\n<p>(Fot:  R-STUNTS)<\/p>\n\n\n\n<p>(\u0179r\u00f3d\u0142o:  R-STUNTS)<\/p>\n","protected":false},"excerpt":{"rendered":"<p>W \u015brod\u0119 i czwartek na targowisku przy ul. Targowej w Lubli\u0144cu o godzinie 19:00 odb\u0119dzie si\u0119 pokaz najlepszych europejskich kaskader\u00f3w filmowych. Organizator gwarantuje widzom<\/p>\n","protected":false},"author":12,"featured_media":14516,"comment_status":"open","ping_status":"open","sticky":false,"template":"","format":"standard","meta":{"_monsterinsights_skip_tracking":false,"_monsterinsights_sitenote_active":false,"_monsterinsights_sitenote_note":"","_monsterinsights_sitenote_category":0,"_uf_show_specific_survey":0,"_uf_disable_surveys":false,"footnotes":""},"categories":[13,3,25,18,94,4],"tags":[],"class_list":["post-14515","post","type-post","status-publish","format-standard","has-post-thumbnail","hentry","category-wydarzenia","category-czestochowa-informacje","category-lubliniec","category-motoryzacja","category-polecane","category-region"],"_links":{"self":[{"href":"https:\/\/gazetaregionalna.com\/index.php?rest_route=\/wp\/v2\/posts\/14515","targetHints":{"allow":["GET"]}}],"collection":[{"href":"https:\/\/gazetaregionalna.com\/index.php?rest_route=\/wp\/v2\/posts"}],"about":[{"href":"https:\/\/gazetaregionalna.com\/index.php?rest_route=\/wp\/v2\/types\/post"}],"author":[{"embeddable":true,"href":"https:\/\/gazetaregionalna.com\/index.php?rest_route=\/wp\/v2\/users\/12"}],"replies":[{"embeddable":true,"href":"https:\/\/gazetaregionalna.com\/index.php?rest_route=%2Fwp%2Fv2%2Fcomments&post=14515"}],"version-history":[{"count":4,"href":"https:\/\/gazetaregionalna.com\/index.php?rest_route=\/wp\/v2\/posts\/14515\/revisions"}],"predecessor-version":[{"id":14652,"href":"https:\/\/gazetaregionalna.com\/index.php?rest_route=\/wp\/v2\/posts\/14515\/revisions\/14652"}],"wp:featuredmedia":[{"embeddable":true,"href":"https:\/\/gazetaregionalna.com\/index.php?rest_route=\/wp\/v2\/media\/14516"}],"wp:attachment":[{"href":"https:\/\/gazetaregionalna.com\/index.php?rest_route=%2Fwp%2Fv2%2Fmedia&parent=14515"}],"wp:term":[{"taxonomy":"category","embeddable":true,"href":"https:\/\/gazetaregionalna.com\/index.php?rest_route=%2Fwp%2Fv2%2Fcategories&post=14515"},{"taxonomy":"post_tag","embeddable":true,"href":"https:\/\/gazetaregionalna.com\/index.php?rest_route=%2Fwp%2Fv2%2Ftags&post=14515"}],"curies":[{"name":"wp","href":"https:\/\/api.w.org\/{rel}","templated":true}]}}