{"id":14477,"date":"2020-06-19T06:26:26","date_gmt":"2020-06-19T06:26:26","guid":{"rendered":"https:\/\/gazetaregionalna.com\/?p=14477"},"modified":"2020-06-19T06:26:28","modified_gmt":"2020-06-19T06:26:28","slug":"przedszkolaki-walcza-ze-smogiem","status":"publish","type":"post","link":"https:\/\/gazetaregionalna.com\/?p=14477","title":{"rendered":"Puchar dla przedszkolak\u00f3w walcz\u0105cych ze smogiem"},"content":{"rendered":"\n<h2 class=\"wp-block-heading\">Miejskie Przedszkole nr 18 w Cz\u0119stochowie w tym roku szkolnym wzi\u0119\u0142o udzia\u0142 w kampanii edukacyjno-informacyjnej \u201eMog\u0119! Zatrzyma\u0107 SMOG \u2013 Przedszkolaku z\u0142ap oddech\u201d, organizowanej przez Samorz\u0105d Wojew\u00f3dztwa \u015al\u0105skiego w Katowicach.<\/h2>\n\n\n\n<p> [post_gallery] <\/p>\n\n\n\n<p>Celem kampanii by\u0142o podniesienie \u015bwiadomo\u015bci ekologicznej, dzieci w wieku przedszkolnym, ich rodzic\u00f3w i opiekun\u00f3w w zakresie wp\u0142ywu zanieczyszczonego powietrza na ich zdrowie.<\/p>\n\n\n\n<p>W ramach kampanii Miejskie Przedszkole Nr 18 otrzyma\u0142o dwa oczyszczacze powietrza  i  zrealizowa\u0142o 4 zadania o tematyce proekologicznej, prozdrowotnej, tj.: wzi\u0119\u0142o udzia\u0142 w konkursie na scenariusz zaj\u0119\u0107 dla dzieci przedszkolnych; przeprowadzi\u0142o zaj\u0119cia edukacyjne; przygotowa\u0142o przedstawienie; przeprowadzi\u0142o kampanie informacyjn\u0105 w\u015br\u00f3d rodzic\u00f3w\/opiekun\u00f3w.<\/p>\n\n\n\n<p>W ramach kampanii przedszkole otrzyma\u0142o i rozpowszechni\u0142o m.in. nast\u0119puj\u0105ce materia\u0142y edukacyjno- informacyjne: tablic\u0119 informacyjn\u0105 o stanie jako\u015bci powietrza (jest umieszczona w szatni i codziennie aktualizowana), bajk\u0119 animowan\u0105, zestaw \u0107wicze\u0144 dla dzieci, plakaty, ulotki oraz ksi\u0105\u017cki dla wszystkich dzieci pt. ,,Bajka o Ksi\u0119ciu i z\u0142ym Smogu\u201d<\/p>\n\n\n\n<p><br>  W realizacj\u0119 kampanii by\u0142y szczeg\u00f3lnie zaanga\u017cowane Pani  mgr Ma\u0142gorzata Grochowska (autorka scenariusza zaj\u0119\u0107: ,,Wyprawa antysmogowa EkoSkrzata Czystka\u201d ) oraz Pani Dyrektor mgr Krystyna Soluch (autorka scenariusza przedstawienia pt. ,,Jak EkoSkrzat Czystek zatrzyma\u0142 Smog\u201d)<\/p>\n\n\n\n<p>Ze wzgl\u0119du na to, \u017ce ko\u0144c\u00f3wka kampanii zosta\u0142a pokrzy\u017cowana przez epidemi\u0119 nauczycielki opracowa\u0142y specjaln\u0105 prezentacj\u0119 multimedialn\u0105 skierowan\u0105 do rodzic\u00f3w pt. ,,Rodzicu mo\u017cesz zatrzyma\u0107 Smog razem z EkoCzystkiem\u201d.<\/p>\n\n\n\n<p>Miejskie Przedszkole nr 18 uzyska\u0142o tytu\u0142 laureata III miejsce w konkursie na  przedstawienie w ramach kampanii. Ma\u0142gorzata Przyby\u0142ek asystent wicemarsza\u0142ka Izabeli Domaga\u0142y, przekaza\u0142a puchar, dyplom oraz s\u0142odkie upominki dla przedszkolak\u00f3w.<br>\n(MP nr 18)<\/p>\n","protected":false},"excerpt":{"rendered":"<p>Miejskie Przedszkole nr 18 w Cz\u0119stochowie w tym roku szkolnym wzi\u0119\u0142o udzia\u0142 w kampanii edukacyjno-informacyjnej \u201eMog\u0119! Zatrzyma\u0107 SMOG \u2013 Przedszkolaku z\u0142ap oddech\u201d, organizowanej przez<\/p>\n","protected":false},"author":7,"featured_media":14483,"comment_status":"open","ping_status":"open","sticky":false,"template":"","format":"standard","meta":{"_monsterinsights_skip_tracking":false,"_monsterinsights_sitenote_active":false,"_monsterinsights_sitenote_note":"","_monsterinsights_sitenote_category":0,"_uf_show_specific_survey":0,"_uf_disable_surveys":false,"footnotes":""},"categories":[29,3,41,94,2],"tags":[],"class_list":["post-14477","post","type-post","status-publish","format-standard","has-post-thumbnail","hentry","category-ekologia","category-czestochowa-informacje","category-edukacja","category-polecane","category-wiadomosci"],"_links":{"self":[{"href":"https:\/\/gazetaregionalna.com\/index.php?rest_route=\/wp\/v2\/posts\/14477","targetHints":{"allow":["GET"]}}],"collection":[{"href":"https:\/\/gazetaregionalna.com\/index.php?rest_route=\/wp\/v2\/posts"}],"about":[{"href":"https:\/\/gazetaregionalna.com\/index.php?rest_route=\/wp\/v2\/types\/post"}],"author":[{"embeddable":true,"href":"https:\/\/gazetaregionalna.com\/index.php?rest_route=\/wp\/v2\/users\/7"}],"replies":[{"embeddable":true,"href":"https:\/\/gazetaregionalna.com\/index.php?rest_route=%2Fwp%2Fv2%2Fcomments&post=14477"}],"version-history":[{"count":2,"href":"https:\/\/gazetaregionalna.com\/index.php?rest_route=\/wp\/v2\/posts\/14477\/revisions"}],"predecessor-version":[{"id":14482,"href":"https:\/\/gazetaregionalna.com\/index.php?rest_route=\/wp\/v2\/posts\/14477\/revisions\/14482"}],"wp:featuredmedia":[{"embeddable":true,"href":"https:\/\/gazetaregionalna.com\/index.php?rest_route=\/wp\/v2\/media\/14483"}],"wp:attachment":[{"href":"https:\/\/gazetaregionalna.com\/index.php?rest_route=%2Fwp%2Fv2%2Fmedia&parent=14477"}],"wp:term":[{"taxonomy":"category","embeddable":true,"href":"https:\/\/gazetaregionalna.com\/index.php?rest_route=%2Fwp%2Fv2%2Fcategories&post=14477"},{"taxonomy":"post_tag","embeddable":true,"href":"https:\/\/gazetaregionalna.com\/index.php?rest_route=%2Fwp%2Fv2%2Ftags&post=14477"}],"curies":[{"name":"wp","href":"https:\/\/api.w.org\/{rel}","templated":true}]}}