{"id":144218,"date":"2025-12-01T09:38:56","date_gmt":"2025-12-01T09:38:56","guid":{"rendered":"https:\/\/gazetaregionalna.com\/?p=144218"},"modified":"2025-12-01T09:38:57","modified_gmt":"2025-12-01T09:38:57","slug":"straznicy-miejscy-i-strazacy-z-km-psp-uwolnili-sarne-ktora-zakleszczyla-sie-w-ogrodzeniu","status":"publish","type":"post","link":"https:\/\/gazetaregionalna.com\/?p=144218","title":{"rendered":"Stra\u017cnicy miejscy i stra\u017cacy z KM PSP uwolnili sarn\u0119, kt\u00f3ra zakleszczy\u0142a si\u0119 w ogrodzeniu"},"content":{"rendered":"\n<p>Wsp\u00f3\u0142praca cz\u0119stochowskiej Stra\u017cy Miejskiej i Komendy Miejskiej Pa\u0144stwowej Stra\u017cy Po\u017carnej pozwoli\u0142a uwolni\u0107 sarn\u0119, kt\u00f3ra zakleszczy\u0142a si\u0119 w jednym z ogrodze\u0144 w dzielnicy D\u017ab\u00f3w.<\/p>\n\n\n\n<p>W poniedzia\u0142ek po godz. 7:30 dy\u017curny cz\u0119stochowskiej Stra\u017cy Miejskiej odebra\u0142 telefoniczne zg\u0142oszenie, \u017ce w jednym z ogrodze\u0144 w dzielnicy D\u017ab\u00f3w utkn\u0119\u0142a sarna. Patrol Stra\u017cy Miejskiej szybko dotar\u0142 z pomoc\u0105 i potwierdzi\u0142 zg\u0142oszenie. O fakcie zosta\u0142o powiadomione Schronisko dla zwierz\u0105t wraz z lekarzem weterynarii. Na pomoc zostali poproszeni stra\u017cacy z KM PSP w Cz\u0119stochowie. Stra\u017cacy ze specjalistycznym sprz\u0119tem uwolnili sarn\u0119, kt\u00f3ra szybko znalaz\u0142a si\u0119 w swoim naturalnym \u015brodowisku.<\/p>\n\n\n\n<p>\u0179r\u00f3d\u0142o: www.sm.czestochowa.pl <\/p>\n","protected":false},"excerpt":{"rendered":"<p>Wsp\u00f3\u0142praca cz\u0119stochowskiej Stra\u017cy Miejskiej i Komendy Miejskiej Pa\u0144stwowej Stra\u017cy Po\u017carnej pozwoli\u0142a uwolni\u0107 sarn\u0119, kt\u00f3ra zakleszczy\u0142a si\u0119 w jednym z ogrodze\u0144 w dzielnicy D\u017ab\u00f3w. W<\/p>\n","protected":false},"author":15,"featured_media":144219,"comment_status":"closed","ping_status":"open","sticky":false,"template":"","format":"standard","meta":{"_monsterinsights_skip_tracking":false,"_monsterinsights_sitenote_active":false,"_monsterinsights_sitenote_note":"","_monsterinsights_sitenote_category":0,"_uf_show_specific_survey":0,"_uf_disable_surveys":false,"footnotes":""},"categories":[94,3,2],"tags":[],"class_list":["post-144218","post","type-post","status-publish","format-standard","has-post-thumbnail","hentry","category-polecane","category-czestochowa-informacje","category-wiadomosci"],"_links":{"self":[{"href":"https:\/\/gazetaregionalna.com\/index.php?rest_route=\/wp\/v2\/posts\/144218","targetHints":{"allow":["GET"]}}],"collection":[{"href":"https:\/\/gazetaregionalna.com\/index.php?rest_route=\/wp\/v2\/posts"}],"about":[{"href":"https:\/\/gazetaregionalna.com\/index.php?rest_route=\/wp\/v2\/types\/post"}],"author":[{"embeddable":true,"href":"https:\/\/gazetaregionalna.com\/index.php?rest_route=\/wp\/v2\/users\/15"}],"replies":[{"embeddable":true,"href":"https:\/\/gazetaregionalna.com\/index.php?rest_route=%2Fwp%2Fv2%2Fcomments&post=144218"}],"version-history":[{"count":1,"href":"https:\/\/gazetaregionalna.com\/index.php?rest_route=\/wp\/v2\/posts\/144218\/revisions"}],"predecessor-version":[{"id":144220,"href":"https:\/\/gazetaregionalna.com\/index.php?rest_route=\/wp\/v2\/posts\/144218\/revisions\/144220"}],"wp:featuredmedia":[{"embeddable":true,"href":"https:\/\/gazetaregionalna.com\/index.php?rest_route=\/wp\/v2\/media\/144219"}],"wp:attachment":[{"href":"https:\/\/gazetaregionalna.com\/index.php?rest_route=%2Fwp%2Fv2%2Fmedia&parent=144218"}],"wp:term":[{"taxonomy":"category","embeddable":true,"href":"https:\/\/gazetaregionalna.com\/index.php?rest_route=%2Fwp%2Fv2%2Fcategories&post=144218"},{"taxonomy":"post_tag","embeddable":true,"href":"https:\/\/gazetaregionalna.com\/index.php?rest_route=%2Fwp%2Fv2%2Ftags&post=144218"}],"curies":[{"name":"wp","href":"https:\/\/api.w.org\/{rel}","templated":true}]}}