{"id":144054,"date":"2025-11-24T15:11:35","date_gmt":"2025-11-24T15:11:35","guid":{"rendered":"https:\/\/gazetaregionalna.com\/?p=144054"},"modified":"2025-11-24T15:11:36","modified_gmt":"2025-11-24T15:11:36","slug":"wlokniarz-czestochowa-pozyskal-zawodnika-na-pozycje-u24","status":"publish","type":"post","link":"https:\/\/gazetaregionalna.com\/?p=144054","title":{"rendered":"W\u0142\u00f3kniarz Cz\u0119stochowa pozyska\u0142 zawodnika na pozycj\u0119 U24"},"content":{"rendered":"\n<p>Sebastian Szostak\u00a0uzupe\u0142nia kadr\u0119\u00a0KRONO-PLAST W\u0142\u00f3kniarza Cz\u0119stochowa. Wyst\u0119powa\u0107 on b\u0119dzie na pozycji zawodnika U24. Szostak, kt\u00f3ry w latach 2020-2025 reprezentowa\u0142 klub z Ostrowa Wielkopolskiego, pierwszy raz w karierze zmieni\u0142 barwy klubowe i nie ukrywa, \u017ce wa\u017cnym czynnikiem, kt\u00f3ry mia\u0142 wp\u0142yw na jego decyzj\u0119 o przenosinach do Cz\u0119stochowy, by\u0142a osoba trenera KRONO-PLAST W\u0142\u00f3kniarza Marusza Staszewskiego. Sebastian, witamy w dru\u017cynie!<\/p>\n\n\n\n<blockquote class=\"wp-block-quote is-layout-flow wp-block-quote-is-layout-flow\">\n<p>\u2013 Sebastian jest moim wychowankiem, prowadzi\u0142em go w Ostrowie Wielkopolskim od pocz\u0105tku jego\u00a0przygody z \u017cu\u017clem. To bardzo utalentowany zawodnik, je\u017celi bardziej uwierzy w siebie, jestem pewien, \u017ce zobaczymy u niego du\u017cy progres. W dru\u017cynie zast\u0105pi na pozycji zawodnika do lat 24 Wiktora Lamparta. Sebastian mia\u0142 bardzo dobr\u0105 ko\u0144c\u00f3wk\u0119 sezonu w\u00a0Metalkas 2 Ekstralidze i licz\u0119 na to, \u017ce podobn\u0105 dyspozycj\u0119 przeniesie na warunki ekstraligowe. Oby tylko omija\u0142y go kontuzje, kt\u00f3rych troch\u0119 ju\u017c mia\u0142 w swojej karierze, a jestem pewien, \u017ce b\u0119dziemy mieli z niego du\u017c\u0105 pociech\u0119\u00a0 \u2013\u00a0powiedzia\u0142\u00a0trener KRONO-PLAST W\u0142\u00f3kniarza Cz\u0119stochowa Marusz Staszewski.<\/p>\n\n\n\n<p>AK, materia\u0142y prasowe klubu<\/p>\n\n\n\n<p>Partnerami relacji sportowych s\u0105:<\/p>\n\n\n\n<p>Semex &#8211; Hurtownia budowlana Cz\u0119stochowa <\/p>\n\n\n\n<p>Orlikowscy. Pokrycia dachowe i rynny <\/p>\n\n\n\n<p>DMK Invest materia\u0142y budowlane Konopiska <\/p>\n\n\n\n<p>Invictel &#8211; systemy alarmowe, monitoringi, automatyka do bram, smarthome <\/p>\n\n\n\n<p><\/p>\n\n\n\n<p><\/p>\n\n\n\n<figure class=\"wp-block-image size-large\"><img decoding=\"async\" width=\"1024\" height=\"584\" data-src=\"https:\/\/gazetaregionalna.com\/wp-content\/uploads\/2025\/11\/Semex-jpg-1024x584.jpg\" alt=\"\" class=\"wp-image-143535 lazyload\" data-srcset=\"https:\/\/gazetaregionalna.com\/wp-content\/uploads\/2025\/11\/Semex-jpg-1024x584.jpg 1024w, https:\/\/gazetaregionalna.com\/wp-content\/uploads\/2025\/11\/Semex-jpg-300x171.jpg 300w, https:\/\/gazetaregionalna.com\/wp-content\/uploads\/2025\/11\/Semex-jpg-768x438.jpg 768w, https:\/\/gazetaregionalna.com\/wp-content\/uploads\/2025\/11\/Semex-jpg.jpg 1200w\" data-sizes=\"(max-width: 1024px) 100vw, 1024px\" src=\"data:image\/svg+xml;base64,PHN2ZyB3aWR0aD0iMSIgaGVpZ2h0PSIxIiB4bWxucz0iaHR0cDovL3d3dy53My5vcmcvMjAwMC9zdmciPjwvc3ZnPg==\" style=\"--smush-placeholder-width: 1024px; --smush-placeholder-aspect-ratio: 1024\/584;\" \/><\/figure>\n\n\n\n<figure class=\"wp-block-image size-large\"><img decoding=\"async\" width=\"819\" height=\"1024\" data-src=\"https:\/\/gazetaregionalna.com\/wp-content\/uploads\/2025\/11\/Sebastian-Szkostak-fot-Wlokniarz-819x1024.jpeg\" alt=\"\" class=\"wp-image-144055 lazyload\" data-srcset=\"https:\/\/gazetaregionalna.com\/wp-content\/uploads\/2025\/11\/Sebastian-Szkostak-fot-Wlokniarz-819x1024.jpeg 819w, https:\/\/gazetaregionalna.com\/wp-content\/uploads\/2025\/11\/Sebastian-Szkostak-fot-Wlokniarz-240x300.jpeg 240w, https:\/\/gazetaregionalna.com\/wp-content\/uploads\/2025\/11\/Sebastian-Szkostak-fot-Wlokniarz-768x960.jpeg 768w, https:\/\/gazetaregionalna.com\/wp-content\/uploads\/2025\/11\/Sebastian-Szkostak-fot-Wlokniarz.jpeg 1200w\" data-sizes=\"(max-width: 819px) 100vw, 819px\" src=\"data:image\/svg+xml;base64,PHN2ZyB3aWR0aD0iMSIgaGVpZ2h0PSIxIiB4bWxucz0iaHR0cDovL3d3dy53My5vcmcvMjAwMC9zdmciPjwvc3ZnPg==\" style=\"--smush-placeholder-width: 819px; --smush-placeholder-aspect-ratio: 819\/1024;\" \/><\/figure>\n\n\n\n<figure class=\"wp-block-image size-large\"><img decoding=\"async\" width=\"1024\" height=\"1024\" data-src=\"https:\/\/gazetaregionalna.com\/wp-content\/uploads\/2025\/10\/DMK-12.10.25-1-1024x1024.jpg\" alt=\"\" class=\"wp-image-142120 lazyload\" data-srcset=\"https:\/\/gazetaregionalna.com\/wp-content\/uploads\/2025\/10\/DMK-12.10.25-1-1024x1024.jpg 1024w, https:\/\/gazetaregionalna.com\/wp-content\/uploads\/2025\/10\/DMK-12.10.25-1-300x300.jpg 300w, https:\/\/gazetaregionalna.com\/wp-content\/uploads\/2025\/10\/DMK-12.10.25-1-150x150.jpg 150w, https:\/\/gazetaregionalna.com\/wp-content\/uploads\/2025\/10\/DMK-12.10.25-1-768x768.jpg 768w, https:\/\/gazetaregionalna.com\/wp-content\/uploads\/2025\/10\/DMK-12.10.25-1-215x215.jpg 215w, https:\/\/gazetaregionalna.com\/wp-content\/uploads\/2025\/10\/DMK-12.10.25-1.jpg 1200w\" data-sizes=\"(max-width: 1024px) 100vw, 1024px\" src=\"data:image\/svg+xml;base64,PHN2ZyB3aWR0aD0iMSIgaGVpZ2h0PSIxIiB4bWxucz0iaHR0cDovL3d3dy53My5vcmcvMjAwMC9zdmciPjwvc3ZnPg==\" style=\"--smush-placeholder-width: 1024px; --smush-placeholder-aspect-ratio: 1024\/1024;\" \/><\/figure>\n\n\n\n<figure class=\"wp-block-image size-large\"><img decoding=\"async\" width=\"1024\" height=\"1024\" data-src=\"https:\/\/gazetaregionalna.com\/wp-content\/uploads\/2025\/08\/Orlikowscy-1-1024x1024.jpg\" alt=\"\" class=\"wp-image-140849 lazyload\" data-srcset=\"https:\/\/gazetaregionalna.com\/wp-content\/uploads\/2025\/08\/Orlikowscy-1-1024x1024.jpg 1024w, https:\/\/gazetaregionalna.com\/wp-content\/uploads\/2025\/08\/Orlikowscy-1-300x300.jpg 300w, https:\/\/gazetaregionalna.com\/wp-content\/uploads\/2025\/08\/Orlikowscy-1-150x150.jpg 150w, https:\/\/gazetaregionalna.com\/wp-content\/uploads\/2025\/08\/Orlikowscy-1-768x768.jpg 768w, https:\/\/gazetaregionalna.com\/wp-content\/uploads\/2025\/08\/Orlikowscy-1-215x215.jpg 215w, https:\/\/gazetaregionalna.com\/wp-content\/uploads\/2025\/08\/Orlikowscy-1.jpg 1080w\" data-sizes=\"(max-width: 1024px) 100vw, 1024px\" src=\"data:image\/svg+xml;base64,PHN2ZyB3aWR0aD0iMSIgaGVpZ2h0PSIxIiB4bWxucz0iaHR0cDovL3d3dy53My5vcmcvMjAwMC9zdmciPjwvc3ZnPg==\" style=\"--smush-placeholder-width: 1024px; --smush-placeholder-aspect-ratio: 1024\/1024;\" \/><\/figure>\n\n\n\n<figure class=\"wp-block-image size-full\"><img decoding=\"async\" width=\"715\" height=\"715\" data-src=\"https:\/\/gazetaregionalna.com\/wp-content\/uploads\/2025\/10\/Invictel.jpg\" alt=\"\" class=\"wp-image-141997 lazyload\" data-srcset=\"https:\/\/gazetaregionalna.com\/wp-content\/uploads\/2025\/10\/Invictel.jpg 715w, https:\/\/gazetaregionalna.com\/wp-content\/uploads\/2025\/10\/Invictel-300x300.jpg 300w, https:\/\/gazetaregionalna.com\/wp-content\/uploads\/2025\/10\/Invictel-150x150.jpg 150w, https:\/\/gazetaregionalna.com\/wp-content\/uploads\/2025\/10\/Invictel-215x215.jpg 215w\" data-sizes=\"(max-width: 715px) 100vw, 715px\" src=\"data:image\/svg+xml;base64,PHN2ZyB3aWR0aD0iMSIgaGVpZ2h0PSIxIiB4bWxucz0iaHR0cDovL3d3dy53My5vcmcvMjAwMC9zdmciPjwvc3ZnPg==\" style=\"--smush-placeholder-width: 715px; --smush-placeholder-aspect-ratio: 715\/715;\" \/><\/figure>\n<\/blockquote>\n","protected":false},"excerpt":{"rendered":"<p>Sebastian Szostak\u00a0uzupe\u0142nia kadr\u0119\u00a0KRONO-PLAST W\u0142\u00f3kniarza Cz\u0119stochowa. Wyst\u0119powa\u0107 on b\u0119dzie na pozycji zawodnika U24. Szostak, kt\u00f3ry w latach 2020-2025 reprezentowa\u0142 klub z Ostrowa Wielkopolskiego, pierwszy raz<\/p>\n","protected":false},"author":15,"featured_media":144055,"comment_status":"closed","ping_status":"open","sticky":false,"template":"","format":"standard","meta":{"_monsterinsights_skip_tracking":false,"_monsterinsights_sitenote_active":false,"_monsterinsights_sitenote_note":"","_monsterinsights_sitenote_category":0,"_uf_show_specific_survey":0,"_uf_disable_surveys":false,"footnotes":""},"categories":[94,5,7],"tags":[],"class_list":["post-144054","post","type-post","status-publish","format-standard","has-post-thumbnail","hentry","category-polecane","category-sport","category-zuzel"],"_links":{"self":[{"href":"https:\/\/gazetaregionalna.com\/index.php?rest_route=\/wp\/v2\/posts\/144054","targetHints":{"allow":["GET"]}}],"collection":[{"href":"https:\/\/gazetaregionalna.com\/index.php?rest_route=\/wp\/v2\/posts"}],"about":[{"href":"https:\/\/gazetaregionalna.com\/index.php?rest_route=\/wp\/v2\/types\/post"}],"author":[{"embeddable":true,"href":"https:\/\/gazetaregionalna.com\/index.php?rest_route=\/wp\/v2\/users\/15"}],"replies":[{"embeddable":true,"href":"https:\/\/gazetaregionalna.com\/index.php?rest_route=%2Fwp%2Fv2%2Fcomments&post=144054"}],"version-history":[{"count":1,"href":"https:\/\/gazetaregionalna.com\/index.php?rest_route=\/wp\/v2\/posts\/144054\/revisions"}],"predecessor-version":[{"id":144056,"href":"https:\/\/gazetaregionalna.com\/index.php?rest_route=\/wp\/v2\/posts\/144054\/revisions\/144056"}],"wp:featuredmedia":[{"embeddable":true,"href":"https:\/\/gazetaregionalna.com\/index.php?rest_route=\/wp\/v2\/media\/144055"}],"wp:attachment":[{"href":"https:\/\/gazetaregionalna.com\/index.php?rest_route=%2Fwp%2Fv2%2Fmedia&parent=144054"}],"wp:term":[{"taxonomy":"category","embeddable":true,"href":"https:\/\/gazetaregionalna.com\/index.php?rest_route=%2Fwp%2Fv2%2Fcategories&post=144054"},{"taxonomy":"post_tag","embeddable":true,"href":"https:\/\/gazetaregionalna.com\/index.php?rest_route=%2Fwp%2Fv2%2Ftags&post=144054"}],"curies":[{"name":"wp","href":"https:\/\/api.w.org\/{rel}","templated":true}]}}