{"id":144047,"date":"2025-11-24T15:15:56","date_gmt":"2025-11-24T15:15:56","guid":{"rendered":"https:\/\/gazetaregionalna.com\/?p=144047"},"modified":"2025-11-24T15:15:58","modified_gmt":"2025-11-24T15:15:58","slug":"radwanska-steczkowska-blachowicz-trybanski-gortat-koterski-znow-zagraja-z-kuba-vii-edycja-swiatecznego-grania-z-kuba-juz-27-grudnia","status":"publish","type":"post","link":"https:\/\/gazetaregionalna.com\/?p=144047","title":{"rendered":"Radwa\u0144ska, Steczkowska, B\u0142achowicz, Tryba\u0144ski, Gortat, Koterski zn\u00f3w zagraj\u0105 z Kub\u0105! VII edycja \u201e\u015awi\u0105tecznego Grania z Kub\u0105\u201d ju\u017c 27 grudnia!"},"content":{"rendered":"\n<p>W Hali Sportowej Cz\u0119stochowa odby\u0142a si\u0119 w poniedzia\u0142ek konferencja prasowa zapowiadaj\u0105ca VII edycj\u0119 charytatywnego wydarzenia \u201e\u015awi\u0105teczne Granie z Kub\u0105\u201d, organizowan\u0105 przez Fundacj\u0119 Ludzki Gest we wsp\u00f3\u0142pracy z Miastem Cz\u0119stochowa. W spotkaniu z mediami uczestniczy\u0142 Prezydent Cz\u0119stochowy Krzysztof Matyjaszczyk oraz organizatorzy wydarzenia \u2013 bracia Jakub i Dawid B\u0142aszczykowscy.<\/p>\n\n\n\n<p>Tegoroczny turniej odb\u0119dzie si\u0119 w sobot\u0119, 27 grudnia 2025 r., tradycyjnie w Hali Sportowej Cz\u0119stochowa i jak co roku zgromadzi znanych sportowc\u00f3w, artyst\u00f3w oraz osobisto\u015bci \u015bwiata kultury i medi\u00f3w. Doch\u00f3d z wydarzenia zostanie przekazany na pomoc dzieciom i m\u0142odzie\u017cy wspieranym przez Fundacj\u0119 \u201eLudzki Gest\u201d.<\/p>\n\n\n\n<p>\u201eCz\u0119stochowa po raz kolejny stanie si\u0119 centrum dobroczynno\u015bci\u201d &#8211; podkre\u015bli\u0142 Prezydent Matyjaszczyk.<\/p>\n\n\n\n<p>Podczas konferencji Prezydent miasta, Krzysztof Matyjaszczyk, przypomnia\u0142, \u017ce Cz\u0119stochowa od lat jest gospodarzem tego wyj\u0105tkowego wydarzenia:<\/p>\n\n\n\n<p>\u2013 \u015awi\u0105teczne Granie z Kub\u0105 to wspania\u0142y przyk\u0142ad tego, jak sport i dobra energia mog\u0105 jednoczy\u0107 ludzi wok\u00f3\u0142 pomagania. Cz\u0119stochowa od pierwszej edycji jest cz\u0119\u015bci\u0105 tej inicjatywy i ciesz\u0119 si\u0119, \u017ce kolejny raz pod koniec grudnia nasza hala wype\u0142ni si\u0119 kibicami, gwiazdami i atmosfer\u0105, kt\u00f3rej nie da si\u0119 podrobi\u0107. Dzi\u0119kuj\u0119 Jakubowi B\u0142aszczykowskiemu i Fundacji Ludzki Gest za to, \u017ce po raz si\u00f3dmy gramy razem dla potrzebuj\u0105cych.<\/p>\n\n\n\n<p>Patron \u201e\u015awi\u0105tecznego Grania z Kub\u0105\u201d \u2013 Jakub B\u0142aszczykowski podkre\u015bli\u0142, \u017ce organizacja wydarzenia umacnia jego przekonanie o sile wsp\u00f3lnego dzia\u0142ania:<\/p>\n\n\n\n<p>\u2013 Ubieg\u0142oroczna edycja pokaza\u0142a, \u017ce nasza publiczno\u015b\u0107 i nasi przyjaciele wci\u0105\u017c s\u0105 z nami. Trybuny by\u0142y pe\u0142ne, atmosfera fantastyczna \u2013 to doda\u0142o nam skrzyde\u0142. W tym roku chcemy zn\u00f3w stworzy\u0107 co\u015b wyj\u0105tkowego. To wydarzenie tworz\u0105 ludzie \u2013 ich serce, ich obecno\u015b\u0107 i ich pomoc. Wierz\u0119, \u017ce po raz kolejny zagramy tak, jak potrafimy najlepiej \u2013 dla dzieciak\u00f3w, kt\u00f3re nas potrzebuj\u0105.<\/p>\n\n\n\n<p>By\u0142y kapitan pi\u0142karskiej reprezentacji Polski doda\u0142 r\u00f3wnie\u017c, \u017ce liczba gwiazd, kt\u00f3re odpowiedzia\u0142y na zaproszenie do VII edycji, jest imponuj\u0105ca.<\/p>\n\n\n\n<p>Gwiazdy tegorocznej edycji<\/p>\n\n\n\n<p>O Puchar Prezydenta Cz\u0119stochowy Krzysztofa Matyjaszczyka zagraj\u0105 wielkie gwiazdy polskiego sportu \u2013 legenda tenisa Agnieszka Radwa\u0144ska, gwiazdy UFC \u2013 Joanna J\u0119drzejczyk, Jan B\u0142achowicz, Jakub Wik\u0142acz i Robert Rucha\u0142a, koszykarze NBA Cezary Tryba\u0144ski i Marcin Gortat, utytu\u0142owani \u017cu\u017clowcy Patryk Dudek i Maciej Janowski, legendarny pi\u0142karz Marcin Wasilewski, czy pochodz\u0105cy z Cz\u0119stochowy kapitan polskiej kadry tenisistek, a prywatnie m\u0105\u017c Agnieszki Radwa\u0144skiej \u2013 Dawid Celt oraz kierowca rajdowy Kajetan Kajetanowicz. Ale cz\u0119stochowski turniej przyci\u0105ga tak\u017ce wybitnych przedstawicieli \u015bwiata filmu, kabaretu i medi\u00f3w. Udzia\u0142 w tegorocznej edycji \u201e\u015awi\u0105tecznego Grania z Kub\u0105\u201d potwierdzi\u0142y ju\u017c m.in. piosenkarka Magdalena Steczkowska, aktorzy Dawid Ogrodnik, Micha\u0142 Koterski i Rafa\u0142 Zawierucha, raperzy AVI i KeaN, arty\u015bci kabaretowi Olga \u0141asak, Bartosz Demczuk, Micha\u0142 Paszczyk i Adam Van Bendler, Robert Kor\u00f3lczyk popularny dziennikarz Irek Bieleninik.<\/p>\n\n\n\n<p>Dawid B\u0142aszczykowski: \u201eRodzinna atmosfera jest dla nas tak samo wa\u017cna jak cel charytatywny\u201d<\/p>\n\n\n\n<p>Za organizacj\u0119 turnieju odpowiada od pierwszej edycji Dawid B\u0142aszczykowski, kt\u00f3ry podczas konferencji podkre\u015bli\u0142 sta\u0142e warto\u015bci wydarzenia:<\/p>\n\n\n\n<p>\u2013 Chcemy, aby nasi go\u015bcie \u2013 niezale\u017cnie od wieku \u2013 czuli, \u017ce sp\u0119dzaj\u0105 czas w wyj\u0105tkowym miejscu. Sportowcy, aktorzy, muzycy czy dziennikarze, bior\u0105cy udzia\u0142 w turnieju, wyst\u0119puj\u0105 w zupe\u0142nie innych rolach ni\u017c na co dzie\u0144. To jest du\u017ca frajda, a p\u00f3\u017aniejsze spotkania z fanami \u2013 rozmowy, zdj\u0119cia, autografy \u2013 buduj\u0105 ten wyj\u0105tkowy, rodzinny klimat \u015awi\u0105tecznego Grania. W tym roku te\u017c tego nie zabraknie. Zapraszamy w sobot\u0119, 27 grudnia do Hali Sportowej Cz\u0119stochowa ju\u017c od godziny 15.00. Start imprezy zaplanowany jest na godz. 17.00.<\/p>\n\n\n\n<p>Bilety-cegie\u0142ki i cel tegorocznej zbi\u00f3rki<\/p>\n\n\n\n<p>Wej\u015bcie na wydarzenie umo\u017cliwiaj\u0105 cegie\u0142ki w cenie 50 z\u0142 (osoby niepe\u0142nosprawne i dzieci do 7-ego roku \u017cycia wchodz\u0105 bezp\u0142atnie), kt\u00f3re s\u0105 dost\u0119pne online na stronie sportowebilety.pl oraz stacjonarnie od 1 grudnia 2025 r. w Pubie Stacherczak (Cz\u0119stochowa, Al. Ko\u015bciuszki 1). Doch\u00f3d z wydarzenia zostanie przeznaczony na wsparcie dzieci i m\u0142odzie\u017cy znajduj\u0105cych si\u0119 pod opiek\u0105 Fundacji \u201eLudzki Gest\u201d.<\/p>\n\n\n\n<p>Sponsorzy i Partnerzy Wydarzenia<\/p>\n\n\n\n<p>Sponsorzy G\u0142\u00f3wni \u201e\u015awi\u0105tecznego Grania z Kub\u0105\u201d: SYNERISE, NOWAK MOSTY, TADEX-POL, TEXOM. Sponsorzy: RT DEWELOPER, EL-SUN, PGE, M-KRZEWY. Partnerami wydarzenia s\u0105 tak\u017ce: UNDER ARMOUR, ESKANDER, UDZIA\u0141OWIEC, Hotel Arche Cz\u0119stochowa, Hala Sportowa Cz\u0119stochowa, Aktywna Cz\u0119stochowa, Miasto Cz\u0119stochowa.<\/p>\n\n\n\n<p>AK, Materia\u0142 prasowy organizator\u00f3w, fot: Grzegorz Misiak <\/p>\n\n\n\n<p>Partnerami relacji sportowych s\u0105:<\/p>\n\n\n\n<p>Semex \u2013 Hurtownia budowlana Cz\u0119stochowa<\/p>\n\n\n\n<p>DMK Invest materia\u0142y budowlane Konopiska<\/p>\n\n\n\n<p>Orlikowscy. Pokrycia dachowe i rynny<\/p>\n\n\n\n<p>Invictel \u2013 systemy alarmowe, monitoringi, automatyka do bram, smarthome<\/p>\n\n\n\n<figure class=\"wp-block-image size-large\"><img decoding=\"async\" width=\"1024\" height=\"584\" data-src=\"https:\/\/gazetaregionalna.com\/wp-content\/uploads\/2025\/11\/Semex-jpg-1024x584.jpg\" alt=\"\" class=\"wp-image-143535 lazyload\" data-srcset=\"https:\/\/gazetaregionalna.com\/wp-content\/uploads\/2025\/11\/Semex-jpg-1024x584.jpg 1024w, https:\/\/gazetaregionalna.com\/wp-content\/uploads\/2025\/11\/Semex-jpg-300x171.jpg 300w, https:\/\/gazetaregionalna.com\/wp-content\/uploads\/2025\/11\/Semex-jpg-768x438.jpg 768w, https:\/\/gazetaregionalna.com\/wp-content\/uploads\/2025\/11\/Semex-jpg.jpg 1200w\" data-sizes=\"(max-width: 1024px) 100vw, 1024px\" src=\"data:image\/svg+xml;base64,PHN2ZyB3aWR0aD0iMSIgaGVpZ2h0PSIxIiB4bWxucz0iaHR0cDovL3d3dy53My5vcmcvMjAwMC9zdmciPjwvc3ZnPg==\" style=\"--smush-placeholder-width: 1024px; --smush-placeholder-aspect-ratio: 1024\/584;\" \/><\/figure>\n\n\n\n<figure class=\"wp-block-image size-large is-resized\"><img decoding=\"async\" width=\"1024\" height=\"708\" data-src=\"https:\/\/gazetaregionalna.com\/wp-content\/uploads\/2025\/11\/Kuba-4-fot-G-Misiak-1024x708.jpeg\" alt=\"\" class=\"wp-image-144050 lazyload\" style=\"--smush-placeholder-width: 1024px; --smush-placeholder-aspect-ratio: 1024\/708;width:840px;height:auto\" data-srcset=\"https:\/\/gazetaregionalna.com\/wp-content\/uploads\/2025\/11\/Kuba-4-fot-G-Misiak-1024x708.jpeg 1024w, https:\/\/gazetaregionalna.com\/wp-content\/uploads\/2025\/11\/Kuba-4-fot-G-Misiak-300x208.jpeg 300w, https:\/\/gazetaregionalna.com\/wp-content\/uploads\/2025\/11\/Kuba-4-fot-G-Misiak-768x531.jpeg 768w, https:\/\/gazetaregionalna.com\/wp-content\/uploads\/2025\/11\/Kuba-4-fot-G-Misiak.jpeg 1200w\" data-sizes=\"(max-width: 1024px) 100vw, 1024px\" src=\"data:image\/svg+xml;base64,PHN2ZyB3aWR0aD0iMSIgaGVpZ2h0PSIxIiB4bWxucz0iaHR0cDovL3d3dy53My5vcmcvMjAwMC9zdmciPjwvc3ZnPg==\" \/><\/figure>\n\n\n\n<figure class=\"wp-block-image size-large\"><img decoding=\"async\" width=\"1024\" height=\"1024\" data-src=\"https:\/\/gazetaregionalna.com\/wp-content\/uploads\/2025\/10\/DMK-12.10.25-1-1024x1024.jpg\" alt=\"\" class=\"wp-image-142120 lazyload\" data-srcset=\"https:\/\/gazetaregionalna.com\/wp-content\/uploads\/2025\/10\/DMK-12.10.25-1-1024x1024.jpg 1024w, https:\/\/gazetaregionalna.com\/wp-content\/uploads\/2025\/10\/DMK-12.10.25-1-300x300.jpg 300w, https:\/\/gazetaregionalna.com\/wp-content\/uploads\/2025\/10\/DMK-12.10.25-1-150x150.jpg 150w, https:\/\/gazetaregionalna.com\/wp-content\/uploads\/2025\/10\/DMK-12.10.25-1-768x768.jpg 768w, https:\/\/gazetaregionalna.com\/wp-content\/uploads\/2025\/10\/DMK-12.10.25-1-215x215.jpg 215w, https:\/\/gazetaregionalna.com\/wp-content\/uploads\/2025\/10\/DMK-12.10.25-1.jpg 1200w\" data-sizes=\"(max-width: 1024px) 100vw, 1024px\" src=\"data:image\/svg+xml;base64,PHN2ZyB3aWR0aD0iMSIgaGVpZ2h0PSIxIiB4bWxucz0iaHR0cDovL3d3dy53My5vcmcvMjAwMC9zdmciPjwvc3ZnPg==\" style=\"--smush-placeholder-width: 1024px; --smush-placeholder-aspect-ratio: 1024\/1024;\" \/><\/figure>\n\n\n\n<figure class=\"wp-block-image size-large\"><img decoding=\"async\" width=\"1024\" height=\"656\" data-src=\"https:\/\/gazetaregionalna.com\/wp-content\/uploads\/2025\/11\/Kuba-1-fot-G-Misiak-1024x656.jpeg\" alt=\"\" class=\"wp-image-144048 lazyload\" data-srcset=\"https:\/\/gazetaregionalna.com\/wp-content\/uploads\/2025\/11\/Kuba-1-fot-G-Misiak-1024x656.jpeg 1024w, https:\/\/gazetaregionalna.com\/wp-content\/uploads\/2025\/11\/Kuba-1-fot-G-Misiak-300x192.jpeg 300w, https:\/\/gazetaregionalna.com\/wp-content\/uploads\/2025\/11\/Kuba-1-fot-G-Misiak-768x492.jpeg 768w, https:\/\/gazetaregionalna.com\/wp-content\/uploads\/2025\/11\/Kuba-1-fot-G-Misiak-115x73.jpeg 115w, https:\/\/gazetaregionalna.com\/wp-content\/uploads\/2025\/11\/Kuba-1-fot-G-Misiak.jpeg 1200w\" data-sizes=\"(max-width: 1024px) 100vw, 1024px\" src=\"data:image\/svg+xml;base64,PHN2ZyB3aWR0aD0iMSIgaGVpZ2h0PSIxIiB4bWxucz0iaHR0cDovL3d3dy53My5vcmcvMjAwMC9zdmciPjwvc3ZnPg==\" style=\"--smush-placeholder-width: 1024px; --smush-placeholder-aspect-ratio: 1024\/656;\" \/><\/figure>\n\n\n\n<figure class=\"wp-block-image size-full\"><img decoding=\"async\" width=\"715\" height=\"715\" data-src=\"https:\/\/gazetaregionalna.com\/wp-content\/uploads\/2025\/10\/Invictel.jpg\" alt=\"\" class=\"wp-image-141997 lazyload\" data-srcset=\"https:\/\/gazetaregionalna.com\/wp-content\/uploads\/2025\/10\/Invictel.jpg 715w, https:\/\/gazetaregionalna.com\/wp-content\/uploads\/2025\/10\/Invictel-300x300.jpg 300w, https:\/\/gazetaregionalna.com\/wp-content\/uploads\/2025\/10\/Invictel-150x150.jpg 150w, https:\/\/gazetaregionalna.com\/wp-content\/uploads\/2025\/10\/Invictel-215x215.jpg 215w\" data-sizes=\"(max-width: 715px) 100vw, 715px\" src=\"data:image\/svg+xml;base64,PHN2ZyB3aWR0aD0iMSIgaGVpZ2h0PSIxIiB4bWxucz0iaHR0cDovL3d3dy53My5vcmcvMjAwMC9zdmciPjwvc3ZnPg==\" style=\"--smush-placeholder-width: 715px; --smush-placeholder-aspect-ratio: 715\/715;\" \/><\/figure>\n\n\n\n<figure class=\"wp-block-image size-large\"><img decoding=\"async\" width=\"1024\" height=\"697\" data-src=\"https:\/\/gazetaregionalna.com\/wp-content\/uploads\/2025\/11\/Kuba-2-fot-G-Misiak-1024x697.jpeg\" alt=\"\" class=\"wp-image-144049 lazyload\" data-srcset=\"https:\/\/gazetaregionalna.com\/wp-content\/uploads\/2025\/11\/Kuba-2-fot-G-Misiak-1024x697.jpeg 1024w, https:\/\/gazetaregionalna.com\/wp-content\/uploads\/2025\/11\/Kuba-2-fot-G-Misiak-300x204.jpeg 300w, https:\/\/gazetaregionalna.com\/wp-content\/uploads\/2025\/11\/Kuba-2-fot-G-Misiak-768x523.jpeg 768w, https:\/\/gazetaregionalna.com\/wp-content\/uploads\/2025\/11\/Kuba-2-fot-G-Misiak.jpeg 1200w\" data-sizes=\"(max-width: 1024px) 100vw, 1024px\" src=\"data:image\/svg+xml;base64,PHN2ZyB3aWR0aD0iMSIgaGVpZ2h0PSIxIiB4bWxucz0iaHR0cDovL3d3dy53My5vcmcvMjAwMC9zdmciPjwvc3ZnPg==\" style=\"--smush-placeholder-width: 1024px; --smush-placeholder-aspect-ratio: 1024\/697;\" \/><\/figure>\n\n\n\n<figure class=\"wp-block-image size-large\"><img decoding=\"async\" width=\"1024\" height=\"1024\" data-src=\"https:\/\/gazetaregionalna.com\/wp-content\/uploads\/2025\/08\/Orlikowscy-1-1024x1024.jpg\" alt=\"\" class=\"wp-image-140849 lazyload\" data-srcset=\"https:\/\/gazetaregionalna.com\/wp-content\/uploads\/2025\/08\/Orlikowscy-1-1024x1024.jpg 1024w, https:\/\/gazetaregionalna.com\/wp-content\/uploads\/2025\/08\/Orlikowscy-1-300x300.jpg 300w, https:\/\/gazetaregionalna.com\/wp-content\/uploads\/2025\/08\/Orlikowscy-1-150x150.jpg 150w, https:\/\/gazetaregionalna.com\/wp-content\/uploads\/2025\/08\/Orlikowscy-1-768x768.jpg 768w, https:\/\/gazetaregionalna.com\/wp-content\/uploads\/2025\/08\/Orlikowscy-1-215x215.jpg 215w, https:\/\/gazetaregionalna.com\/wp-content\/uploads\/2025\/08\/Orlikowscy-1.jpg 1080w\" data-sizes=\"(max-width: 1024px) 100vw, 1024px\" src=\"data:image\/svg+xml;base64,PHN2ZyB3aWR0aD0iMSIgaGVpZ2h0PSIxIiB4bWxucz0iaHR0cDovL3d3dy53My5vcmcvMjAwMC9zdmciPjwvc3ZnPg==\" style=\"--smush-placeholder-width: 1024px; --smush-placeholder-aspect-ratio: 1024\/1024;\" \/><\/figure>\n","protected":false},"excerpt":{"rendered":"<p>W Hali Sportowej Cz\u0119stochowa odby\u0142a si\u0119 w poniedzia\u0142ek konferencja prasowa zapowiadaj\u0105ca VII edycj\u0119 charytatywnego wydarzenia \u201e\u015awi\u0105teczne Granie z Kub\u0105\u201d, organizowan\u0105 przez Fundacj\u0119 Ludzki Gest<\/p>\n","protected":false},"author":15,"featured_media":144050,"comment_status":"closed","ping_status":"open","sticky":false,"template":"","format":"standard","meta":{"_monsterinsights_skip_tracking":false,"_monsterinsights_sitenote_active":false,"_monsterinsights_sitenote_note":"","_monsterinsights_sitenote_category":0,"_uf_show_specific_survey":0,"_uf_disable_surveys":false,"footnotes":""},"categories":[5,6],"tags":[],"class_list":["post-144047","post","type-post","status-publish","format-standard","has-post-thumbnail","hentry","category-sport","category-pilka-nozna"],"_links":{"self":[{"href":"https:\/\/gazetaregionalna.com\/index.php?rest_route=\/wp\/v2\/posts\/144047","targetHints":{"allow":["GET"]}}],"collection":[{"href":"https:\/\/gazetaregionalna.com\/index.php?rest_route=\/wp\/v2\/posts"}],"about":[{"href":"https:\/\/gazetaregionalna.com\/index.php?rest_route=\/wp\/v2\/types\/post"}],"author":[{"embeddable":true,"href":"https:\/\/gazetaregionalna.com\/index.php?rest_route=\/wp\/v2\/users\/15"}],"replies":[{"embeddable":true,"href":"https:\/\/gazetaregionalna.com\/index.php?rest_route=%2Fwp%2Fv2%2Fcomments&post=144047"}],"version-history":[{"count":1,"href":"https:\/\/gazetaregionalna.com\/index.php?rest_route=\/wp\/v2\/posts\/144047\/revisions"}],"predecessor-version":[{"id":144051,"href":"https:\/\/gazetaregionalna.com\/index.php?rest_route=\/wp\/v2\/posts\/144047\/revisions\/144051"}],"wp:featuredmedia":[{"embeddable":true,"href":"https:\/\/gazetaregionalna.com\/index.php?rest_route=\/wp\/v2\/media\/144050"}],"wp:attachment":[{"href":"https:\/\/gazetaregionalna.com\/index.php?rest_route=%2Fwp%2Fv2%2Fmedia&parent=144047"}],"wp:term":[{"taxonomy":"category","embeddable":true,"href":"https:\/\/gazetaregionalna.com\/index.php?rest_route=%2Fwp%2Fv2%2Fcategories&post=144047"},{"taxonomy":"post_tag","embeddable":true,"href":"https:\/\/gazetaregionalna.com\/index.php?rest_route=%2Fwp%2Fv2%2Ftags&post=144047"}],"curies":[{"name":"wp","href":"https:\/\/api.w.org\/{rel}","templated":true}]}}