{"id":144037,"date":"2025-11-23T22:16:40","date_gmt":"2025-11-23T22:16:40","guid":{"rendered":"https:\/\/gazetaregionalna.com\/?p=144037"},"modified":"2025-11-23T22:16:41","modified_gmt":"2025-11-23T22:16:41","slug":"sztuka-dobra-w-salonie-volvo-car-czestochowa","status":"publish","type":"post","link":"https:\/\/gazetaregionalna.com\/?p=144037","title":{"rendered":"&#8222;Sztuka Dobra&#8221;. W salonie Volvo Car Cz\u0119stochowa odb\u0119dzie si\u0119 wernisa\u017c wystawy przedaukcynej"},"content":{"rendered":"\n<h2 class=\"wp-block-heading\">To b\u0119dzie niezwykle wydarzenie! W \u015brod\u0119, 26 listopada w salonie Volvo Car Cz\u0119stochowa odb\u0119dzie si\u0119 wernisa\u017c wystawy przedaukcyjnej &#8222;Sztuka Dobra&#8221;. Nast\u0119pnie prezentowane prace trafi\u0105 na aukcj\u0119 charytatywn\u0105 na rzecz Rodziny Adama Markowskiego.<\/h2>\n\n\n\n<p>27 czerwca tego roku zmar\u0142 niespodziewanie Adam Markowski, niezwykle ceniony cz\u0119stochowskich fotograf, grafik, pedagog. Cz\u0142owiek o wielkim sercu i talencie. Przed wiele lat by\u0142 pracownikiem Urz\u0119du Miasta Cz\u0119stochowy, zwi\u0105zanym z redakcj\u0105 &#8222;Co, Gdzie, Kiedy w Cz\u0119stochowie&#8221;.<\/p>\n\n\n\n<p>Przyjaciele z redakcji, wsp\u00f3lnie z cz\u0119stochowskimi instytucjami, artystami, firmami i licznymi osobami dobrej woli postanowili uczci\u0107 jego pami\u0119\u0107 wydarzeniami pod szyldem<a href=\"https:\/\/www.facebook.com\/SztukaDobraDlaAdama\" target=\"_blank\" rel=\"noopener\"> &#8222;Sztuka Dobra&#8221;<\/a>. Najwa\u017cniejszym z nich jest charytatywna aukcja dzie\u0142 sztuki, kt\u00f3ra odb\u0119dzie si\u0119 13 grudnia w Teatrze im. A. Mickiewicza. Zebrane \u015brodki zostan\u0105 przekazane Rodzinie Adama.<\/p>\n\n\n\n<figure class=\"wp-block-image size-large\"><img decoding=\"async\" width=\"725\" height=\"1024\" data-src=\"https:\/\/gazetaregionalna.com\/wp-content\/uploads\/2025\/11\/582706186_122095966899132299_3635190415006170372_n-725x1024.jpg\" alt=\"\" class=\"wp-image-144039 lazyload\" data-srcset=\"https:\/\/gazetaregionalna.com\/wp-content\/uploads\/2025\/11\/582706186_122095966899132299_3635190415006170372_n-725x1024.jpg 725w, https:\/\/gazetaregionalna.com\/wp-content\/uploads\/2025\/11\/582706186_122095966899132299_3635190415006170372_n-212x300.jpg 212w, https:\/\/gazetaregionalna.com\/wp-content\/uploads\/2025\/11\/582706186_122095966899132299_3635190415006170372_n-768x1085.jpg 768w, https:\/\/gazetaregionalna.com\/wp-content\/uploads\/2025\/11\/582706186_122095966899132299_3635190415006170372_n-1087x1536.jpg 1087w, https:\/\/gazetaregionalna.com\/wp-content\/uploads\/2025\/11\/582706186_122095966899132299_3635190415006170372_n-scaled.jpg 1132w\" data-sizes=\"(max-width: 725px) 100vw, 725px\" src=\"data:image\/svg+xml;base64,PHN2ZyB3aWR0aD0iMSIgaGVpZ2h0PSIxIiB4bWxucz0iaHR0cDovL3d3dy53My5vcmcvMjAwMC9zdmciPjwvc3ZnPg==\" style=\"--smush-placeholder-width: 725px; --smush-placeholder-aspect-ratio: 725\/1024;\" \/><\/figure>\n\n\n\n<p>Aukcj\u0119 poprzedzi wystawa, kt\u00f3rej wernisa\u017c odb\u0119dzie si\u0119 w \u015brod\u0119, 26 listopada o godz. 18 w salonie Volvo Car Cz\u0119stochowa.<\/p>\n\n\n\n<p>B\u0119dzie to okazja, by obejrze\u0107 dzie\u0142a takich tw\u00f3rc\u00f3w jak m.in. Janusz &#8222;Burza&#8221; Burzy\u0144ski, Bartosz Fr\u0105czek, Anita Grobelak, Jakub Jakubowski, Tomasz Lubaszka, Jacek \u0141yd\u017cba, Mateusz Pawe\u0142czyk, Tomasz S\u0119towski, Ma\u0142gorzata St\u0119pniak, Krystyna Szwajkowska, kolektyw Theseus (Aleksandra Cupia\u0142 &amp; Szymon Parafiniak), Justyna Warwas i Artur Wawrzkiewicz.<\/p>\n\n\n\n<p>Wernisa\u017cowi towarzyszy\u0107 b\u0119dzie recital Mileny Bie\u0144kowskiej i Micha\u0142a Walczaka. <\/p>\n\n\n\n<p>Wst\u0119p na wydarzenie jest wolny. Wystaw\u0119 mo\u017cna b\u0119dzie ogl\u0105da\u0107 do 4 grudnia. <\/p>\n\n\n\n<p>Szczeg\u00f3\u0142y: <a href=\"https:\/\/www.facebook.com\/events\/799125079848222\" target=\"_blank\" rel=\"noopener\">www.facebook.com\/events\/799125079848222<\/a><\/p>\n\n\n\n<p><strong>red.<\/strong><\/p>\n","protected":false},"excerpt":{"rendered":"<p>To b\u0119dzie niezwykle wydarzenie! W \u015brod\u0119, 26 listopada w salonie Volvo Car Cz\u0119stochowa odb\u0119dzie si\u0119 wernisa\u017c wystawy przedaukcyjnej &#8222;Sztuka Dobra&#8221;. Nast\u0119pnie prezentowane prace trafi\u0105<\/p>\n","protected":false},"author":11,"featured_media":144040,"comment_status":"closed","ping_status":"open","sticky":false,"template":"","format":"standard","meta":{"_monsterinsights_skip_tracking":false,"_monsterinsights_sitenote_active":false,"_monsterinsights_sitenote_note":"","_monsterinsights_sitenote_category":0,"_uf_show_specific_survey":0,"_uf_disable_surveys":false,"footnotes":""},"categories":[12,3,94,2],"tags":[7013,144,7189,10067],"class_list":["post-144037","post","type-post","status-publish","format-standard","has-post-thumbnail","hentry","category-kultura-i-rozrywka","category-czestochowa-informacje","category-polecane","category-wiadomosci","tag-adam-markowski","tag-czestochowa","tag-sztuka-dobra","tag-volvo-car-czestochowa"],"_links":{"self":[{"href":"https:\/\/gazetaregionalna.com\/index.php?rest_route=\/wp\/v2\/posts\/144037","targetHints":{"allow":["GET"]}}],"collection":[{"href":"https:\/\/gazetaregionalna.com\/index.php?rest_route=\/wp\/v2\/posts"}],"about":[{"href":"https:\/\/gazetaregionalna.com\/index.php?rest_route=\/wp\/v2\/types\/post"}],"author":[{"embeddable":true,"href":"https:\/\/gazetaregionalna.com\/index.php?rest_route=\/wp\/v2\/users\/11"}],"replies":[{"embeddable":true,"href":"https:\/\/gazetaregionalna.com\/index.php?rest_route=%2Fwp%2Fv2%2Fcomments&post=144037"}],"version-history":[{"count":2,"href":"https:\/\/gazetaregionalna.com\/index.php?rest_route=\/wp\/v2\/posts\/144037\/revisions"}],"predecessor-version":[{"id":144041,"href":"https:\/\/gazetaregionalna.com\/index.php?rest_route=\/wp\/v2\/posts\/144037\/revisions\/144041"}],"wp:featuredmedia":[{"embeddable":true,"href":"https:\/\/gazetaregionalna.com\/index.php?rest_route=\/wp\/v2\/media\/144040"}],"wp:attachment":[{"href":"https:\/\/gazetaregionalna.com\/index.php?rest_route=%2Fwp%2Fv2%2Fmedia&parent=144037"}],"wp:term":[{"taxonomy":"category","embeddable":true,"href":"https:\/\/gazetaregionalna.com\/index.php?rest_route=%2Fwp%2Fv2%2Fcategories&post=144037"},{"taxonomy":"post_tag","embeddable":true,"href":"https:\/\/gazetaregionalna.com\/index.php?rest_route=%2Fwp%2Fv2%2Ftags&post=144037"}],"curies":[{"name":"wp","href":"https:\/\/api.w.org\/{rel}","templated":true}]}}