{"id":144005,"date":"2025-11-23T21:39:45","date_gmt":"2025-11-23T21:39:45","guid":{"rendered":"https:\/\/gazetaregionalna.com\/?p=144005"},"modified":"2025-11-23T21:39:46","modified_gmt":"2025-11-23T21:39:46","slug":"sylwia-oksiuta-warmus-20-lecie-pracy","status":"publish","type":"post","link":"https:\/\/gazetaregionalna.com\/?p=144005","title":{"rendered":"Aktorka Sylwia Oksiuta-Warmus uczci\u0142a 20-lecie pracy artystycznej [ZDJ\u0118CIA]"},"content":{"rendered":"\n<h2 class=\"wp-block-heading\">Spektaklem &#8222;Cudowne&#8221; granym 22 listopada na scenie Teatru im. A. Mickiewicza Sylwia Oksiuta-Warmus uczci\u0142a 20-lecie pracy.<\/h2>\n\n\n\n<p>Sylwia Oksiuta-Warmus to osoba wielu talent\u00f3w &#8211; aktorka, logopedka i arteterapeutka. Na swoim koncie ma role teatralne, telewizyjne i filmowe, a tak\u017ce niezliczon\u0105 liczb\u0119 warsztat\u00f3w teatralnych oraz projekt\u00f3w spo\u0142ecznych i charytatywnych.<\/p>\n\n\n\n<p>Artystka urodzi\u0142a si\u0119 w Bia\u0142ymstoku. W liceum zapisa\u0142a si\u0119 do amatorskiego Teatru Klaps, prowadzonego przez Antonin\u0119 Soko\u0142owsk\u0105. Kolejnym etapem by\u0142y studia, uko\u0144czy\u0142a Wydzia\u0142 Lalkarski Akademii Teatralnej w Bia\u0142ymstoku.<\/p>\n\n\n\n<figure class=\"wp-block-image size-large\"><img decoding=\"async\" width=\"1024\" height=\"682\" data-src=\"https:\/\/gazetaregionalna.com\/wp-content\/uploads\/2025\/11\/587144831_1280668294097485_2590883540738822290_n-1024x682.jpg\" alt=\"\" class=\"wp-image-144017 lazyload\" data-srcset=\"https:\/\/gazetaregionalna.com\/wp-content\/uploads\/2025\/11\/587144831_1280668294097485_2590883540738822290_n-1024x682.jpg 1024w, https:\/\/gazetaregionalna.com\/wp-content\/uploads\/2025\/11\/587144831_1280668294097485_2590883540738822290_n-300x200.jpg 300w, https:\/\/gazetaregionalna.com\/wp-content\/uploads\/2025\/11\/587144831_1280668294097485_2590883540738822290_n-768x511.jpg 768w, https:\/\/gazetaregionalna.com\/wp-content\/uploads\/2025\/11\/587144831_1280668294097485_2590883540738822290_n.jpg 1200w\" data-sizes=\"(max-width: 1024px) 100vw, 1024px\" src=\"data:image\/svg+xml;base64,PHN2ZyB3aWR0aD0iMSIgaGVpZ2h0PSIxIiB4bWxucz0iaHR0cDovL3d3dy53My5vcmcvMjAwMC9zdmciPjwvc3ZnPg==\" style=\"--smush-placeholder-width: 1024px; --smush-placeholder-aspect-ratio: 1024\/682;\" \/><\/figure>\n\n\n\n<p>Na tym jednak nie zako\u0144czy\u0142a nauki. Uko\u0144czy\u0142a studia podyplomowe z Terapii pedagogicznej z arteterapi\u0105 w Akademii Jana D\u0142ugosza w Cz\u0119stochowie (obecnie Uniwersytecie Jana D\u0142ugosza), scenariopisarstwo w Krakowskiej Szkole Filmu i Komunikacji Audiowizualnej a tak\u017ce logopedi\u0119 og\u00f3ln\u0105 i kliniczn\u0105 w Wy\u017cszej Szkole Nauk o Zdrowiu w Poznaniu. Uko\u0144czy\u0142a te\u017c specjalizacj\u0119 neurologopedyczn\u0105 i surdologopedyczn\u0105 na WSKZ we Wroc\u0142awiu. Aktualnie jest w trakcie studi\u00f3w podyplomowych z Rehabilitacji zaburze\u0144 g\u0142osu na Uniwersytecie \u0141\u00f3dzkim Wydzia\u0142 Dialektologii Polskiej i Logopedii. Na co dzie\u0144 prowadzi autorski gabinet LogopediaArt w Cz\u0119stochowie.<\/p>\n\n\n\n<figure class=\"wp-block-image size-large\"><img decoding=\"async\" width=\"1024\" height=\"682\" data-src=\"https:\/\/gazetaregionalna.com\/wp-content\/uploads\/2025\/11\/587025055_1280668757430772_145598371096809944_n-1024x682.jpg\" alt=\"\" class=\"wp-image-144010 lazyload\" data-srcset=\"https:\/\/gazetaregionalna.com\/wp-content\/uploads\/2025\/11\/587025055_1280668757430772_145598371096809944_n-1024x682.jpg 1024w, https:\/\/gazetaregionalna.com\/wp-content\/uploads\/2025\/11\/587025055_1280668757430772_145598371096809944_n-300x200.jpg 300w, https:\/\/gazetaregionalna.com\/wp-content\/uploads\/2025\/11\/587025055_1280668757430772_145598371096809944_n-768x511.jpg 768w, https:\/\/gazetaregionalna.com\/wp-content\/uploads\/2025\/11\/587025055_1280668757430772_145598371096809944_n.jpg 1200w\" data-sizes=\"(max-width: 1024px) 100vw, 1024px\" src=\"data:image\/svg+xml;base64,PHN2ZyB3aWR0aD0iMSIgaGVpZ2h0PSIxIiB4bWxucz0iaHR0cDovL3d3dy53My5vcmcvMjAwMC9zdmciPjwvc3ZnPg==\" style=\"--smush-placeholder-width: 1024px; --smush-placeholder-aspect-ratio: 1024\/682;\" \/><\/figure>\n\n\n\n<p>Do zespo\u0142u aktorskiego <a href=\"https:\/\/www.teatr-mickiewicza.pl\/\" target=\"_blank\" rel=\"noopener\">Teatru im. A. Mickiewicza w Cz\u0119stochowie<\/a> do\u0142\u0105czy\u0142a w styczniu 2007 roku (wcze\u015bniej debiutowa\u0142a na tutejszej scenie jako aktorka go\u015bcinna w spektaklu \u201eCiemno-G\u0142odne\u201d w re\u017cyserii Marka R\u0119bacza, b\u0119d\u0105cym koprodukcj\u0105 z Teatrem w Zielonej G\u00f3rze).<\/p>\n\n\n\n<p>Jej oficjalnym debiutem na cz\u0119stochowskiej scenie by\u0142a rola w \u201eKramie z piosenkami\u201d Leona Schillera w re\u017cyserii Laco Adamika.<\/p>\n\n\n\n<figure class=\"wp-block-image size-large\"><img decoding=\"async\" width=\"1024\" height=\"682\" data-src=\"https:\/\/gazetaregionalna.com\/wp-content\/uploads\/2025\/11\/587037854_1280669607430687_7890058250519845304_n-1024x682.jpg\" alt=\"\" class=\"wp-image-144014 lazyload\" data-srcset=\"https:\/\/gazetaregionalna.com\/wp-content\/uploads\/2025\/11\/587037854_1280669607430687_7890058250519845304_n-1024x682.jpg 1024w, https:\/\/gazetaregionalna.com\/wp-content\/uploads\/2025\/11\/587037854_1280669607430687_7890058250519845304_n-300x200.jpg 300w, https:\/\/gazetaregionalna.com\/wp-content\/uploads\/2025\/11\/587037854_1280669607430687_7890058250519845304_n-768x511.jpg 768w, https:\/\/gazetaregionalna.com\/wp-content\/uploads\/2025\/11\/587037854_1280669607430687_7890058250519845304_n.jpg 1200w\" data-sizes=\"(max-width: 1024px) 100vw, 1024px\" src=\"data:image\/svg+xml;base64,PHN2ZyB3aWR0aD0iMSIgaGVpZ2h0PSIxIiB4bWxucz0iaHR0cDovL3d3dy53My5vcmcvMjAwMC9zdmciPjwvc3ZnPg==\" style=\"--smush-placeholder-width: 1024px; --smush-placeholder-aspect-ratio: 1024\/682;\" \/><\/figure>\n\n\n\n<p>Na przestrzeni lat stworzy\u0142a na cz\u0119stochowskiej scenie wiele r\u00f3l, zar\u00f3wno w spektaklach dramatycznych, komediowych, jak i spektaklach dla najm\u0142odszych wielbicieli teatru. Wymienia\u0107 mo\u017cna d\u0142ugo, wspomnijmy wi\u0119c o jej kilku artystycznych wcieleniach.<\/p>\n\n\n\n<p>By\u0142a Mary Lenox w spektaklu \u201eTajemniczy ogr\u00f3d\u201d w re\u017cyserii Cezarego Domaga\u0142y, Ma\u0142gosi\u0105 w \u201eJasiu i Ma\u0142gosi\u201d w re\u017cyserii Roberta Doros\u0142awskiego, Benedeikte w \u201ePla\u017cy\u201d Asmussena w re\u017cyserii Andr\u00e9 H\u00fcbner\u2013Ochodlo, Dziewczyn\u0105 w \u201ePatrz, s\u0142o\u0144ce zachodzi\u201d Sybille Berg w re\u017cyserii Bronki Nowickiej, Edwardem Tudorem w \u201eKr\u00f3lewiczu i \u017bebraku\u201d Twaina w re\u017cyserii Dariusza Wiktorowicza, Eliz\u0105 w \u201ePolowaniu na \u0142osia\u201d \u0141ukasza Wyl\u0119\u017ca\u0142ka, Prezydentow\u0105 de Tourvel w \u201eNiebezpiecznych zwi\u0105zkach\u201d Hamptona w re\u017cyserii Ingmara Villqista, Frank\u0105 w \u201eAmazoni\u201d Walczaka w re\u017cyserii Tomasza Mana, Jill w \u201eOstrej je\u017adzie\u201d Fostera w re\u017cyserii Miros\u0142awa Po\u0142aty\u0144skiego, O\u0142en\u0105 w \u201eDziewi\u0105tym Dniu Ksi\u0119\u017cycowym\u201d Hromowej w re\u017cyserii Micha\u0142a Zdunika, Pakit\u0105 w spektaklu \u201eKandyd, czyli optymizm\u201d Voltairea w re\u017cyserii Rafa\u0142a Szumskiego, Ross w \u201eMakbecie\u201d Szekspira w re\u017cyserii Andr\u00e9 H\u00fcbner\u2013Ochodlo&#8230; <\/p>\n\n\n\n<figure class=\"wp-block-image size-large\"><img decoding=\"async\" width=\"1024\" height=\"682\" data-src=\"https:\/\/gazetaregionalna.com\/wp-content\/uploads\/2025\/11\/589315752_1280669654097349_4648800580901198028_n-1024x682.jpg\" alt=\"\" class=\"wp-image-144022 lazyload\" data-srcset=\"https:\/\/gazetaregionalna.com\/wp-content\/uploads\/2025\/11\/589315752_1280669654097349_4648800580901198028_n-1024x682.jpg 1024w, https:\/\/gazetaregionalna.com\/wp-content\/uploads\/2025\/11\/589315752_1280669654097349_4648800580901198028_n-300x200.jpg 300w, https:\/\/gazetaregionalna.com\/wp-content\/uploads\/2025\/11\/589315752_1280669654097349_4648800580901198028_n-768x511.jpg 768w, https:\/\/gazetaregionalna.com\/wp-content\/uploads\/2025\/11\/589315752_1280669654097349_4648800580901198028_n.jpg 1200w\" data-sizes=\"(max-width: 1024px) 100vw, 1024px\" src=\"data:image\/svg+xml;base64,PHN2ZyB3aWR0aD0iMSIgaGVpZ2h0PSIxIiB4bWxucz0iaHR0cDovL3d3dy53My5vcmcvMjAwMC9zdmciPjwvc3ZnPg==\" style=\"--smush-placeholder-width: 1024px; --smush-placeholder-aspect-ratio: 1024\/682;\" \/><\/figure>\n\n\n\n<p>A ostatnio Wielk\u0105 Lisic\u0105 w spektaklu \u201eJak zosta\u0107 smokiem?\u201d w re\u017cyserii Karoliny Okurowskiej-Wabnic, Nin\u0105 w \u201eKarierze Nikodema Dyzmy\u201d Mostowicza\/Paczochy w re\u017cyserii Gabriela Gietzkyego i Hann\u0105 w &#8222;Cudownych&#8221; Darii Sobik w re\u017cyserii Pameli Leo\u0144czyk.<\/p>\n\n\n\n<p>I to w\u0142a\u015bnie ostatnim spektaklem, 22 listopada \u015bwi\u0119towa\u0142a 20-lecie swojej pracy. Kolejka tych, kt\u00f3rzy chcieli po przedstawieniu z\u0142o\u017cy\u0107 jubilatce gratulacje, wydawa\u0142a si\u0119 nie ko\u0144czy\u0107. Nie brakowa\u0142o kwiat\u00f3w, prezent\u00f3w, \u017cycze\u0144, wspomnie\u0144 i wzrusze\u0144.<\/p>\n\n\n\n<figure class=\"wp-block-image size-large\"><img decoding=\"async\" width=\"1024\" height=\"682\" data-src=\"https:\/\/gazetaregionalna.com\/wp-content\/uploads\/2025\/11\/587031333_1280669174097397_2591455560090639469_n-1024x682.jpg\" alt=\"\" class=\"wp-image-144012 lazyload\" data-srcset=\"https:\/\/gazetaregionalna.com\/wp-content\/uploads\/2025\/11\/587031333_1280669174097397_2591455560090639469_n-1024x682.jpg 1024w, https:\/\/gazetaregionalna.com\/wp-content\/uploads\/2025\/11\/587031333_1280669174097397_2591455560090639469_n-300x200.jpg 300w, https:\/\/gazetaregionalna.com\/wp-content\/uploads\/2025\/11\/587031333_1280669174097397_2591455560090639469_n-768x511.jpg 768w, https:\/\/gazetaregionalna.com\/wp-content\/uploads\/2025\/11\/587031333_1280669174097397_2591455560090639469_n.jpg 1200w\" data-sizes=\"(max-width: 1024px) 100vw, 1024px\" src=\"data:image\/svg+xml;base64,PHN2ZyB3aWR0aD0iMSIgaGVpZ2h0PSIxIiB4bWxucz0iaHR0cDovL3d3dy53My5vcmcvMjAwMC9zdmciPjwvc3ZnPg==\" style=\"--smush-placeholder-width: 1024px; --smush-placeholder-aspect-ratio: 1024\/682;\" \/><\/figure>\n\n\n\n<p>Aktorskie \u015bwi\u0119to by\u0142o r\u00f3wnie\u017c dobr\u0105 okazj\u0105, by podsumowa\u0107 filmow\u0105 i telewizyjn\u0105 dzia\u0142alno\u015b\u0107 Sylwii Oksiuty-Warmus. Artystka ma na swoim koncie role m.in. w &#8222;Pewnego razu w listopadzie&#8221;, &#8222;Obronie Jasnej G\u00f3ry&#8221;, &#8222;Jutro idziemy do kina&#8221;, &#8222;Mniejszym z\u0142u&#8221;, &#8222;Mistyfikacji&#8221; czy &#8222;Krzysztofie&#8221;. Doskonale znaj\u0105 j\u0105 tak\u017ce telewidzowie i to nie tylko fani popularnego serialu &#8222;Szpital&#8221;, w kt\u00f3rym wciela\u0142a si\u0119 w doktor Ann\u0119 Nowick\u0105, ale tak\u017ce &#8222;Na dobre i na z\u0142e&#8221;, &#8222;Przyjaci\u00f3\u0142ek&#8221; i &#8222;Na Wsp\u00f3lnej&#8221;. <\/p>\n\n\n\n<p>Jubilatce \u017cyczymy wielu r\u00f3l i kolejnych sukces\u00f3w! I przypominamy, \u017ce od 2021 r. mo\u017cna j\u0105 r\u00f3wnie\u017c podziwia\u0107 na scenie Teatru Wsp\u00f3\u0142czesnego w Krakowie. Ostatnio swoj\u0105 prapremier\u0119 mia\u0142 tam spektakl &#8222;Famme fatale&#8221;, w kt\u00f3rym Sylwia Oksiuta-Warmus wciela si\u0119 w s\u0142ynn\u0105 In\u0119 Benit\u0119.<\/p>\n\n\n\n<p><strong>red., mat. Teatru im. A. Mickiewicza, fot. P. D\u0142ubak<\/strong><\/p>\n\n\n\n<figure class=\"wp-block-gallery has-nested-images columns-default is-cropped wp-block-gallery-1 is-layout-flex wp-block-gallery-is-layout-flex\">\n<figure class=\"wp-block-image size-large\"><img decoding=\"async\" width=\"1024\" height=\"682\" data-id=\"144021\" data-src=\"https:\/\/gazetaregionalna.com\/wp-content\/uploads\/2025\/11\/589105467_1280668524097462_6749091025080976168_n-1024x682.jpg\" alt=\"\" class=\"wp-image-144021 lazyload\" data-srcset=\"https:\/\/gazetaregionalna.com\/wp-content\/uploads\/2025\/11\/589105467_1280668524097462_6749091025080976168_n-1024x682.jpg 1024w, https:\/\/gazetaregionalna.com\/wp-content\/uploads\/2025\/11\/589105467_1280668524097462_6749091025080976168_n-300x200.jpg 300w, https:\/\/gazetaregionalna.com\/wp-content\/uploads\/2025\/11\/589105467_1280668524097462_6749091025080976168_n-768x511.jpg 768w, https:\/\/gazetaregionalna.com\/wp-content\/uploads\/2025\/11\/589105467_1280668524097462_6749091025080976168_n.jpg 1200w\" data-sizes=\"(max-width: 1024px) 100vw, 1024px\" src=\"data:image\/svg+xml;base64,PHN2ZyB3aWR0aD0iMSIgaGVpZ2h0PSIxIiB4bWxucz0iaHR0cDovL3d3dy53My5vcmcvMjAwMC9zdmciPjwvc3ZnPg==\" style=\"--smush-placeholder-width: 1024px; --smush-placeholder-aspect-ratio: 1024\/682;\" \/><\/figure>\n\n\n\n<figure class=\"wp-block-image size-large\"><img decoding=\"async\" width=\"1024\" height=\"682\" data-id=\"144020\" data-src=\"https:\/\/gazetaregionalna.com\/wp-content\/uploads\/2025\/11\/589043567_1280668830764098_7367886283130083664_n-1024x682.jpg\" alt=\"\" class=\"wp-image-144020 lazyload\" data-srcset=\"https:\/\/gazetaregionalna.com\/wp-content\/uploads\/2025\/11\/589043567_1280668830764098_7367886283130083664_n-1024x682.jpg 1024w, https:\/\/gazetaregionalna.com\/wp-content\/uploads\/2025\/11\/589043567_1280668830764098_7367886283130083664_n-300x200.jpg 300w, https:\/\/gazetaregionalna.com\/wp-content\/uploads\/2025\/11\/589043567_1280668830764098_7367886283130083664_n-768x511.jpg 768w, https:\/\/gazetaregionalna.com\/wp-content\/uploads\/2025\/11\/589043567_1280668830764098_7367886283130083664_n.jpg 1200w\" data-sizes=\"(max-width: 1024px) 100vw, 1024px\" src=\"data:image\/svg+xml;base64,PHN2ZyB3aWR0aD0iMSIgaGVpZ2h0PSIxIiB4bWxucz0iaHR0cDovL3d3dy53My5vcmcvMjAwMC9zdmciPjwvc3ZnPg==\" style=\"--smush-placeholder-width: 1024px; --smush-placeholder-aspect-ratio: 1024\/682;\" \/><\/figure>\n\n\n\n<figure class=\"wp-block-image size-large\"><img decoding=\"async\" width=\"1024\" height=\"682\" data-id=\"144019\" data-src=\"https:\/\/gazetaregionalna.com\/wp-content\/uploads\/2025\/11\/588610966_1280668404097474_3165909314993022759_n-1024x682.jpg\" alt=\"\" class=\"wp-image-144019 lazyload\" data-srcset=\"https:\/\/gazetaregionalna.com\/wp-content\/uploads\/2025\/11\/588610966_1280668404097474_3165909314993022759_n-1024x682.jpg 1024w, https:\/\/gazetaregionalna.com\/wp-content\/uploads\/2025\/11\/588610966_1280668404097474_3165909314993022759_n-300x200.jpg 300w, https:\/\/gazetaregionalna.com\/wp-content\/uploads\/2025\/11\/588610966_1280668404097474_3165909314993022759_n-768x511.jpg 768w, https:\/\/gazetaregionalna.com\/wp-content\/uploads\/2025\/11\/588610966_1280668404097474_3165909314993022759_n.jpg 1200w\" data-sizes=\"(max-width: 1024px) 100vw, 1024px\" src=\"data:image\/svg+xml;base64,PHN2ZyB3aWR0aD0iMSIgaGVpZ2h0PSIxIiB4bWxucz0iaHR0cDovL3d3dy53My5vcmcvMjAwMC9zdmciPjwvc3ZnPg==\" style=\"--smush-placeholder-width: 1024px; --smush-placeholder-aspect-ratio: 1024\/682;\" \/><\/figure>\n\n\n\n<figure class=\"wp-block-image size-large\"><img decoding=\"async\" width=\"1024\" height=\"682\" data-id=\"144018\" data-src=\"https:\/\/gazetaregionalna.com\/wp-content\/uploads\/2025\/11\/587212345_1280668870764094_16435120509904148_n-1024x682.jpg\" alt=\"\" class=\"wp-image-144018 lazyload\" data-srcset=\"https:\/\/gazetaregionalna.com\/wp-content\/uploads\/2025\/11\/587212345_1280668870764094_16435120509904148_n-1024x682.jpg 1024w, https:\/\/gazetaregionalna.com\/wp-content\/uploads\/2025\/11\/587212345_1280668870764094_16435120509904148_n-300x200.jpg 300w, https:\/\/gazetaregionalna.com\/wp-content\/uploads\/2025\/11\/587212345_1280668870764094_16435120509904148_n-768x511.jpg 768w, https:\/\/gazetaregionalna.com\/wp-content\/uploads\/2025\/11\/587212345_1280668870764094_16435120509904148_n.jpg 1200w\" data-sizes=\"(max-width: 1024px) 100vw, 1024px\" src=\"data:image\/svg+xml;base64,PHN2ZyB3aWR0aD0iMSIgaGVpZ2h0PSIxIiB4bWxucz0iaHR0cDovL3d3dy53My5vcmcvMjAwMC9zdmciPjwvc3ZnPg==\" style=\"--smush-placeholder-width: 1024px; --smush-placeholder-aspect-ratio: 1024\/682;\" \/><\/figure>\n\n\n\n<figure class=\"wp-block-image size-large\"><img decoding=\"async\" width=\"1024\" height=\"682\" data-id=\"144016\" data-src=\"https:\/\/gazetaregionalna.com\/wp-content\/uploads\/2025\/11\/587106761_1280668484097466_6336713432843916993_n-1024x682.jpg\" alt=\"\" class=\"wp-image-144016 lazyload\" data-srcset=\"https:\/\/gazetaregionalna.com\/wp-content\/uploads\/2025\/11\/587106761_1280668484097466_6336713432843916993_n-1024x682.jpg 1024w, https:\/\/gazetaregionalna.com\/wp-content\/uploads\/2025\/11\/587106761_1280668484097466_6336713432843916993_n-300x200.jpg 300w, https:\/\/gazetaregionalna.com\/wp-content\/uploads\/2025\/11\/587106761_1280668484097466_6336713432843916993_n-768x511.jpg 768w, https:\/\/gazetaregionalna.com\/wp-content\/uploads\/2025\/11\/587106761_1280668484097466_6336713432843916993_n.jpg 1200w\" data-sizes=\"(max-width: 1024px) 100vw, 1024px\" src=\"data:image\/svg+xml;base64,PHN2ZyB3aWR0aD0iMSIgaGVpZ2h0PSIxIiB4bWxucz0iaHR0cDovL3d3dy53My5vcmcvMjAwMC9zdmciPjwvc3ZnPg==\" style=\"--smush-placeholder-width: 1024px; --smush-placeholder-aspect-ratio: 1024\/682;\" \/><\/figure>\n\n\n\n<figure class=\"wp-block-image size-large\"><img decoding=\"async\" width=\"1024\" height=\"682\" data-id=\"144015\" data-src=\"https:\/\/gazetaregionalna.com\/wp-content\/uploads\/2025\/11\/587058916_1280668317430816_4286908440776486487_n-1024x682.jpg\" alt=\"\" class=\"wp-image-144015 lazyload\" data-srcset=\"https:\/\/gazetaregionalna.com\/wp-content\/uploads\/2025\/11\/587058916_1280668317430816_4286908440776486487_n-1024x682.jpg 1024w, https:\/\/gazetaregionalna.com\/wp-content\/uploads\/2025\/11\/587058916_1280668317430816_4286908440776486487_n-300x200.jpg 300w, https:\/\/gazetaregionalna.com\/wp-content\/uploads\/2025\/11\/587058916_1280668317430816_4286908440776486487_n-768x511.jpg 768w, https:\/\/gazetaregionalna.com\/wp-content\/uploads\/2025\/11\/587058916_1280668317430816_4286908440776486487_n.jpg 1200w\" data-sizes=\"(max-width: 1024px) 100vw, 1024px\" src=\"data:image\/svg+xml;base64,PHN2ZyB3aWR0aD0iMSIgaGVpZ2h0PSIxIiB4bWxucz0iaHR0cDovL3d3dy53My5vcmcvMjAwMC9zdmciPjwvc3ZnPg==\" style=\"--smush-placeholder-width: 1024px; --smush-placeholder-aspect-ratio: 1024\/682;\" \/><\/figure>\n\n\n\n<figure class=\"wp-block-image size-large\"><img decoding=\"async\" width=\"1024\" height=\"682\" data-id=\"144013\" data-src=\"https:\/\/gazetaregionalna.com\/wp-content\/uploads\/2025\/11\/587036326_1280669570764024_8519065981377326433_n-1024x682.jpg\" alt=\"\" class=\"wp-image-144013 lazyload\" data-srcset=\"https:\/\/gazetaregionalna.com\/wp-content\/uploads\/2025\/11\/587036326_1280669570764024_8519065981377326433_n-1024x682.jpg 1024w, https:\/\/gazetaregionalna.com\/wp-content\/uploads\/2025\/11\/587036326_1280669570764024_8519065981377326433_n-300x200.jpg 300w, https:\/\/gazetaregionalna.com\/wp-content\/uploads\/2025\/11\/587036326_1280669570764024_8519065981377326433_n-768x511.jpg 768w, https:\/\/gazetaregionalna.com\/wp-content\/uploads\/2025\/11\/587036326_1280669570764024_8519065981377326433_n.jpg 1200w\" data-sizes=\"(max-width: 1024px) 100vw, 1024px\" src=\"data:image\/svg+xml;base64,PHN2ZyB3aWR0aD0iMSIgaGVpZ2h0PSIxIiB4bWxucz0iaHR0cDovL3d3dy53My5vcmcvMjAwMC9zdmciPjwvc3ZnPg==\" style=\"--smush-placeholder-width: 1024px; --smush-placeholder-aspect-ratio: 1024\/682;\" \/><\/figure>\n\n\n\n<figure class=\"wp-block-image size-large\"><img decoding=\"async\" width=\"1024\" height=\"682\" data-id=\"144011\" data-src=\"https:\/\/gazetaregionalna.com\/wp-content\/uploads\/2025\/11\/587028478_1280668350764146_8102120439980976089_n-1024x682.jpg\" alt=\"\" class=\"wp-image-144011 lazyload\" data-srcset=\"https:\/\/gazetaregionalna.com\/wp-content\/uploads\/2025\/11\/587028478_1280668350764146_8102120439980976089_n-1024x682.jpg 1024w, https:\/\/gazetaregionalna.com\/wp-content\/uploads\/2025\/11\/587028478_1280668350764146_8102120439980976089_n-300x200.jpg 300w, https:\/\/gazetaregionalna.com\/wp-content\/uploads\/2025\/11\/587028478_1280668350764146_8102120439980976089_n-768x511.jpg 768w, https:\/\/gazetaregionalna.com\/wp-content\/uploads\/2025\/11\/587028478_1280668350764146_8102120439980976089_n.jpg 1200w\" data-sizes=\"(max-width: 1024px) 100vw, 1024px\" src=\"data:image\/svg+xml;base64,PHN2ZyB3aWR0aD0iMSIgaGVpZ2h0PSIxIiB4bWxucz0iaHR0cDovL3d3dy53My5vcmcvMjAwMC9zdmciPjwvc3ZnPg==\" style=\"--smush-placeholder-width: 1024px; --smush-placeholder-aspect-ratio: 1024\/682;\" \/><\/figure>\n\n\n\n<figure class=\"wp-block-image size-large\"><img decoding=\"async\" width=\"1024\" height=\"682\" data-id=\"144009\" data-src=\"https:\/\/gazetaregionalna.com\/wp-content\/uploads\/2025\/11\/587021324_1280669150764066_8897116727708708967_n-1024x682.jpg\" alt=\"\" class=\"wp-image-144009 lazyload\" data-srcset=\"https:\/\/gazetaregionalna.com\/wp-content\/uploads\/2025\/11\/587021324_1280669150764066_8897116727708708967_n-1024x682.jpg 1024w, https:\/\/gazetaregionalna.com\/wp-content\/uploads\/2025\/11\/587021324_1280669150764066_8897116727708708967_n-300x200.jpg 300w, https:\/\/gazetaregionalna.com\/wp-content\/uploads\/2025\/11\/587021324_1280669150764066_8897116727708708967_n-768x511.jpg 768w, https:\/\/gazetaregionalna.com\/wp-content\/uploads\/2025\/11\/587021324_1280669150764066_8897116727708708967_n.jpg 1200w\" data-sizes=\"(max-width: 1024px) 100vw, 1024px\" src=\"data:image\/svg+xml;base64,PHN2ZyB3aWR0aD0iMSIgaGVpZ2h0PSIxIiB4bWxucz0iaHR0cDovL3d3dy53My5vcmcvMjAwMC9zdmciPjwvc3ZnPg==\" style=\"--smush-placeholder-width: 1024px; --smush-placeholder-aspect-ratio: 1024\/682;\" \/><\/figure>\n\n\n\n<figure data-wp-context=\"{&quot;imageId&quot;:&quot;69ee117d88a45&quot;}\" data-wp-interactive=\"core\/image\" data-wp-key=\"69ee117d88a45\" class=\"wp-block-image size-full wp-lightbox-container\"><img decoding=\"async\" width=\"1200\" height=\"799\" data-wp-class--hide=\"state.isContentHidden\" data-wp-class--show=\"state.isContentVisible\" data-wp-init=\"callbacks.setButtonStyles\" data-wp-on--click=\"actions.showLightbox\" data-wp-on--load=\"callbacks.setButtonStyles\" data-wp-on-window--resize=\"callbacks.setButtonStyles\" data-id=\"144008\" data-src=\"https:\/\/gazetaregionalna.com\/wp-content\/uploads\/2025\/11\/587002606_1280669694097345_5879874031028094346_n.jpg\" alt=\"\" class=\"wp-image-144008 lazyload\" data-srcset=\"https:\/\/gazetaregionalna.com\/wp-content\/uploads\/2025\/11\/587002606_1280669694097345_5879874031028094346_n.jpg 1200w, https:\/\/gazetaregionalna.com\/wp-content\/uploads\/2025\/11\/587002606_1280669694097345_5879874031028094346_n-300x200.jpg 300w, https:\/\/gazetaregionalna.com\/wp-content\/uploads\/2025\/11\/587002606_1280669694097345_5879874031028094346_n-1024x682.jpg 1024w, https:\/\/gazetaregionalna.com\/wp-content\/uploads\/2025\/11\/587002606_1280669694097345_5879874031028094346_n-768x511.jpg 768w\" data-sizes=\"(max-width: 1200px) 100vw, 1200px\" src=\"data:image\/svg+xml;base64,PHN2ZyB3aWR0aD0iMSIgaGVpZ2h0PSIxIiB4bWxucz0iaHR0cDovL3d3dy53My5vcmcvMjAwMC9zdmciPjwvc3ZnPg==\" style=\"--smush-placeholder-width: 1200px; --smush-placeholder-aspect-ratio: 1200\/799;\" \/><button\n\t\t\tclass=\"lightbox-trigger\"\n\t\t\ttype=\"button\"\n\t\t\taria-haspopup=\"dialog\"\n\t\t\taria-label=\"Powi\u0119ksz\"\n\t\t\tdata-wp-init=\"callbacks.initTriggerButton\"\n\t\t\tdata-wp-on--click=\"actions.showLightbox\"\n\t\t\tdata-wp-style--right=\"state.imageButtonRight\"\n\t\t\tdata-wp-style--top=\"state.imageButtonTop\"\n\t\t>\n\t\t\t<svg xmlns=\"http:\/\/www.w3.org\/2000\/svg\" width=\"12\" height=\"12\" fill=\"none\" viewBox=\"0 0 12 12\">\n\t\t\t\t<path fill=\"#fff\" d=\"M2 0a2 2 0 0 0-2 2v2h1.5V2a.5.5 0 0 1 .5-.5h2V0H2Zm2 10.5H2a.5.5 0 0 1-.5-.5V8H0v2a2 2 0 0 0 2 2h2v-1.5ZM8 12v-1.5h2a.5.5 0 0 0 .5-.5V8H12v2a2 2 0 0 1-2 2H8Zm2-12a2 2 0 0 1 2 2v2h-1.5V2a.5.5 0 0 0-.5-.5H8V0h2Z\" \/>\n\t\t\t<\/svg>\n\t\t<\/button><\/figure>\n<\/figure>\n","protected":false},"excerpt":{"rendered":"<p>Spektaklem &#8222;Cudowne&#8221; granym 22 listopada na scenie Teatru im. A. Mickiewicza Sylwia Oksiuta-Warmus uczci\u0142a 20-lecie pracy. Sylwia Oksiuta-Warmus to osoba wielu talent\u00f3w &#8211; aktorka,<\/p>\n","protected":false},"author":11,"featured_media":144007,"comment_status":"closed","ping_status":"open","sticky":false,"template":"","format":"standard","meta":{"_monsterinsights_skip_tracking":false,"_monsterinsights_sitenote_active":false,"_monsterinsights_sitenote_note":"","_monsterinsights_sitenote_category":0,"_uf_show_specific_survey":0,"_uf_disable_surveys":false,"footnotes":""},"categories":[12,3,94,2],"tags":[144,1169,654,255],"class_list":["post-144005","post","type-post","status-publish","format-standard","has-post-thumbnail","hentry","category-kultura-i-rozrywka","category-czestochowa-informacje","category-polecane","category-wiadomosci","tag-czestochowa","tag-jubileusz","tag-sylwia-oksiuta-warmus","tag-teatr-im-adama-mickiewicza-w-czestochowie"],"_links":{"self":[{"href":"https:\/\/gazetaregionalna.com\/index.php?rest_route=\/wp\/v2\/posts\/144005","targetHints":{"allow":["GET"]}}],"collection":[{"href":"https:\/\/gazetaregionalna.com\/index.php?rest_route=\/wp\/v2\/posts"}],"about":[{"href":"https:\/\/gazetaregionalna.com\/index.php?rest_route=\/wp\/v2\/types\/post"}],"author":[{"embeddable":true,"href":"https:\/\/gazetaregionalna.com\/index.php?rest_route=\/wp\/v2\/users\/11"}],"replies":[{"embeddable":true,"href":"https:\/\/gazetaregionalna.com\/index.php?rest_route=%2Fwp%2Fv2%2Fcomments&post=144005"}],"version-history":[{"count":2,"href":"https:\/\/gazetaregionalna.com\/index.php?rest_route=\/wp\/v2\/posts\/144005\/revisions"}],"predecessor-version":[{"id":144023,"href":"https:\/\/gazetaregionalna.com\/index.php?rest_route=\/wp\/v2\/posts\/144005\/revisions\/144023"}],"wp:featuredmedia":[{"embeddable":true,"href":"https:\/\/gazetaregionalna.com\/index.php?rest_route=\/wp\/v2\/media\/144007"}],"wp:attachment":[{"href":"https:\/\/gazetaregionalna.com\/index.php?rest_route=%2Fwp%2Fv2%2Fmedia&parent=144005"}],"wp:term":[{"taxonomy":"category","embeddable":true,"href":"https:\/\/gazetaregionalna.com\/index.php?rest_route=%2Fwp%2Fv2%2Fcategories&post=144005"},{"taxonomy":"post_tag","embeddable":true,"href":"https:\/\/gazetaregionalna.com\/index.php?rest_route=%2Fwp%2Fv2%2Ftags&post=144005"}],"curies":[{"name":"wp","href":"https:\/\/api.w.org\/{rel}","templated":true}]}}