{"id":143996,"date":"2025-11-23T11:04:12","date_gmt":"2025-11-23T11:04:12","guid":{"rendered":"https:\/\/gazetaregionalna.com\/?p=143996"},"modified":"2025-11-23T11:04:13","modified_gmt":"2025-11-23T11:04:13","slug":"rakow-znowu-przegral-po-przerwie-tym-razem-z-outsiderem-mogl-miec-4-punkty-do-lidera-ma-7","status":"publish","type":"post","link":"https:\/\/gazetaregionalna.com\/?p=143996","title":{"rendered":"Rak\u00f3w znowu przegra\u0142 po przerwie. Tym razem z outsiderem. M\u00f3g\u0142 mie\u0107 4 punkty do lidera, ma 7&#8230;"},"content":{"rendered":"\n<p>Pi\u0142karze Rakowa Cz\u0119stochowa w meczu 16. kolejki PKO Bank Pa\u0144stwowy Ekstraklasy przegrali niespodziewanie z ostatnim w tabeli Piastem Gliwice i to a\u017c 1:3. Ten wynik to olbrzymia niespodzianka, na kt\u00f3r\u0105 mog\u0142o mie\u0107 ,,zamieszanie&#8221; z ewentualnym transferem trenera Marka Papszuna do Legii Warszawa&#8230;<\/p>\n\n\n\n<p>Rak\u00f3w do meczu z Piastem przyst\u0119powa\u0142 po 3 zwyci\u0119stwach z rz\u0119du w PKO BP Ekstraklasie oraz dobrej grze w europejskich pucharach. Podopieczni trenera Marka Papszuna mieli za sob\u0105 bardzo udan\u0105 seri\u0119 mecz\u00f3w, ale z rytmu wybi\u0142a ich po raz kolejny przerwa na gr\u0119 reprezentacji. Rak\u00f3w w tym sezonie po przerwie zawsze przegrywa\u0142 i tak te\u017c sta\u0142o si\u0119 tym razem. Co jest olbrzymi\u0105 niespodziank\u0105&#8230;<\/p>\n\n\n\n<p>Cho\u0107 cz\u0119stochowianie zmienili taktyk\u0119 i tym razem nie rozgrywali w przerwie sparingu to ta zmiana nic nie pomog\u0142a. Kibice spekulowali, \u017ce na wp\u0142yw formy pi\u0142karzy wp\u0142yw mog\u0142o mie\u0107 zamieszanie ze zmian\u0105 pracodawcy u trenera Marka Papszuna. Mia\u0142o si\u0119 o tym du\u017co m\u00f3wi\u0107 w budynku przy Limanowskiego 83 w\u015br\u00f3d pracownik\u00f3w klubu&#8230;<\/p>\n\n\n\n<p>Dzia\u0142acze Legii Warszawa chc\u0105, aby trener Papszun jak najszybciej rozpocz\u0105\u0142 prac\u0119 w warszawskim klubie. Cz\u0119stochowskie \u015brodowisko chce, aby jak co\u015b po\u017cegna\u0142 si\u0119 z klas\u0105 i do ko\u0144ca grudnia pracowa\u0142 przy Limanowskiego 83&#8230;<\/p>\n\n\n\n<p>Cho\u0107 pi\u0142karze tego nie oficjalnie nie przyznawali to zamieszanie musia\u0142o mie\u0107 wp\u0142yw na ich gr\u0119, bo pora\u017cka z ostatni\u0105 dru\u017cyn\u0105 1:3 i to u siebie jest olbrzymimi zaskoczeniem i to po pewnych wygranych w Bia\u0142ymstoku czy Kielcach&#8230;<\/p>\n\n\n\n<p>Rak\u00f3w pierwsz\u0105 bramk\u0119 straci\u0142 po b\u0142\u0119dzie Frana Tudora i Bogdana Racovitana. \u0179le rozegrali wrzut z autu. Szybk\u0105 kontr\u0119 przeprowadzili go\u015bcie i by\u0142o 1:0 dla Piasta.<\/p>\n\n\n\n<p>Druga bramka dla gliwiczan to du\u017cy b\u0142\u0105d bramkarza Rakowa Oliwiera Zycha, kt\u00f3ry wybijaj\u0105c pi\u0142k\u0119 trafi\u0142 w jednego z pi\u0142karzy Piasta. Pi\u0142ka odbi\u0142a si\u0119 do Germana Barkovskiego, kt\u00f3ry g\u0142ow\u0105 skierowa\u0142 j\u0105 do pustej bramki. Na 3:0 z rzutu karnego podwy\u017cszy\u0142 Patryk Dziczek, dla kt\u00f3rego by\u0142a to druga bramka w meczu.<\/p>\n\n\n\n<p>Rak\u00f3w by\u0142o sta\u0107 tylko na honorowe trafienie. Autorem bramki w 88. minucie by\u0142 Jonatan Brunes.<\/p>\n\n\n\n<p>Rak\u00f3w zamiast dopisa\u0107 sobie 3 pewne punkty i goni\u0107 czo\u0142\u00f3wk\u0119, dozna\u0142 6 pora\u017cki w sezonie i to ju\u017c 3 przy Limanowskiego 83. Czerwono-niebiescy trac\u0105 do lidera 7 punkt\u00f3w., a mogli zbli\u017cy\u0107 si\u0119 na 4&#8230;<\/p>\n\n\n\n<p>Piast po wygranej w Cz\u0119stochowie wydosta\u0142 si\u0119 z ostatniego miejsca w tabeli spychaj\u0105c tam Lechi\u0119 Gda\u0144sk.<\/p>\n\n\n\n<p>MR-K, fot: AK<\/p>\n\n\n\n<p><strong>Rak\u00f3w Cz\u0119stochowa &#8211; Piast Gliwice 1:3 (0:1)<\/strong><\/p>\n\n\n\n<p><strong>Bramki: 0:1 <\/strong>Dziczek (31.) 0:2 Barkovskiy (57.), 0:3 Dziczek (70.), 1:3 Brunes (88.)<\/p>\n\n\n\n<p><strong>Rak\u00f3w: <\/strong>Zych &#8211; Konstantopoulos (64. Makuch), Racovi\u021ban, Tudor, Ameyaw (36. Seck), Struski (64. Ivi Lopez), Repka, Amorim (71. Pie\u0144ko), Diaby-Fadiga, Brunes, Bulat (46. Bar\u00e1th).<\/p>\n\n\n\n<p>Partnerami relacji sportowych s\u0105:<\/p>\n\n\n\n<p>DMK Invest materia\u0142y budowlane Konopiska<\/p>\n\n\n\n<p>Semex \u2013 Hurtownia budowlana Cz\u0119stochowa<\/p>\n\n\n\n<p>Orlikowscy. Pokrycia dachowe i rynny<\/p>\n\n\n\n<p>Invictel \u2013 systemy alarmowe, monitoringi, smarthome, automatyka do bram<\/p>\n\n\n\n<figure class=\"wp-block-image size-large\"><img decoding=\"async\" width=\"1024\" height=\"584\" data-src=\"https:\/\/gazetaregionalna.com\/wp-content\/uploads\/2025\/11\/Semex-jpg-1024x584.jpg\" alt=\"\" class=\"wp-image-143535 lazyload\" data-srcset=\"https:\/\/gazetaregionalna.com\/wp-content\/uploads\/2025\/11\/Semex-jpg-1024x584.jpg 1024w, https:\/\/gazetaregionalna.com\/wp-content\/uploads\/2025\/11\/Semex-jpg-300x171.jpg 300w, https:\/\/gazetaregionalna.com\/wp-content\/uploads\/2025\/11\/Semex-jpg-768x438.jpg 768w, https:\/\/gazetaregionalna.com\/wp-content\/uploads\/2025\/11\/Semex-jpg.jpg 1200w\" data-sizes=\"(max-width: 1024px) 100vw, 1024px\" src=\"data:image\/svg+xml;base64,PHN2ZyB3aWR0aD0iMSIgaGVpZ2h0PSIxIiB4bWxucz0iaHR0cDovL3d3dy53My5vcmcvMjAwMC9zdmciPjwvc3ZnPg==\" style=\"--smush-placeholder-width: 1024px; --smush-placeholder-aspect-ratio: 1024\/584;\" \/><\/figure>\n\n\n\n<figure class=\"wp-block-image size-large\"><img decoding=\"async\" width=\"1024\" height=\"649\" data-src=\"https:\/\/gazetaregionalna.com\/wp-content\/uploads\/2025\/11\/Rakow-Piast-000-1024x649.jpg\" alt=\"\" class=\"wp-image-143997 lazyload\" data-srcset=\"https:\/\/gazetaregionalna.com\/wp-content\/uploads\/2025\/11\/Rakow-Piast-000-1024x649.jpg 1024w, https:\/\/gazetaregionalna.com\/wp-content\/uploads\/2025\/11\/Rakow-Piast-000-300x190.jpg 300w, https:\/\/gazetaregionalna.com\/wp-content\/uploads\/2025\/11\/Rakow-Piast-000-768x486.jpg 768w, https:\/\/gazetaregionalna.com\/wp-content\/uploads\/2025\/11\/Rakow-Piast-000-115x73.jpg 115w, https:\/\/gazetaregionalna.com\/wp-content\/uploads\/2025\/11\/Rakow-Piast-000.jpg 1200w\" data-sizes=\"(max-width: 1024px) 100vw, 1024px\" src=\"data:image\/svg+xml;base64,PHN2ZyB3aWR0aD0iMSIgaGVpZ2h0PSIxIiB4bWxucz0iaHR0cDovL3d3dy53My5vcmcvMjAwMC9zdmciPjwvc3ZnPg==\" style=\"--smush-placeholder-width: 1024px; --smush-placeholder-aspect-ratio: 1024\/649;\" \/><\/figure>\n\n\n\n<figure class=\"wp-block-image size-large\"><img decoding=\"async\" width=\"1024\" height=\"1024\" data-src=\"https:\/\/gazetaregionalna.com\/wp-content\/uploads\/2025\/10\/DMK-12.10.25-1-1024x1024.jpg\" alt=\"\" class=\"wp-image-142120 lazyload\" data-srcset=\"https:\/\/gazetaregionalna.com\/wp-content\/uploads\/2025\/10\/DMK-12.10.25-1-1024x1024.jpg 1024w, https:\/\/gazetaregionalna.com\/wp-content\/uploads\/2025\/10\/DMK-12.10.25-1-300x300.jpg 300w, https:\/\/gazetaregionalna.com\/wp-content\/uploads\/2025\/10\/DMK-12.10.25-1-150x150.jpg 150w, https:\/\/gazetaregionalna.com\/wp-content\/uploads\/2025\/10\/DMK-12.10.25-1-768x768.jpg 768w, https:\/\/gazetaregionalna.com\/wp-content\/uploads\/2025\/10\/DMK-12.10.25-1-215x215.jpg 215w, https:\/\/gazetaregionalna.com\/wp-content\/uploads\/2025\/10\/DMK-12.10.25-1.jpg 1200w\" data-sizes=\"(max-width: 1024px) 100vw, 1024px\" src=\"data:image\/svg+xml;base64,PHN2ZyB3aWR0aD0iMSIgaGVpZ2h0PSIxIiB4bWxucz0iaHR0cDovL3d3dy53My5vcmcvMjAwMC9zdmciPjwvc3ZnPg==\" style=\"--smush-placeholder-width: 1024px; --smush-placeholder-aspect-ratio: 1024\/1024;\" \/><\/figure>\n\n\n\n<figure class=\"wp-block-image size-large\"><img decoding=\"async\" width=\"1024\" height=\"682\" data-src=\"https:\/\/gazetaregionalna.com\/wp-content\/uploads\/2025\/11\/Rakow-Piast-00-1024x682.jpg\" alt=\"\" class=\"wp-image-143998 lazyload\" data-srcset=\"https:\/\/gazetaregionalna.com\/wp-content\/uploads\/2025\/11\/Rakow-Piast-00-1024x682.jpg 1024w, https:\/\/gazetaregionalna.com\/wp-content\/uploads\/2025\/11\/Rakow-Piast-00-300x200.jpg 300w, https:\/\/gazetaregionalna.com\/wp-content\/uploads\/2025\/11\/Rakow-Piast-00-768x511.jpg 768w, https:\/\/gazetaregionalna.com\/wp-content\/uploads\/2025\/11\/Rakow-Piast-00.jpg 1200w\" data-sizes=\"(max-width: 1024px) 100vw, 1024px\" src=\"data:image\/svg+xml;base64,PHN2ZyB3aWR0aD0iMSIgaGVpZ2h0PSIxIiB4bWxucz0iaHR0cDovL3d3dy53My5vcmcvMjAwMC9zdmciPjwvc3ZnPg==\" style=\"--smush-placeholder-width: 1024px; --smush-placeholder-aspect-ratio: 1024\/682;\" \/><\/figure>\n\n\n\n<figure class=\"wp-block-image size-full\"><img decoding=\"async\" width=\"715\" height=\"715\" data-src=\"https:\/\/gazetaregionalna.com\/wp-content\/uploads\/2025\/10\/Invictel.jpg\" alt=\"\" class=\"wp-image-141997 lazyload\" data-srcset=\"https:\/\/gazetaregionalna.com\/wp-content\/uploads\/2025\/10\/Invictel.jpg 715w, https:\/\/gazetaregionalna.com\/wp-content\/uploads\/2025\/10\/Invictel-300x300.jpg 300w, https:\/\/gazetaregionalna.com\/wp-content\/uploads\/2025\/10\/Invictel-150x150.jpg 150w, https:\/\/gazetaregionalna.com\/wp-content\/uploads\/2025\/10\/Invictel-215x215.jpg 215w\" data-sizes=\"(max-width: 715px) 100vw, 715px\" src=\"data:image\/svg+xml;base64,PHN2ZyB3aWR0aD0iMSIgaGVpZ2h0PSIxIiB4bWxucz0iaHR0cDovL3d3dy53My5vcmcvMjAwMC9zdmciPjwvc3ZnPg==\" style=\"--smush-placeholder-width: 715px; --smush-placeholder-aspect-ratio: 715\/715;\" \/><\/figure>\n\n\n\n<figure class=\"wp-block-image size-large\"><img decoding=\"async\" width=\"1024\" height=\"683\" data-src=\"https:\/\/gazetaregionalna.com\/wp-content\/uploads\/2025\/11\/Rakow-Piast-96-1024x683.jpg\" alt=\"\" class=\"wp-image-144002 lazyload\" data-srcset=\"https:\/\/gazetaregionalna.com\/wp-content\/uploads\/2025\/11\/Rakow-Piast-96-1024x683.jpg 1024w, https:\/\/gazetaregionalna.com\/wp-content\/uploads\/2025\/11\/Rakow-Piast-96-300x200.jpg 300w, https:\/\/gazetaregionalna.com\/wp-content\/uploads\/2025\/11\/Rakow-Piast-96-768x512.jpg 768w, https:\/\/gazetaregionalna.com\/wp-content\/uploads\/2025\/11\/Rakow-Piast-96.jpg 1200w\" data-sizes=\"(max-width: 1024px) 100vw, 1024px\" src=\"data:image\/svg+xml;base64,PHN2ZyB3aWR0aD0iMSIgaGVpZ2h0PSIxIiB4bWxucz0iaHR0cDovL3d3dy53My5vcmcvMjAwMC9zdmciPjwvc3ZnPg==\" style=\"--smush-placeholder-width: 1024px; --smush-placeholder-aspect-ratio: 1024\/683;\" \/><\/figure>\n\n\n\n<figure class=\"wp-block-image size-large\"><img decoding=\"async\" width=\"1024\" height=\"1024\" data-src=\"https:\/\/gazetaregionalna.com\/wp-content\/uploads\/2025\/08\/Orlikowscy-1-1024x1024.jpg\" alt=\"\" class=\"wp-image-140849 lazyload\" data-srcset=\"https:\/\/gazetaregionalna.com\/wp-content\/uploads\/2025\/08\/Orlikowscy-1-1024x1024.jpg 1024w, https:\/\/gazetaregionalna.com\/wp-content\/uploads\/2025\/08\/Orlikowscy-1-300x300.jpg 300w, https:\/\/gazetaregionalna.com\/wp-content\/uploads\/2025\/08\/Orlikowscy-1-150x150.jpg 150w, https:\/\/gazetaregionalna.com\/wp-content\/uploads\/2025\/08\/Orlikowscy-1-768x768.jpg 768w, https:\/\/gazetaregionalna.com\/wp-content\/uploads\/2025\/08\/Orlikowscy-1-215x215.jpg 215w, https:\/\/gazetaregionalna.com\/wp-content\/uploads\/2025\/08\/Orlikowscy-1.jpg 1080w\" data-sizes=\"(max-width: 1024px) 100vw, 1024px\" src=\"data:image\/svg+xml;base64,PHN2ZyB3aWR0aD0iMSIgaGVpZ2h0PSIxIiB4bWxucz0iaHR0cDovL3d3dy53My5vcmcvMjAwMC9zdmciPjwvc3ZnPg==\" style=\"--smush-placeholder-width: 1024px; --smush-placeholder-aspect-ratio: 1024\/1024;\" \/><\/figure>\n\n\n\n<figure class=\"wp-block-image size-large\"><img decoding=\"async\" width=\"1024\" height=\"683\" data-src=\"https:\/\/gazetaregionalna.com\/wp-content\/uploads\/2025\/11\/Rakow-Piast-97-1024x683.jpg\" alt=\"\" class=\"wp-image-144003 lazyload\" data-srcset=\"https:\/\/gazetaregionalna.com\/wp-content\/uploads\/2025\/11\/Rakow-Piast-97-1024x683.jpg 1024w, https:\/\/gazetaregionalna.com\/wp-content\/uploads\/2025\/11\/Rakow-Piast-97-300x200.jpg 300w, https:\/\/gazetaregionalna.com\/wp-content\/uploads\/2025\/11\/Rakow-Piast-97-768x512.jpg 768w, https:\/\/gazetaregionalna.com\/wp-content\/uploads\/2025\/11\/Rakow-Piast-97.jpg 1200w\" data-sizes=\"(max-width: 1024px) 100vw, 1024px\" src=\"data:image\/svg+xml;base64,PHN2ZyB3aWR0aD0iMSIgaGVpZ2h0PSIxIiB4bWxucz0iaHR0cDovL3d3dy53My5vcmcvMjAwMC9zdmciPjwvc3ZnPg==\" style=\"--smush-placeholder-width: 1024px; --smush-placeholder-aspect-ratio: 1024\/683;\" \/><\/figure>\n","protected":false},"excerpt":{"rendered":"<p>Pi\u0142karze Rakowa Cz\u0119stochowa w meczu 16. kolejki PKO Bank Pa\u0144stwowy Ekstraklasy przegrali niespodziewanie z ostatnim w tabeli Piastem Gliwice i to a\u017c 1:3. Ten<\/p>\n","protected":false},"author":15,"featured_media":144003,"comment_status":"closed","ping_status":"open","sticky":false,"template":"","format":"standard","meta":{"_monsterinsights_skip_tracking":false,"_monsterinsights_sitenote_active":false,"_monsterinsights_sitenote_note":"","_monsterinsights_sitenote_category":0,"_uf_show_specific_survey":0,"_uf_disable_surveys":false,"footnotes":""},"categories":[94,6,5],"tags":[],"class_list":["post-143996","post","type-post","status-publish","format-standard","has-post-thumbnail","hentry","category-polecane","category-pilka-nozna","category-sport"],"_links":{"self":[{"href":"https:\/\/gazetaregionalna.com\/index.php?rest_route=\/wp\/v2\/posts\/143996","targetHints":{"allow":["GET"]}}],"collection":[{"href":"https:\/\/gazetaregionalna.com\/index.php?rest_route=\/wp\/v2\/posts"}],"about":[{"href":"https:\/\/gazetaregionalna.com\/index.php?rest_route=\/wp\/v2\/types\/post"}],"author":[{"embeddable":true,"href":"https:\/\/gazetaregionalna.com\/index.php?rest_route=\/wp\/v2\/users\/15"}],"replies":[{"embeddable":true,"href":"https:\/\/gazetaregionalna.com\/index.php?rest_route=%2Fwp%2Fv2%2Fcomments&post=143996"}],"version-history":[{"count":1,"href":"https:\/\/gazetaregionalna.com\/index.php?rest_route=\/wp\/v2\/posts\/143996\/revisions"}],"predecessor-version":[{"id":144004,"href":"https:\/\/gazetaregionalna.com\/index.php?rest_route=\/wp\/v2\/posts\/143996\/revisions\/144004"}],"wp:featuredmedia":[{"embeddable":true,"href":"https:\/\/gazetaregionalna.com\/index.php?rest_route=\/wp\/v2\/media\/144003"}],"wp:attachment":[{"href":"https:\/\/gazetaregionalna.com\/index.php?rest_route=%2Fwp%2Fv2%2Fmedia&parent=143996"}],"wp:term":[{"taxonomy":"category","embeddable":true,"href":"https:\/\/gazetaregionalna.com\/index.php?rest_route=%2Fwp%2Fv2%2Fcategories&post=143996"},{"taxonomy":"post_tag","embeddable":true,"href":"https:\/\/gazetaregionalna.com\/index.php?rest_route=%2Fwp%2Fv2%2Ftags&post=143996"}],"curies":[{"name":"wp","href":"https:\/\/api.w.org\/{rel}","templated":true}]}}