{"id":143991,"date":"2025-11-22T22:39:11","date_gmt":"2025-11-22T22:39:11","guid":{"rendered":"https:\/\/gazetaregionalna.com\/?p=143991"},"modified":"2025-11-22T22:39:13","modified_gmt":"2025-11-22T22:39:13","slug":"pijany-45-letni-ojciec-opiekowal-sie-czteromiesieczna-corka","status":"publish","type":"post","link":"https:\/\/gazetaregionalna.com\/?p=143991","title":{"rendered":"Pijany 45-letni ojciec &#8222;opiekowa\u0142&#8221; si\u0119 czteromiesi\u0119czn\u0105 c\u00f3rk\u0105. Zatrzyma\u0142a go cz\u0119stochowska policja"},"content":{"rendered":"\n<h2 class=\"wp-block-heading\">Policjanci z Cz\u0119stochowy zatrzymali 45-latka, kt\u00f3ry b\u0119d\u0105c pod wp\u0142ywem alkoholu opiekowa\u0142 si\u0119 czteromiesi\u0119czn\u0105 c\u00f3rk\u0105. Dziecko trafi\u0142o pod opiek\u0119 rodziny, a m\u0119\u017cczyzna zosta\u0142 zatrzymany. <\/h2>\n\n\n\n<p>Do zdarzenia dosz\u0142o 20 listopada oko\u0142o godz. 15.45 przy ulicy Waszyngtona w Cz\u0119stochowie. Przechodz\u0105ca tamt\u0119dy kobieta zwr\u00f3ci\u0142a uwag\u0119 na m\u0119\u017cczyzn\u0119, kt\u00f3rego zachowanie wskazywa\u0142o, \u017ce mo\u017ce znajdowa\u0107 si\u0119 pod wp\u0142ywem alkoholu, a jednocze\u015bnie prowadzi\u0142 on w\u00f3zek z ma\u0142ym dzieckiem. Kobieta podj\u0119\u0142a pr\u00f3b\u0119 rozmowy, jednak m\u0119\u017cczyzna oddala\u0142 si\u0119 z miejsca. Pomimo pr\u00f3\u015bb kierowanych do przechodni\u00f3w o pomoc, nikt nie zareagowa\u0142.<\/p>\n\n\n\n<p>W pobli\u017cu Urz\u0119du Miasta sytuacj\u0119 zauwa\u017cy\u0142o dw\u00f3ch m\u0119\u017cczyzn, kt\u00f3rzy udzielili wsparcia i pomogli zatrzyma\u0107 45-latka. Na miejsce wezwano patrol policji z IV komisariatu. Funkcjonariusze potwierdzili podejrzenia \u015bwiadka. Badanie stanu trze\u017awo\u015bci wykaza\u0142o u m\u0119\u017cczyzny prawie 2,5 promila alkoholu w organizmie. Policjanci ustalili tak\u017ce, \u017ce jest on osob\u0105 poszukiwan\u0105 przez S\u0105d Rejonowy Gda\u0144sk-P\u00f3\u0142noc.<\/p>\n\n\n\n<p>Do czasu przyjazdu zespo\u0142u ratownictwa medycznego czteromiesi\u0119czn\u0105 dziewczynk\u0105 zaj\u0119li si\u0119 interweniuj\u0105cy \u015bwiadkowie. Po ocenie stanu zdrowia ustalono, \u017ce dziecko nie wymaga hospitalizacji. Dziewczynka zosta\u0142a przekazana pod opiek\u0119 babci.<\/p>\n\n\n\n<p>45-letni m\u0119\u017cczyzna zosta\u0142 zatrzymany i trafi do policyjnego aresztu. Policjanci b\u0119d\u0105 ustala\u0107, czy swoim zachowaniem narazi\u0142 dziecko na bezpo\u015brednie niebezpiecze\u0144stwo utraty \u017cycia lub zdrowia. Za takie przest\u0119pstwo grozi kara do 5 lat pozbawienia wolno\u015bci. O sprawie zawiadomiono r\u00f3wnie\u017c s\u0105d rodzinny.<\/p>\n\n\n\n<p><strong>mat. KMP w Cz\u0119stochowie<\/strong><\/p>\n","protected":false},"excerpt":{"rendered":"<p>Policjanci z Cz\u0119stochowy zatrzymali 45-latka, kt\u00f3ry b\u0119d\u0105c pod wp\u0142ywem alkoholu opiekowa\u0142 si\u0119 czteromiesi\u0119czn\u0105 c\u00f3rk\u0105. Dziecko trafi\u0142o pod opiek\u0119 rodziny, a m\u0119\u017cczyzna zosta\u0142 zatrzymany. Do<\/p>\n","protected":false},"author":11,"featured_media":143993,"comment_status":"closed","ping_status":"open","sticky":false,"template":"","format":"standard","meta":{"_monsterinsights_skip_tracking":false,"_monsterinsights_sitenote_active":false,"_monsterinsights_sitenote_note":"","_monsterinsights_sitenote_category":0,"_uf_show_specific_survey":0,"_uf_disable_surveys":false,"footnotes":""},"categories":[3,44,2],"tags":[144,103],"class_list":["post-143991","post","type-post","status-publish","format-standard","has-post-thumbnail","hentry","category-czestochowa-informacje","category-bezpieczenstwo","category-wiadomosci","tag-czestochowa","tag-policja"],"_links":{"self":[{"href":"https:\/\/gazetaregionalna.com\/index.php?rest_route=\/wp\/v2\/posts\/143991","targetHints":{"allow":["GET"]}}],"collection":[{"href":"https:\/\/gazetaregionalna.com\/index.php?rest_route=\/wp\/v2\/posts"}],"about":[{"href":"https:\/\/gazetaregionalna.com\/index.php?rest_route=\/wp\/v2\/types\/post"}],"author":[{"embeddable":true,"href":"https:\/\/gazetaregionalna.com\/index.php?rest_route=\/wp\/v2\/users\/11"}],"replies":[{"embeddable":true,"href":"https:\/\/gazetaregionalna.com\/index.php?rest_route=%2Fwp%2Fv2%2Fcomments&post=143991"}],"version-history":[{"count":1,"href":"https:\/\/gazetaregionalna.com\/index.php?rest_route=\/wp\/v2\/posts\/143991\/revisions"}],"predecessor-version":[{"id":143992,"href":"https:\/\/gazetaregionalna.com\/index.php?rest_route=\/wp\/v2\/posts\/143991\/revisions\/143992"}],"wp:featuredmedia":[{"embeddable":true,"href":"https:\/\/gazetaregionalna.com\/index.php?rest_route=\/wp\/v2\/media\/143993"}],"wp:attachment":[{"href":"https:\/\/gazetaregionalna.com\/index.php?rest_route=%2Fwp%2Fv2%2Fmedia&parent=143991"}],"wp:term":[{"taxonomy":"category","embeddable":true,"href":"https:\/\/gazetaregionalna.com\/index.php?rest_route=%2Fwp%2Fv2%2Fcategories&post=143991"},{"taxonomy":"post_tag","embeddable":true,"href":"https:\/\/gazetaregionalna.com\/index.php?rest_route=%2Fwp%2Fv2%2Ftags&post=143991"}],"curies":[{"name":"wp","href":"https:\/\/api.w.org\/{rel}","templated":true}]}}