{"id":143986,"date":"2025-11-21T15:34:13","date_gmt":"2025-11-21T15:34:13","guid":{"rendered":"https:\/\/gazetaregionalna.com\/?p=143986"},"modified":"2025-11-21T15:34:15","modified_gmt":"2025-11-21T15:34:15","slug":"kiedys-jezdzil-w-czestochowie-ponownie-zalozy-kombinezon-z-lwem-na-piersi","status":"publish","type":"post","link":"https:\/\/gazetaregionalna.com\/?p=143986","title":{"rendered":"Kiedy\u015b je\u017adzi\u0142 w Cz\u0119stochowie. Ponownie za\u0142o\u017cy kombinezon z ,,Lwem&#8221; na piersi&#8230;"},"content":{"rendered":"\n<p>Kiedy\u015b je\u017adzi\u0142 w cz\u0119stochowskim W\u0142\u00f3kniarzu, gdzie by\u0142 czo\u0142owym juniorem w Polsce i na \u015bwiecie. Po kilku latach przerwy ponownie b\u0119dzie \u015bciga\u0142 si\u0119 z ,,Lwem&#8221; na piersi&#8230;<\/p>\n\n\n\n<p>W pi\u0105tek W\u0142\u00f3kniarz Cz\u0119stochowa poinformowa\u0142, \u017ce do klubu powraca Jakub Mi\u015bkowiak. Poni\u017cej przedstawiamy komunikat klubu:<\/p>\n\n\n\n<p>&#8222;Jakub Mi\u015bkowiak\u00a0zwi\u0105za\u0142 si\u0119 z\u00a0KRONO-PLAST W\u0142\u00f3kniarzem\u00a0rocznym kontraktem. Dla sympatycznego \u201eMi\u015bka&#8221; jest to powr\u00f3t do dru\u017cyny Lw\u00f3w. W naszych barwach startowa\u0142 ju\u017c przecie\u017c w latach 2019-2023.<\/p>\n\n\n\n<p>Okres wyst\u0119p\u00f3w Jakuba Mi\u015bkowiaka w Cz\u0119stochowie to zreszt\u0105 najlepszy moment w jego karierze. Z Lwem na piersi wywalczy\u0142 wszak a\u017c 15 medali rangi mistrzostw Polski, w tym 2 br\u0105zowe kr\u0105\u017cki Dru\u017cynowych Mistrzostw Polski (sezony 2019 i 2022). Ponadto w 2021 roku zosta\u0142 Indywidualnym Mistrzem \u015awiata Junior\u00f3w. W tym samym sezonie osi\u0105gn\u0105\u0142 swoj\u0105 najlepsz\u0105 jak do tej pory \u015bredni\u0105 biegopunktow\u0105 na poziomie 1,965. 2026 rok b\u0119dzie pierwszym, w kt\u00f3rym Mi\u015bkowiak, jako kalendarzowy 25-latek, startowa\u0107 b\u0119dzie jako pe\u0142noprawny senior.<\/p>\n\n\n\n<blockquote class=\"wp-block-quote is-layout-flow wp-block-quote-is-layout-flow\">\n<p>\u2013 Jakub Mi\u015bkowiak to zawodnik, kt\u00f3ry przez wiele lat by\u0142 zwi\u0105zany z W\u0142\u00f3kniarzem i bardzo dobrze zna zar\u00f3wno nasz tor, jak i ca\u0142\u0105 klubow\u0105 rzeczywisto\u015b\u0107. W sk\u0142adzie potrzebujemy \u017cu\u017clowc\u00f3w \u0142\u0105cz\u0105cych w sobie kilka istotnych cech \u2013 m\u0142odo\u015b\u0107, ambicj\u0119 i naturaln\u0105 potrzeb\u0119 udowodnienia swojej klasy. Kuba zdecydowanie wpisuje si\u0119 w ten profil. Wierz\u0119, \u017ce w\u0142a\u015bnie we W\u0142\u00f3kniarzu b\u0119dzie mia\u0142 przestrze\u0144, by pokaza\u0107 pe\u0142ni\u0119 swoich mo\u017cliwo\u015bci, i trzymam za niego bardzo mocno kciuki w nadchodz\u0105cym sezonie. Kuba witaj ponownie w Cz\u0119stochowie! \u2013\u00a0powiedzia\u0142 prezes KRONO-PLAST W\u0142\u00f3kniarza Cz\u0119stochowa Jakub Michalski.&#8221;<\/p>\n\n\n\n<p>AK, materia\u0142y prasowe W\u0142\u00f3kniarz Cz\u0119stochowa<\/p>\n\n\n\n<p>Partnerami relacji sportowych s\u0105:<\/p>\n\n\n\n<p>Semex &#8211; Hurtownia budowlana Cz\u0119stochowa <\/p>\n\n\n\n<p>DMK nvest materia\u0142y budowlane Konopiska <\/p>\n\n\n\n<p>Orlikowscy. Pokrycia dachowe i rynny <\/p>\n\n\n\n<p>Invictel &#8211; systemy alarmowe, monitoringi, automatyka do bram, smarthome<\/p>\n\n\n\n<p><\/p>\n\n\n\n<figure class=\"wp-block-image size-large\"><img decoding=\"async\" width=\"1024\" height=\"584\" data-src=\"https:\/\/gazetaregionalna.com\/wp-content\/uploads\/2025\/11\/Semex-jpg-1024x584.jpg\" alt=\"\" class=\"wp-image-143535 lazyload\" data-srcset=\"https:\/\/gazetaregionalna.com\/wp-content\/uploads\/2025\/11\/Semex-jpg-1024x584.jpg 1024w, https:\/\/gazetaregionalna.com\/wp-content\/uploads\/2025\/11\/Semex-jpg-300x171.jpg 300w, https:\/\/gazetaregionalna.com\/wp-content\/uploads\/2025\/11\/Semex-jpg-768x438.jpg 768w, https:\/\/gazetaregionalna.com\/wp-content\/uploads\/2025\/11\/Semex-jpg.jpg 1200w\" data-sizes=\"(max-width: 1024px) 100vw, 1024px\" src=\"data:image\/svg+xml;base64,PHN2ZyB3aWR0aD0iMSIgaGVpZ2h0PSIxIiB4bWxucz0iaHR0cDovL3d3dy53My5vcmcvMjAwMC9zdmciPjwvc3ZnPg==\" style=\"--smush-placeholder-width: 1024px; --smush-placeholder-aspect-ratio: 1024\/584;\" \/><\/figure>\n\n\n\n<figure class=\"wp-block-image size-large\"><img decoding=\"async\" width=\"819\" height=\"1024\" data-src=\"https:\/\/gazetaregionalna.com\/wp-content\/uploads\/2025\/11\/Jakub-Miskowiak-fot-Wlokniarz-Czestochowa-819x1024.jpg\" alt=\"\" class=\"wp-image-143987 lazyload\" data-srcset=\"https:\/\/gazetaregionalna.com\/wp-content\/uploads\/2025\/11\/Jakub-Miskowiak-fot-Wlokniarz-Czestochowa-819x1024.jpg 819w, https:\/\/gazetaregionalna.com\/wp-content\/uploads\/2025\/11\/Jakub-Miskowiak-fot-Wlokniarz-Czestochowa-240x300.jpg 240w, https:\/\/gazetaregionalna.com\/wp-content\/uploads\/2025\/11\/Jakub-Miskowiak-fot-Wlokniarz-Czestochowa-768x960.jpg 768w, https:\/\/gazetaregionalna.com\/wp-content\/uploads\/2025\/11\/Jakub-Miskowiak-fot-Wlokniarz-Czestochowa.jpg 1200w\" data-sizes=\"(max-width: 819px) 100vw, 819px\" src=\"data:image\/svg+xml;base64,PHN2ZyB3aWR0aD0iMSIgaGVpZ2h0PSIxIiB4bWxucz0iaHR0cDovL3d3dy53My5vcmcvMjAwMC9zdmciPjwvc3ZnPg==\" style=\"--smush-placeholder-width: 819px; --smush-placeholder-aspect-ratio: 819\/1024;\" \/><\/figure>\n\n\n\n<figure class=\"wp-block-image size-large\"><img decoding=\"async\" width=\"1024\" height=\"1024\" data-src=\"https:\/\/gazetaregionalna.com\/wp-content\/uploads\/2025\/10\/DMK-12.10.25-2-1024x1024.jpg\" alt=\"\" class=\"wp-image-142121 lazyload\" data-srcset=\"https:\/\/gazetaregionalna.com\/wp-content\/uploads\/2025\/10\/DMK-12.10.25-2-1024x1024.jpg 1024w, https:\/\/gazetaregionalna.com\/wp-content\/uploads\/2025\/10\/DMK-12.10.25-2-300x300.jpg 300w, https:\/\/gazetaregionalna.com\/wp-content\/uploads\/2025\/10\/DMK-12.10.25-2-150x150.jpg 150w, https:\/\/gazetaregionalna.com\/wp-content\/uploads\/2025\/10\/DMK-12.10.25-2-768x768.jpg 768w, https:\/\/gazetaregionalna.com\/wp-content\/uploads\/2025\/10\/DMK-12.10.25-2-215x215.jpg 215w, https:\/\/gazetaregionalna.com\/wp-content\/uploads\/2025\/10\/DMK-12.10.25-2.jpg 1200w\" data-sizes=\"(max-width: 1024px) 100vw, 1024px\" src=\"data:image\/svg+xml;base64,PHN2ZyB3aWR0aD0iMSIgaGVpZ2h0PSIxIiB4bWxucz0iaHR0cDovL3d3dy53My5vcmcvMjAwMC9zdmciPjwvc3ZnPg==\" style=\"--smush-placeholder-width: 1024px; --smush-placeholder-aspect-ratio: 1024\/1024;\" \/><\/figure>\n\n\n\n<figure class=\"wp-block-image size-large\"><img decoding=\"async\" width=\"1024\" height=\"1024\" data-src=\"https:\/\/gazetaregionalna.com\/wp-content\/uploads\/2025\/08\/Orlikowscy-1-1024x1024.jpg\" alt=\"\" class=\"wp-image-140849 lazyload\" data-srcset=\"https:\/\/gazetaregionalna.com\/wp-content\/uploads\/2025\/08\/Orlikowscy-1-1024x1024.jpg 1024w, https:\/\/gazetaregionalna.com\/wp-content\/uploads\/2025\/08\/Orlikowscy-1-300x300.jpg 300w, https:\/\/gazetaregionalna.com\/wp-content\/uploads\/2025\/08\/Orlikowscy-1-150x150.jpg 150w, https:\/\/gazetaregionalna.com\/wp-content\/uploads\/2025\/08\/Orlikowscy-1-768x768.jpg 768w, https:\/\/gazetaregionalna.com\/wp-content\/uploads\/2025\/08\/Orlikowscy-1-215x215.jpg 215w, https:\/\/gazetaregionalna.com\/wp-content\/uploads\/2025\/08\/Orlikowscy-1.jpg 1080w\" data-sizes=\"(max-width: 1024px) 100vw, 1024px\" src=\"data:image\/svg+xml;base64,PHN2ZyB3aWR0aD0iMSIgaGVpZ2h0PSIxIiB4bWxucz0iaHR0cDovL3d3dy53My5vcmcvMjAwMC9zdmciPjwvc3ZnPg==\" style=\"--smush-placeholder-width: 1024px; --smush-placeholder-aspect-ratio: 1024\/1024;\" \/><\/figure>\n\n\n\n<figure class=\"wp-block-image size-full\"><img decoding=\"async\" width=\"715\" height=\"715\" data-src=\"https:\/\/gazetaregionalna.com\/wp-content\/uploads\/2025\/10\/Invictel.jpg\" alt=\"\" class=\"wp-image-141997 lazyload\" data-srcset=\"https:\/\/gazetaregionalna.com\/wp-content\/uploads\/2025\/10\/Invictel.jpg 715w, https:\/\/gazetaregionalna.com\/wp-content\/uploads\/2025\/10\/Invictel-300x300.jpg 300w, https:\/\/gazetaregionalna.com\/wp-content\/uploads\/2025\/10\/Invictel-150x150.jpg 150w, https:\/\/gazetaregionalna.com\/wp-content\/uploads\/2025\/10\/Invictel-215x215.jpg 215w\" data-sizes=\"(max-width: 715px) 100vw, 715px\" src=\"data:image\/svg+xml;base64,PHN2ZyB3aWR0aD0iMSIgaGVpZ2h0PSIxIiB4bWxucz0iaHR0cDovL3d3dy53My5vcmcvMjAwMC9zdmciPjwvc3ZnPg==\" style=\"--smush-placeholder-width: 715px; --smush-placeholder-aspect-ratio: 715\/715;\" \/><\/figure>\n<\/blockquote>\n","protected":false},"excerpt":{"rendered":"<p>Kiedy\u015b je\u017adzi\u0142 w cz\u0119stochowskim W\u0142\u00f3kniarzu, gdzie by\u0142 czo\u0142owym juniorem w Polsce i na \u015bwiecie. Po kilku latach przerwy ponownie b\u0119dzie \u015bciga\u0142 si\u0119 z ,,Lwem&#8221;<\/p>\n","protected":false},"author":15,"featured_media":143987,"comment_status":"closed","ping_status":"open","sticky":false,"template":"","format":"standard","meta":{"_monsterinsights_skip_tracking":false,"_monsterinsights_sitenote_active":false,"_monsterinsights_sitenote_note":"","_monsterinsights_sitenote_category":0,"_uf_show_specific_survey":0,"_uf_disable_surveys":false,"footnotes":""},"categories":[94,5,7],"tags":[],"class_list":["post-143986","post","type-post","status-publish","format-standard","has-post-thumbnail","hentry","category-polecane","category-sport","category-zuzel"],"_links":{"self":[{"href":"https:\/\/gazetaregionalna.com\/index.php?rest_route=\/wp\/v2\/posts\/143986","targetHints":{"allow":["GET"]}}],"collection":[{"href":"https:\/\/gazetaregionalna.com\/index.php?rest_route=\/wp\/v2\/posts"}],"about":[{"href":"https:\/\/gazetaregionalna.com\/index.php?rest_route=\/wp\/v2\/types\/post"}],"author":[{"embeddable":true,"href":"https:\/\/gazetaregionalna.com\/index.php?rest_route=\/wp\/v2\/users\/15"}],"replies":[{"embeddable":true,"href":"https:\/\/gazetaregionalna.com\/index.php?rest_route=%2Fwp%2Fv2%2Fcomments&post=143986"}],"version-history":[{"count":1,"href":"https:\/\/gazetaregionalna.com\/index.php?rest_route=\/wp\/v2\/posts\/143986\/revisions"}],"predecessor-version":[{"id":143988,"href":"https:\/\/gazetaregionalna.com\/index.php?rest_route=\/wp\/v2\/posts\/143986\/revisions\/143988"}],"wp:featuredmedia":[{"embeddable":true,"href":"https:\/\/gazetaregionalna.com\/index.php?rest_route=\/wp\/v2\/media\/143987"}],"wp:attachment":[{"href":"https:\/\/gazetaregionalna.com\/index.php?rest_route=%2Fwp%2Fv2%2Fmedia&parent=143986"}],"wp:term":[{"taxonomy":"category","embeddable":true,"href":"https:\/\/gazetaregionalna.com\/index.php?rest_route=%2Fwp%2Fv2%2Fcategories&post=143986"},{"taxonomy":"post_tag","embeddable":true,"href":"https:\/\/gazetaregionalna.com\/index.php?rest_route=%2Fwp%2Fv2%2Ftags&post=143986"}],"curies":[{"name":"wp","href":"https:\/\/api.w.org\/{rel}","templated":true}]}}