{"id":143971,"date":"2025-11-21T16:15:00","date_gmt":"2025-11-21T16:15:00","guid":{"rendered":"https:\/\/gazetaregionalna.com\/?p=143971"},"modified":"2025-11-21T11:07:06","modified_gmt":"2025-11-21T11:07:06","slug":"czestochowa-zamowila-10-elektrycznych-solarisow-ktore-beda-wozic-mieszkancow","status":"publish","type":"post","link":"https:\/\/gazetaregionalna.com\/?p=143971","title":{"rendered":"Cz\u0119stochowa b\u0119dzie mia\u0142a 10 elektrycznych Solaris\u00f3w, kt\u00f3re b\u0119d\u0105 wozi\u0107 mieszka\u0144c\u00f3w"},"content":{"rendered":"\n<p>5 nowych elektrycznych \u201eprzegubowc\u00f3w\u201d b\u0119dzie je\u017adzi\u0107 jeszcze w 2025 roku, a 5 kolejnych ma trafi\u0107 do ko\u0144ca lutego 2026 roku. Poni\u017cej prezentujemy informacj\u0119 cz\u0119stochowskiego Urz\u0119du Miasta ma temat zakupu nowych autobus\u00f3w:<\/p>\n\n\n\n<p>\u201eJeszcze w tym roku do Cz\u0119stochowy trafi 5 nowych przegubowych elektrycznych Solaris\u00f3w wraz z kompletn\u0105 infrastruktur\u0105 do \u0142adowania, a do ko\u0144ca lutego 2026 roku do\u0142\u0105czy kolejnych 5 autobus\u00f3w.<\/p>\n\n\n\n<p>To efekt umowy, kt\u00f3ra zosta\u0142a zawarta przez Cz\u0119stochow\u0119 w marcu 2025. Dostawa b\u0119dzie jednym z wi\u0119kszych, jednorazowych zakup\u00f3w dla taboru autobusowego MPK w ostatnich latach i najwi\u0119kszym od lat je\u015bli chodzi o nowe fabrycznie autobusy przegubowe.<\/p>\n\n\n\n<p>B\u0119d\u0105 to te\u017c pierwsze w naszym mie\u015bcie zeroemisyjne autobusy 18-metrowe.<\/p>\n\n\n\n<p>Aktualnie w taborze cz\u0119stochowskiego MPK pracuje 19 \u201ekr\u00f3tkich\u201d autobus\u00f3w elektrycznych. Ca\u0142o\u015b\u0107 kontraktu opiewa na ponad 44 mln z\u0142. Zakup jest mo\u017cliwy dzi\u0119ki \u015brodkom unijnym w wysoko\u015bci 35 mln z\u0142 pozyskanym przez miasto na inwestycje w bezemisyjny transport publiczny z Krajowego Planu Odbudowy.<\/p>\n\n\n\n<p>Opr\u00f3cz pojazd\u00f3w i 10 stacjonarnych \u0142adowarek \u2013 umowa obejmuje te\u017c dostaw\u0119 urz\u0105dze\u0144 i narz\u0119dzi diagnostycznych oraz realizacj\u0119 niezb\u0119dnych szkole\u0144.<\/p>\n\n\n\n<p>&#8211; Pracujemy nad tym by cz\u0119stochowska komunikacja miejska by\u0142a konkurencyjnym wyborem w codziennym podr\u00f3\u017cowaniu mieszka\u0144c\u00f3w naszego miasta. Do tego potrzebne s\u0105 du\u017ce inwestycje, tak\u017ce w dalsz\u0105 modernizacj\u0119 taboru \u2013 podkre\u015bla prezydent Cz\u0119stochowy, Krzysztof Matyjaszczyk. &#8211; Dzi\u0119ki realizowanemu zam\u00f3wieniu na nasze ulice wyjad\u0105 nie tylko autobusy przyjazne \u015brodowisku, bo kolejne w pe\u0142ni elektryczne, ale tak\u017ce bardziej pojemne, przegubowe, co zwi\u0119kszy mo\u017cliwo\u015bci przewozowe. Tym samym pozwoli na komfortowy przejazd wi\u0119kszej liczby pasa\u017cer\u00f3w szczeg\u00f3lnie na najmocniej ob\u0142o\u017conych liniach.<\/p>\n\n\n\n<p>W po\u0142owie listopada przedstawiciele Urz\u0119du Miasta Cz\u0119stochowy i cz\u0119stochowskiego MPK przeprowadzili kontrol\u0119 mi\u0119dzyoperacyjn\u0105 produkcji w siedzibie producenta Solaris Bus&amp;Coach. Testowy autobus pomy\u015blnie przeszed\u0142 kontrol\u0119 wraz z jazd\u0105 pr\u00f3bn\u0105 po ulicach Bolechowa. Do ko\u0144ca grudnia tego roku zostanie dostarczone pierwsze 5 pojazd\u00f3w, kt\u00f3re po odbiorach pojawi\u0105 si\u0119 na ulicach naszego miasta.<\/p>\n\n\n\n<p>Przy podpisywaniu umowy wykonawczej z ko\u0144cem marca 2025 roku przedstawiciele producenta zwracali uwag\u0119 na wysokie parametry techniczne, kt\u00f3re b\u0119d\u0105 posiada\u0142y nowe elektryczne przeguby, co wp\u0142ynie zar\u00f3wno na komfort podr\u00f3\u017cowania, jak i kultur\u0119 pracy kierowc\u00f3w. Waldemar Wlaz\u0142o \u2013 regionalny dyrektor ds. sprzeda\u017cy Solaris Bus &amp; Coach &#8211; zapowiada\u0142 w\u00f3wczas, \u017ce nowo\u015bci\u0105 w zam\u00f3wionych przez Cz\u0119stochow\u0119 autobusach b\u0119dzie zaawansowany, inteligentny system bezpiecze\u0144stwa, identyfikuj\u0105cy przeszkody na drodze i zatrzymuj\u0105cy pojazd w przypadku braku stosownej reakcji ze strony kieruj\u0105cego.<\/p>\n\n\n\n<p>Zgodnie z deklaracjami prezesa zarz\u0105du Miejskiego Przedsi\u0119biorstwa Komunikacyjnego S.A. w Cz\u0119stochowie, Mariusza Sikory nowe autobusy zast\u0105pi\u0105 najbardziej wyeksploatowane we flocie MPK Mercedesy Conecto, kt\u00f3re s\u0142u\u017c\u0105 mieszka\u0144com ju\u017c blisko 20 lat.<\/p>\n\n\n\n<p>Nowe autobusy b\u0119d\u0105 \u201eprzegubowcami\u201d o d\u0142ugo\u015bci 18 metr\u00f3w ze 118 miejscami dla pasa\u017cer\u00f3w, w tym 41 miejsc siedz\u0105cych. 12 miejsc siedz\u0105cych b\u0119dzie dost\u0119pnych z poziomu niskiej pod\u0142ogi (a 4 z nich maj\u0105 by\u0107 przeznaczone dla os\u00f3b o obni\u017conej sprawno\u015bci ruchowej). B\u0119d\u0105 wyposa\u017cone w silniki o mocy 240 kW i maj\u0105 mo\u017cliwo\u015b\u0107 odzysku energii elektrycznej podczas hamowania autobusu dla potrzeb \u0142adowania magazynu energii oraz funkcj\u0119 ograniczenia pr\u0119dko\u015bci do 70 km\/h.\u201d<\/p>\n\n\n\n<p>MR-K, materia\u0142y prasowe UM Cz\u0119stochowy<\/p>\n","protected":false},"excerpt":{"rendered":"<p>5 nowych elektrycznych \u201eprzegubowc\u00f3w\u201d b\u0119dzie je\u017adzi\u0107 jeszcze w 2025 roku, a 5 kolejnych ma trafi\u0107 do ko\u0144ca lutego 2026 roku. Poni\u017cej prezentujemy informacj\u0119 cz\u0119stochowskiego<\/p>\n","protected":false},"author":25,"featured_media":143972,"comment_status":"closed","ping_status":"open","sticky":false,"template":"","format":"standard","meta":{"_monsterinsights_skip_tracking":false,"_monsterinsights_sitenote_active":false,"_monsterinsights_sitenote_note":"","_monsterinsights_sitenote_category":0,"_uf_show_specific_survey":0,"_uf_disable_surveys":false,"footnotes":""},"categories":[94,3,2],"tags":[],"class_list":["post-143971","post","type-post","status-publish","format-standard","has-post-thumbnail","hentry","category-polecane","category-czestochowa-informacje","category-wiadomosci"],"_links":{"self":[{"href":"https:\/\/gazetaregionalna.com\/index.php?rest_route=\/wp\/v2\/posts\/143971","targetHints":{"allow":["GET"]}}],"collection":[{"href":"https:\/\/gazetaregionalna.com\/index.php?rest_route=\/wp\/v2\/posts"}],"about":[{"href":"https:\/\/gazetaregionalna.com\/index.php?rest_route=\/wp\/v2\/types\/post"}],"author":[{"embeddable":true,"href":"https:\/\/gazetaregionalna.com\/index.php?rest_route=\/wp\/v2\/users\/25"}],"replies":[{"embeddable":true,"href":"https:\/\/gazetaregionalna.com\/index.php?rest_route=%2Fwp%2Fv2%2Fcomments&post=143971"}],"version-history":[{"count":2,"href":"https:\/\/gazetaregionalna.com\/index.php?rest_route=\/wp\/v2\/posts\/143971\/revisions"}],"predecessor-version":[{"id":143974,"href":"https:\/\/gazetaregionalna.com\/index.php?rest_route=\/wp\/v2\/posts\/143971\/revisions\/143974"}],"wp:featuredmedia":[{"embeddable":true,"href":"https:\/\/gazetaregionalna.com\/index.php?rest_route=\/wp\/v2\/media\/143972"}],"wp:attachment":[{"href":"https:\/\/gazetaregionalna.com\/index.php?rest_route=%2Fwp%2Fv2%2Fmedia&parent=143971"}],"wp:term":[{"taxonomy":"category","embeddable":true,"href":"https:\/\/gazetaregionalna.com\/index.php?rest_route=%2Fwp%2Fv2%2Fcategories&post=143971"},{"taxonomy":"post_tag","embeddable":true,"href":"https:\/\/gazetaregionalna.com\/index.php?rest_route=%2Fwp%2Fv2%2Ftags&post=143971"}],"curies":[{"name":"wp","href":"https:\/\/api.w.org\/{rel}","templated":true}]}}