{"id":143747,"date":"2025-11-16T23:07:07","date_gmt":"2025-11-16T23:07:07","guid":{"rendered":"https:\/\/gazetaregionalna.com\/?p=143747"},"modified":"2025-11-16T23:07:08","modified_gmt":"2025-11-16T23:07:08","slug":"andrzejki-czestochowski-teatr-ma-propozycje","status":"publish","type":"post","link":"https:\/\/gazetaregionalna.com\/?p=143747","title":{"rendered":"Szukasz pomys\u0142u na Andrzejki? Cz\u0119stochowski teatr ma propozycj\u0119!"},"content":{"rendered":"\n<h2 class=\"wp-block-heading\">Teatr im. A. Mickiewicza zach\u0119ca, by tegoroczne Andrzejki sp\u0119dzi\u0107 komediowo. 29 listopada zaprasza bowiem na spektakl &#8222;Ostra jazda&#8221;.<\/h2>\n\n\n\n<p>&#8222;Ostra jazda&#8221; to uwielbiana przez cz\u0119stochowsk\u0105 publiczno\u015b\u0107 farsa o\u2026 delikatnym zabarwieniu erotycznym. Spektakl zrealizowa\u0142 aktor, re\u017cyser, za\u0142o\u017cyciel i dyrektor kompani teatralnej\u00a0<em>Atlas Stage<\/em>\u00a0<em>Productions Canada<\/em>\u00a0\u00a0Miros\u0142aw Po\u0142aty\u0144ski.<\/p>\n\n\n\n<figure class=\"wp-block-image size-full\"><img decoding=\"async\" width=\"1000\" height=\"668\" data-src=\"https:\/\/gazetaregionalna.com\/wp-content\/uploads\/2025\/11\/8dc8f204a5db3abae13dfa8939aa564c.jpg\" alt=\"\" class=\"wp-image-143750 lazyload\" data-srcset=\"https:\/\/gazetaregionalna.com\/wp-content\/uploads\/2025\/11\/8dc8f204a5db3abae13dfa8939aa564c.jpg 1000w, https:\/\/gazetaregionalna.com\/wp-content\/uploads\/2025\/11\/8dc8f204a5db3abae13dfa8939aa564c-300x200.jpg 300w, https:\/\/gazetaregionalna.com\/wp-content\/uploads\/2025\/11\/8dc8f204a5db3abae13dfa8939aa564c-768x513.jpg 768w\" data-sizes=\"(max-width: 1000px) 100vw, 1000px\" src=\"data:image\/svg+xml;base64,PHN2ZyB3aWR0aD0iMSIgaGVpZ2h0PSIxIiB4bWxucz0iaHR0cDovL3d3dy53My5vcmcvMjAwMC9zdmciPjwvc3ZnPg==\" style=\"--smush-placeholder-width: 1000px; --smush-placeholder-aspect-ratio: 1000\/668;\" \/><figcaption class=\"wp-element-caption\">&#8222;Ostra jazda&#8221; &#8211; fot. P. D\u0142ubak<\/figcaption><\/figure>\n\n\n\n<p>Co robi\u0105 bohaterowie \u201eOstrej jazdy\u201d, kt\u00f3rzy z\u00a0dnia na dzie\u0144 utracili prac\u0119? Postanawiaj\u0105 i\u015b\u0107 na skr\u00f3ty. Nie chc\u0105 walczy\u0107 o now\u0105 posad\u0119 i czeka\u0107 miesi\u0105cami na zatrudnienie. Sami wymy\u015blaj\u0105 sobie zaj\u0119cie! Wpadaj\u0105 na karko\u0142omny i dosy\u0107 niebezpieczny pomys\u0142 \u2013 postanawiaj\u0105 zrealizowa\u0107\u2026 film erotyczny. Wszystko wydaje si\u0119 proste: trzeba tylko zatrudni\u0107 odpowiednich \u201eaktor\u00f3w\u201d i ruszy\u0107 z produkcj\u0105, kt\u00f3ra przysporzy im mn\u00f3stwo pieni\u0119dzy! Wszystko zaplanowane jest w szczeg\u00f3\u0142ach\u2026 ale jak to w farsach bywa, sytuacja szybko wymyka si\u0119 spod kontroli i bardzo komplikuje. A to z kolei powoduje mn\u00f3stwo \u015bmiesznych sytuacji i zabawnych qui pro quo.<\/p>\n\n\n\n<figure class=\"wp-block-image size-full\"><img decoding=\"async\" width=\"1000\" height=\"668\" data-src=\"https:\/\/gazetaregionalna.com\/wp-content\/uploads\/2025\/11\/a569b9f6fea5ceade068a9d270a8a8e8.jpg\" alt=\"\" class=\"wp-image-143751 lazyload\" data-srcset=\"https:\/\/gazetaregionalna.com\/wp-content\/uploads\/2025\/11\/a569b9f6fea5ceade068a9d270a8a8e8.jpg 1000w, https:\/\/gazetaregionalna.com\/wp-content\/uploads\/2025\/11\/a569b9f6fea5ceade068a9d270a8a8e8-300x200.jpg 300w, https:\/\/gazetaregionalna.com\/wp-content\/uploads\/2025\/11\/a569b9f6fea5ceade068a9d270a8a8e8-768x513.jpg 768w\" data-sizes=\"(max-width: 1000px) 100vw, 1000px\" src=\"data:image\/svg+xml;base64,PHN2ZyB3aWR0aD0iMSIgaGVpZ2h0PSIxIiB4bWxucz0iaHR0cDovL3d3dy53My5vcmcvMjAwMC9zdmciPjwvc3ZnPg==\" style=\"--smush-placeholder-width: 1000px; --smush-placeholder-aspect-ratio: 1000\/668;\" \/><figcaption class=\"wp-element-caption\">&#8222;Ostra jazda&#8221; &#8211; fot. P. D\u0142ubak<\/figcaption><\/figure>\n\n\n\n<p>Jak zako\u0144czy si\u0119 spotkanie bohater\u00f3w \u201eOstrej jazdy\u201d z kinem nie do ko\u0144ca familijnym dowiedz\u0105 si\u0119 widzowie, kt\u00f3rzy zdecyduj\u0105 si\u0119 sp\u0119dzi\u0107 Andrzejki w teatrze. <\/p>\n\n\n\n<p>29 listopada o godz. 19 na cz\u0119stochowskiej scenie wyst\u0105pi\u0105: Agata Ochota-Hutyra, Adam Hutyra, Sylwia Oksiuta-Warmus, Bartosz Kope\u0107 i Antoni Rot (zamiennie Micha\u0142 Kula).<\/p>\n\n\n\n<figure class=\"wp-block-image size-full\"><img decoding=\"async\" width=\"1000\" height=\"668\" data-src=\"https:\/\/gazetaregionalna.com\/wp-content\/uploads\/2025\/11\/2e4ebb70e02724cfc8a0946e93da1eae.jpg\" alt=\"\" class=\"wp-image-143752 lazyload\" data-srcset=\"https:\/\/gazetaregionalna.com\/wp-content\/uploads\/2025\/11\/2e4ebb70e02724cfc8a0946e93da1eae.jpg 1000w, https:\/\/gazetaregionalna.com\/wp-content\/uploads\/2025\/11\/2e4ebb70e02724cfc8a0946e93da1eae-300x200.jpg 300w, https:\/\/gazetaregionalna.com\/wp-content\/uploads\/2025\/11\/2e4ebb70e02724cfc8a0946e93da1eae-768x513.jpg 768w\" data-sizes=\"(max-width: 1000px) 100vw, 1000px\" src=\"data:image\/svg+xml;base64,PHN2ZyB3aWR0aD0iMSIgaGVpZ2h0PSIxIiB4bWxucz0iaHR0cDovL3d3dy53My5vcmcvMjAwMC9zdmciPjwvc3ZnPg==\" style=\"--smush-placeholder-width: 1000px; --smush-placeholder-aspect-ratio: 1000\/668;\" \/><figcaption class=\"wp-element-caption\">&#8222;Ostra jazda&#8221; &#8211; fot. P. D\u0142ubak<\/figcaption><\/figure>\n\n\n\n<p>Bilety na parter kosztuj\u0105 70 z\u0142 (normalne) i 65 z\u0142 (ulgowe),a na balkon &#8211; 65 z\u0142 (normalne) i 60 z\u0142 (ulgowe). O bilety mo\u017cna pyta\u0107 w kasie teatru. Sprzeda\u017c prowadzona jest te\u017c on-line <a href=\"https:\/\/www.teatr-mickiewicza.pl\/spektakl,repertuar#jump\" target=\"_blank\" rel=\"noopener\">www.teatr-mickiewicza.pl<\/a><\/p>\n\n\n\n<p>Spektakl dla widz\u00f3w powy\u017cej 16. roku \u017cycia. Uwaga: &#8222;Ostra jazda&#8221; grana b\u0119dzie r\u00f3wnie\u017c 30 listopada o godz. 19.<\/p>\n\n\n\n<p><strong>red.<\/strong><\/p>\n","protected":false},"excerpt":{"rendered":"<p>Teatr im. A. Mickiewicza zach\u0119ca, by tegoroczne Andrzejki sp\u0119dzi\u0107 komediowo. 29 listopada zaprasza bowiem na spektakl &#8222;Ostra jazda&#8221;. &#8222;Ostra jazda&#8221; to uwielbiana przez cz\u0119stochowsk\u0105<\/p>\n","protected":false},"author":11,"featured_media":143749,"comment_status":"closed","ping_status":"open","sticky":false,"template":"","format":"standard","meta":{"_monsterinsights_skip_tracking":false,"_monsterinsights_sitenote_active":false,"_monsterinsights_sitenote_note":"","_monsterinsights_sitenote_category":0,"_uf_show_specific_survey":0,"_uf_disable_surveys":false,"footnotes":""},"categories":[12,3,2],"tags":[3549,10192,9450,255],"class_list":["post-143747","post","type-post","status-publish","format-standard","has-post-thumbnail","hentry","category-kultura-i-rozrywka","category-czestochowa-informacje","category-wiadomosci","tag-andrzejki","tag-farsa","tag-ostra-jazda","tag-teatr-im-adama-mickiewicza-w-czestochowie"],"_links":{"self":[{"href":"https:\/\/gazetaregionalna.com\/index.php?rest_route=\/wp\/v2\/posts\/143747","targetHints":{"allow":["GET"]}}],"collection":[{"href":"https:\/\/gazetaregionalna.com\/index.php?rest_route=\/wp\/v2\/posts"}],"about":[{"href":"https:\/\/gazetaregionalna.com\/index.php?rest_route=\/wp\/v2\/types\/post"}],"author":[{"embeddable":true,"href":"https:\/\/gazetaregionalna.com\/index.php?rest_route=\/wp\/v2\/users\/11"}],"replies":[{"embeddable":true,"href":"https:\/\/gazetaregionalna.com\/index.php?rest_route=%2Fwp%2Fv2%2Fcomments&post=143747"}],"version-history":[{"count":2,"href":"https:\/\/gazetaregionalna.com\/index.php?rest_route=\/wp\/v2\/posts\/143747\/revisions"}],"predecessor-version":[{"id":143753,"href":"https:\/\/gazetaregionalna.com\/index.php?rest_route=\/wp\/v2\/posts\/143747\/revisions\/143753"}],"wp:featuredmedia":[{"embeddable":true,"href":"https:\/\/gazetaregionalna.com\/index.php?rest_route=\/wp\/v2\/media\/143749"}],"wp:attachment":[{"href":"https:\/\/gazetaregionalna.com\/index.php?rest_route=%2Fwp%2Fv2%2Fmedia&parent=143747"}],"wp:term":[{"taxonomy":"category","embeddable":true,"href":"https:\/\/gazetaregionalna.com\/index.php?rest_route=%2Fwp%2Fv2%2Fcategories&post=143747"},{"taxonomy":"post_tag","embeddable":true,"href":"https:\/\/gazetaregionalna.com\/index.php?rest_route=%2Fwp%2Fv2%2Ftags&post=143747"}],"curies":[{"name":"wp","href":"https:\/\/api.w.org\/{rel}","templated":true}]}}