{"id":143740,"date":"2025-11-16T22:44:42","date_gmt":"2025-11-16T22:44:42","guid":{"rendered":"https:\/\/gazetaregionalna.com\/?p=143740"},"modified":"2025-11-16T22:45:25","modified_gmt":"2025-11-16T22:45:25","slug":"czestochowa-trzy-dni-z-halina-poswiatowska","status":"publish","type":"post","link":"https:\/\/gazetaregionalna.com\/?p=143740","title":{"rendered":"Cz\u0119stochowa. Trzy dni z Halin\u0105 Po\u015bwiatowsk\u0105"},"content":{"rendered":"\n<h2 class=\"wp-block-heading\">W Cz\u0119stochowie czeka nas \u015bwi\u0119to poezji i muzyki. Regionalny O\u015brodek Kultury zaprasza na wydarzenia, kt\u00f3rym patronuje Halina Po\u015bwiatowska. <\/h2>\n\n\n\n<p>W tym roku Regionalny O\u015brodek Kultury w Cz\u0119stochowie \u015bwi\u0119tuje 70-lecie dzia\u0142alno\u015bci. Jednym z niezwykle wa\u017cnych wydarze\u0144 roku jubileuszowego jest Og\u00f3lnopolski Konkurs Poetycki im. Haliny Po\u015bwiatowskiej. Tegoroczna edycja jest ju\u017c 46. z kolei, a odbywa si\u0119 w roku 90. rocznicy urodzin s\u0142ynnej poetki. <\/p>\n\n\n\n<p>Konkursowi towarzyszy 11. Og\u00f3lnopolski Konkurs Poezji \u015apiewanej. Jego fina\u0142 zaplanowano na czwartek, 20 listopada na godz. 17 w sali kameralnej Filharmonii Cz\u0119stochowskiej. Og\u0142oszenie wynik\u00f3w u\u015bwietni wyst\u0119p Agaty \u015alazyk z programem \u201eGdzie\u015b na ulicy nienazwanej\u201d \u2013 pie\u015bniami Piwnicy pod Baranami.\u00a0<\/p>\n\n\n\n<p>Natomiast w pi\u0105tek, 21 listopada r\u00f3wnie\u017c o godz. 17 w siedzibie ROK-u przy ul. Ogi\u0144skiego 13a odb\u0119dzie si\u0119 koncert wype\u0142niony balladami Leonarda Cohena w wykonaniu wokalistki El\u017cbiety D\u0119bskiej oraz gitarzysty Huberta Radoszko.<\/p>\n\n\n\n<figure class=\"wp-block-image size-large\"><img decoding=\"async\" width=\"725\" height=\"1024\" data-src=\"https:\/\/gazetaregionalna.com\/wp-content\/uploads\/2025\/11\/Plakat-20-21-22.11.2025-725x1024.jpg\" alt=\"\" class=\"wp-image-143741 lazyload\" data-srcset=\"https:\/\/gazetaregionalna.com\/wp-content\/uploads\/2025\/11\/Plakat-20-21-22.11.2025-725x1024.jpg 725w, https:\/\/gazetaregionalna.com\/wp-content\/uploads\/2025\/11\/Plakat-20-21-22.11.2025-212x300.jpg 212w, https:\/\/gazetaregionalna.com\/wp-content\/uploads\/2025\/11\/Plakat-20-21-22.11.2025-768x1085.jpg 768w, https:\/\/gazetaregionalna.com\/wp-content\/uploads\/2025\/11\/Plakat-20-21-22.11.2025-1087x1536.jpg 1087w, https:\/\/gazetaregionalna.com\/wp-content\/uploads\/2025\/11\/Plakat-20-21-22.11.2025-scaled.jpg 1132w\" data-sizes=\"(max-width: 725px) 100vw, 725px\" src=\"data:image\/svg+xml;base64,PHN2ZyB3aWR0aD0iMSIgaGVpZ2h0PSIxIiB4bWxucz0iaHR0cDovL3d3dy53My5vcmcvMjAwMC9zdmciPjwvc3ZnPg==\" style=\"--smush-placeholder-width: 725px; --smush-placeholder-aspect-ratio: 725\/1024;\" \/><\/figure>\n\n\n\n<p>Na fina\u0142 trzydniowego \u015bwi\u0119ta poezji, w sobot\u0119, 22 listopada (zn\u00f3w o godz. 17) ponownie spotkamy si\u0119 w Filharmonii Cz\u0119stochowskiej, tym razem w sali koncertowej, gdzie nast\u0105pi uroczyste wr\u0119czenie nagr\u00f3d laureatom 46. Og\u00f3lnopolskiego Konkursu Poetyckiego im. Haliny Po\u015bwiatowskiej. Wydarzenie zwie\u0144czy koncert Olgi Bo\u0144czyk \u201ePiosenka dobra na wszystko\u201d z towarzyszeniem Orkiestry Symfonicznej Filharmonii Cz\u0119stochowskiej.<br><br>Bezp\u0142atne wej\u015bci\u00f3wki na pierwsze dwa dni dost\u0119pne s\u0105 w sekretariacie Regionalnego O\u015brodka Kultury przy ul. Ogi\u0144skiego 13a od 17 listopada. Z kolei na sobotni koncert obowi\u0105zuj\u0105 bilety. Mo\u017cna je kupi\u0107 w kasie Filharmonii Cz\u0119stochowskiej oraz on-line. Szczeg\u00f3\u0142y: <a href=\"https:\/\/rok.czestochowa.pl\/\" target=\"_blank\" rel=\"noopener\">rok.czestochowa.pl.<\/a><\/p>\n\n\n\n<p><strong>red., mat. ROK<\/strong><\/p>\n\n\n\n<p>Czytaj tak\u017ce: <strong><a href=\"https:\/\/gazetaregionalna.com\/malgorzata-majer-setowska-rozmowa\/\">Ma\u0142gorzata Majer-S\u0119towska: Nie mo\u017cna ju\u017c obni\u017cy\u0107 lot\u00f3w, trzeba si\u0119 wzbija\u0107 coraz wy\u017cej [ROZMOWA]<\/a><\/strong><\/p>\n","protected":false},"excerpt":{"rendered":"<p>W Cz\u0119stochowie czeka nas \u015bwi\u0119to poezji i muzyki. Regionalny O\u015brodek Kultury zaprasza na wydarzenia, kt\u00f3rym patronuje Halina Po\u015bwiatowska. W tym roku Regionalny O\u015brodek Kultury<\/p>\n","protected":false},"author":11,"featured_media":143745,"comment_status":"closed","ping_status":"open","sticky":false,"template":"","format":"standard","meta":{"_monsterinsights_skip_tracking":false,"_monsterinsights_sitenote_active":false,"_monsterinsights_sitenote_note":"","_monsterinsights_sitenote_category":0,"_uf_show_specific_survey":0,"_uf_disable_surveys":false,"footnotes":""},"categories":[12,3,94,2],"tags":[144,352,4108,89,2251,1705],"class_list":["post-143740","post","type-post","status-publish","format-standard","has-post-thumbnail","hentry","category-kultura-i-rozrywka","category-czestochowa-informacje","category-polecane","category-wiadomosci","tag-czestochowa","tag-filharmonia-czestochowska","tag-halina-poswiatowska","tag-konkurs","tag-poezja","tag-regionalny-osrodek-kultury"],"_links":{"self":[{"href":"https:\/\/gazetaregionalna.com\/index.php?rest_route=\/wp\/v2\/posts\/143740","targetHints":{"allow":["GET"]}}],"collection":[{"href":"https:\/\/gazetaregionalna.com\/index.php?rest_route=\/wp\/v2\/posts"}],"about":[{"href":"https:\/\/gazetaregionalna.com\/index.php?rest_route=\/wp\/v2\/types\/post"}],"author":[{"embeddable":true,"href":"https:\/\/gazetaregionalna.com\/index.php?rest_route=\/wp\/v2\/users\/11"}],"replies":[{"embeddable":true,"href":"https:\/\/gazetaregionalna.com\/index.php?rest_route=%2Fwp%2Fv2%2Fcomments&post=143740"}],"version-history":[{"count":4,"href":"https:\/\/gazetaregionalna.com\/index.php?rest_route=\/wp\/v2\/posts\/143740\/revisions"}],"predecessor-version":[{"id":143746,"href":"https:\/\/gazetaregionalna.com\/index.php?rest_route=\/wp\/v2\/posts\/143740\/revisions\/143746"}],"wp:featuredmedia":[{"embeddable":true,"href":"https:\/\/gazetaregionalna.com\/index.php?rest_route=\/wp\/v2\/media\/143745"}],"wp:attachment":[{"href":"https:\/\/gazetaregionalna.com\/index.php?rest_route=%2Fwp%2Fv2%2Fmedia&parent=143740"}],"wp:term":[{"taxonomy":"category","embeddable":true,"href":"https:\/\/gazetaregionalna.com\/index.php?rest_route=%2Fwp%2Fv2%2Fcategories&post=143740"},{"taxonomy":"post_tag","embeddable":true,"href":"https:\/\/gazetaregionalna.com\/index.php?rest_route=%2Fwp%2Fv2%2Ftags&post=143740"}],"curies":[{"name":"wp","href":"https:\/\/api.w.org\/{rel}","templated":true}]}}