{"id":143705,"date":"2025-11-15T10:24:31","date_gmt":"2025-11-15T10:24:31","guid":{"rendered":"https:\/\/gazetaregionalna.com\/?p=143705"},"modified":"2025-11-15T10:28:32","modified_gmt":"2025-11-15T10:28:32","slug":"wernisaz-bombkowa-historia-czestochowy","status":"publish","type":"post","link":"https:\/\/gazetaregionalna.com\/?p=143705","title":{"rendered":"Wernisa\u017c wystawy \u201eBOMBkOWA historia Cz\u0119stochowy\u201d"},"content":{"rendered":"\n<h2 class=\"wp-block-heading\">W sobot\u0119, 15 listopada o godz. 16 w Ratuszu odb\u0119dzie si\u0119 wernisa\u017c wystawy \u201eBOMBkOWA historia Cz\u0119stochowy\u201d. To najnowsza propozycja Muzeum Cz\u0119stochowskiego.<\/h2>\n\n\n\n<p>Ekspozycja jest efektem dwuletnich bada\u0144 nad produkcj\u0105 szklanych ozd\u00f3b choinkowych w Cz\u0119stochowie w latach 1940-2024. W Muzeum Cz\u0119stochowskim zaprezentowane zostan\u0105 udost\u0119pnione przez firmy bior\u0105ce udzia\u0142 w przedsi\u0119wzi\u0119ciu modernistyczne szklane ozdoby choinkowe. Zwiedzaj\u0105cy b\u0119d\u0105 mieli r\u00f3wnie\u017c okazj\u0119 ujrzenia procesu ich powstawania \u2013 od wst\u0119pnego projektu po sam efekt.<\/p>\n\n\n\n<figure class=\"wp-block-image size-full\"><img decoding=\"async\" width=\"658\" height=\"345\" data-src=\"https:\/\/gazetaregionalna.com\/wp-content\/uploads\/2025\/11\/85951.jpg\" alt=\"\" class=\"wp-image-143708 lazyload\" data-srcset=\"https:\/\/gazetaregionalna.com\/wp-content\/uploads\/2025\/11\/85951.jpg 658w, https:\/\/gazetaregionalna.com\/wp-content\/uploads\/2025\/11\/85951-300x157.jpg 300w\" data-sizes=\"(max-width: 658px) 100vw, 658px\" src=\"data:image\/svg+xml;base64,PHN2ZyB3aWR0aD0iMSIgaGVpZ2h0PSIxIiB4bWxucz0iaHR0cDovL3d3dy53My5vcmcvMjAwMC9zdmciPjwvc3ZnPg==\" style=\"--smush-placeholder-width: 658px; --smush-placeholder-aspect-ratio: 658\/345;\" \/><\/figure>\n\n\n\n<p>Wystawa ma na celu eksponowanie bombki jako charakterystycznego produktu rzemie\u015blniczego, osadzonego w zmieniaj\u0105cych si\u0119 realiach historycznych i gospodarczych.<\/p>\n\n\n\n<p>\u201eBOMBkOWEJ historii Cz\u0119stochowy\u201d towarzyszy\u0107 b\u0119dzie publikacja popularnonaukowa, w kt\u00f3rej prze\u015bledzone zostan\u0105 losy tej \u015bwi\u0105tecznej ozdoby w cz\u0119stochowskich sp\u00f3\u0142dzielniach pracy oraz jej \u201cwchodzenie\u201d do sektora dzia\u0142alno\u015bci prywatnej.<\/p>\n\n\n\n<figure class=\"wp-block-image size-large\"><img decoding=\"async\" width=\"576\" height=\"1024\" data-src=\"https:\/\/gazetaregionalna.com\/wp-content\/uploads\/2025\/11\/575176766_1379747637486551_2906093908533677236_n-576x1024.jpg\" alt=\"\" class=\"wp-image-143706 lazyload\" data-srcset=\"https:\/\/gazetaregionalna.com\/wp-content\/uploads\/2025\/11\/575176766_1379747637486551_2906093908533677236_n-576x1024.jpg 576w, https:\/\/gazetaregionalna.com\/wp-content\/uploads\/2025\/11\/575176766_1379747637486551_2906093908533677236_n-169x300.jpg 169w, https:\/\/gazetaregionalna.com\/wp-content\/uploads\/2025\/11\/575176766_1379747637486551_2906093908533677236_n-768x1365.jpg 768w, https:\/\/gazetaregionalna.com\/wp-content\/uploads\/2025\/11\/575176766_1379747637486551_2906093908533677236_n-864x1536.jpg 864w, https:\/\/gazetaregionalna.com\/wp-content\/uploads\/2025\/11\/575176766_1379747637486551_2906093908533677236_n-scaled.jpg 900w\" data-sizes=\"(max-width: 576px) 100vw, 576px\" src=\"data:image\/svg+xml;base64,PHN2ZyB3aWR0aD0iMSIgaGVpZ2h0PSIxIiB4bWxucz0iaHR0cDovL3d3dy53My5vcmcvMjAwMC9zdmciPjwvc3ZnPg==\" style=\"--smush-placeholder-width: 576px; --smush-placeholder-aspect-ratio: 576\/1024;\" \/><figcaption class=\"wp-element-caption\">Fot. Przemys\u0142aw Januszko<\/figcaption><\/figure>\n\n\n\n<p>Wernisa\u017c odb\u0119dzie si\u0119 w sobot\u0119, 15 listopada o godz. 16 w Ratuszu. Wystawa potrwa do 29 marca 2026 roku.<\/p>\n\n\n\n<p>Wydarzenie dofinansowano ze \u015brodk\u00f3w Ministra Kultury i Dziedzictwa Narodowego pochodz\u0105cych z Funduszu Promocji Kultury \u2013 pa\u0144stwowego funduszu celowego.<\/p>\n\n\n\n<p>Szczeg\u00f3\u0142y: <a href=\"https:\/\/www.muzeumczestochowa.pl\/\" target=\"_blank\" rel=\"noopener\">www.muzeumczestochowa.pl<\/a><\/p>\n\n\n\n<p><strong>mat. muzeum<\/strong><\/p>\n","protected":false},"excerpt":{"rendered":"<p>W sobot\u0119, 15 listopada o godz. 16 w Ratuszu odb\u0119dzie si\u0119 wernisa\u017c wystawy \u201eBOMBkOWA historia Cz\u0119stochowy\u201d. To najnowsza propozycja Muzeum Cz\u0119stochowskiego. Ekspozycja jest efektem<\/p>\n","protected":false},"author":11,"featured_media":143707,"comment_status":"closed","ping_status":"open","sticky":false,"template":"","format":"standard","meta":{"_monsterinsights_skip_tracking":false,"_monsterinsights_sitenote_active":false,"_monsterinsights_sitenote_note":"","_monsterinsights_sitenote_category":0,"_uf_show_specific_survey":0,"_uf_disable_surveys":false,"footnotes":""},"categories":[12,3,2],"tags":[144,136,1467,187],"class_list":["post-143705","post","type-post","status-publish","format-standard","has-post-thumbnail","hentry","category-kultura-i-rozrywka","category-czestochowa-informacje","category-wiadomosci","tag-czestochowa","tag-muzeum-czestochowskie","tag-wernisaz","tag-wystawa"],"_links":{"self":[{"href":"https:\/\/gazetaregionalna.com\/index.php?rest_route=\/wp\/v2\/posts\/143705","targetHints":{"allow":["GET"]}}],"collection":[{"href":"https:\/\/gazetaregionalna.com\/index.php?rest_route=\/wp\/v2\/posts"}],"about":[{"href":"https:\/\/gazetaregionalna.com\/index.php?rest_route=\/wp\/v2\/types\/post"}],"author":[{"embeddable":true,"href":"https:\/\/gazetaregionalna.com\/index.php?rest_route=\/wp\/v2\/users\/11"}],"replies":[{"embeddable":true,"href":"https:\/\/gazetaregionalna.com\/index.php?rest_route=%2Fwp%2Fv2%2Fcomments&post=143705"}],"version-history":[{"count":2,"href":"https:\/\/gazetaregionalna.com\/index.php?rest_route=\/wp\/v2\/posts\/143705\/revisions"}],"predecessor-version":[{"id":143710,"href":"https:\/\/gazetaregionalna.com\/index.php?rest_route=\/wp\/v2\/posts\/143705\/revisions\/143710"}],"wp:featuredmedia":[{"embeddable":true,"href":"https:\/\/gazetaregionalna.com\/index.php?rest_route=\/wp\/v2\/media\/143707"}],"wp:attachment":[{"href":"https:\/\/gazetaregionalna.com\/index.php?rest_route=%2Fwp%2Fv2%2Fmedia&parent=143705"}],"wp:term":[{"taxonomy":"category","embeddable":true,"href":"https:\/\/gazetaregionalna.com\/index.php?rest_route=%2Fwp%2Fv2%2Fcategories&post=143705"},{"taxonomy":"post_tag","embeddable":true,"href":"https:\/\/gazetaregionalna.com\/index.php?rest_route=%2Fwp%2Fv2%2Ftags&post=143705"}],"curies":[{"name":"wp","href":"https:\/\/api.w.org\/{rel}","templated":true}]}}