{"id":143584,"date":"2025-11-11T21:36:25","date_gmt":"2025-11-11T21:36:25","guid":{"rendered":"https:\/\/gazetaregionalna.com\/?p=143584"},"modified":"2025-11-11T21:37:00","modified_gmt":"2025-11-11T21:37:00","slug":"video-ergo-sum","status":"publish","type":"post","link":"https:\/\/gazetaregionalna.com\/?p=143584","title":{"rendered":"Fina\u0142 11. konkursu &#8222;Video ergo sum&#8221; w Regionalnym O\u015brodku Kultury"},"content":{"rendered":"\n<h2 class=\"wp-block-heading\">8 listopada w siedzibie Regionalnego O\u015brodka Kultury w Cz\u0119stochowie odby\u0142 si\u0119 uroczysty fina\u0142 11. edycji Og\u00f3lnopolskiego Konkursu Filmowego \u201eVideo ergo sum. Widz\u0119, wi\u0119c jestem\u201d. Wydarzenie, jak co roku, zgromadzi\u0142o licznych mi\u0142o\u015bnik\u00f3w kina z ca\u0142ej Polski.<\/h2>\n\n\n\n<p>Na tegoroczn\u0105 edycj\u0119 konkursu nap\u0142yn\u0119\u0142o \u0142\u0105cznie 100 prac w trzech kategoriach: film, plakat oraz recenzja filmowa. Wysoki poziom artystyczny zg\u0142oszonych realizacji potwierdzi\u0142, \u017ce konkurs \u201eVideo ergo sum\u201d na trwa\u0142e wpisa\u0142 si\u0119 w kalendarz og\u00f3lnopolskich wydarze\u0144 promuj\u0105cych tw\u00f3rc\u00f3w zajmuj\u0105cych si\u0119 filmem i dziedzinami oko\u0142ofilmowymi.<\/p>\n\n\n\n<p>Listopada uroczysto\u015b\u0107 fina\u0142owa rozpocz\u0119\u0142a si\u0119 od wr\u0119czenia nagr\u00f3d laureatom oraz prezentacji zwyci\u0119skich prac. Laury wr\u0119czy\u0142a Ma\u0142gorzata Majer-S\u0119towska, dyrektorka Regionalnego O\u015brodka Kultury w Cz\u0119stochowie.<\/p>\n\n\n\n<figure class=\"wp-block-image size-large\"><img decoding=\"async\" width=\"1024\" height=\"768\" data-src=\"https:\/\/gazetaregionalna.com\/wp-content\/uploads\/2025\/11\/578288238_1263791879119131_3373396709784802752_n-1024x768.jpg\" alt=\"\" class=\"wp-image-143590 lazyload\" data-srcset=\"https:\/\/gazetaregionalna.com\/wp-content\/uploads\/2025\/11\/578288238_1263791879119131_3373396709784802752_n-1024x768.jpg 1024w, https:\/\/gazetaregionalna.com\/wp-content\/uploads\/2025\/11\/578288238_1263791879119131_3373396709784802752_n-300x225.jpg 300w, https:\/\/gazetaregionalna.com\/wp-content\/uploads\/2025\/11\/578288238_1263791879119131_3373396709784802752_n-768x576.jpg 768w, https:\/\/gazetaregionalna.com\/wp-content\/uploads\/2025\/11\/578288238_1263791879119131_3373396709784802752_n.jpg 1200w\" data-sizes=\"(max-width: 1024px) 100vw, 1024px\" src=\"data:image\/svg+xml;base64,PHN2ZyB3aWR0aD0iMSIgaGVpZ2h0PSIxIiB4bWxucz0iaHR0cDovL3d3dy53My5vcmcvMjAwMC9zdmciPjwvc3ZnPg==\" style=\"--smush-placeholder-width: 1024px; --smush-placeholder-aspect-ratio: 1024\/768;\" \/><figcaption class=\"wp-element-caption\">fot. Monika Kosielak\/ROK<\/figcaption><\/figure>\n\n\n\n<p>Po cz\u0119\u015bci oficjalnej publiczno\u015b\u0107 mia\u0142a okazj\u0119 wys\u0142ucha\u0107 koncertu muzyki filmowej w wykonaniu artyst\u00f3w Orkiestry Filharmonii Cz\u0119stochowskiej, kt\u00f3ry dope\u0142ni\u0142 artystycznego klimatu wydarzenia.<\/p>\n\n\n\n<p>W kategorii &#8222;film&#8221; prace oceni\u0142o jury w sk\u0142adzie: Jan Budzowski, Piotr Cie\u015blak i S\u0142awomir Jod\u0142owski. Po naradzie przyzna\u0142o nast\u0119puj\u0105ce nagrody. &#8222;Z\u0142oto&#8221; otrzyma\u0142a Maja Syropolska za film \u201eKolejka do\u201d, &#8222;srebro&#8221; \u2013 Filip Doroszuk, Jakub Iglewski, Pawe\u0142 Sopinka za film \u201eDaj \u017cy\u0107\u201d, a br\u0105z &#8211; Julia Medo\u0144 za film \u201eDeath\u201d.<\/p>\n\n\n\n<figure class=\"wp-block-image size-large\"><img decoding=\"async\" width=\"1024\" height=\"768\" data-src=\"https:\/\/gazetaregionalna.com\/wp-content\/uploads\/2025\/11\/577791072_1263792902452362_1940747573079281553_n-1024x768.jpg\" alt=\"\" class=\"wp-image-143588 lazyload\" data-srcset=\"https:\/\/gazetaregionalna.com\/wp-content\/uploads\/2025\/11\/577791072_1263792902452362_1940747573079281553_n-1024x768.jpg 1024w, https:\/\/gazetaregionalna.com\/wp-content\/uploads\/2025\/11\/577791072_1263792902452362_1940747573079281553_n-300x225.jpg 300w, https:\/\/gazetaregionalna.com\/wp-content\/uploads\/2025\/11\/577791072_1263792902452362_1940747573079281553_n-768x576.jpg 768w, https:\/\/gazetaregionalna.com\/wp-content\/uploads\/2025\/11\/577791072_1263792902452362_1940747573079281553_n.jpg 1200w\" data-sizes=\"(max-width: 1024px) 100vw, 1024px\" src=\"data:image\/svg+xml;base64,PHN2ZyB3aWR0aD0iMSIgaGVpZ2h0PSIxIiB4bWxucz0iaHR0cDovL3d3dy53My5vcmcvMjAwMC9zdmciPjwvc3ZnPg==\" style=\"--smush-placeholder-width: 1024px; --smush-placeholder-aspect-ratio: 1024\/768;\" \/><figcaption class=\"wp-element-caption\">fot. Monika Kosielak\/ROK<\/figcaption><\/figure>\n\n\n\n<p>Natomiast w kategorii &#8222;plakat&#8221; jurorkami by\u0142y: Krystyna Szwajkowska, Anna Tarnowska i Ma\u0142gorzata Chebel, kt\u00f3re wyr\u00f3\u017cni\u0142y trzy prace. I tak pierwsz\u0105 nagrod\u0119 otrzyma\u0142a Julia Krawczuk za plakat do filmu \u201eKonklawe\u201d (re\u017c. Edward Berger), drug\u0105 \u2013 Anna Jemielita za plakat do filmu \u201eProsta historia\u201d (re\u017c. David Lynch), a trzeci\u0105 &#8211; Zofia Bentkowska za plakat do filmu \u201eStrefa interes\u00f3w\u201d (re\u017c. Jonathan Glazer).<\/p>\n\n\n\n<p>Z kolei w kategorii &#8222;recenzja&#8221; w komisji zasiedli Dawid My\u015bliwiec, prof. Adam Regiewicz i Dorota Musia\u0142 doceni\u0142o zar\u00f3wno wnikliwo\u015b\u0107 analizy, jak i j\u0119zykow\u0105 swobod\u0119 autor\u00f3w recenzji. Nagrody otrzymali za\u015b: Magdalena Bi\u015bta (I nagroda) za recenzj\u0119 filmu \u201eAmelia\u201d (re\u017c. Jean-Pierre Jeunet), Oleksandra Derkach (II nagroda) za recenzj\u0119 filmu \u201eAmelia\u201d (re\u017c. Jean-Pierre Jeunet) oraz Kinga Szcz\u0119\u015bniak (III nagroda) za recenzj\u0119 filmu \u201eLot nad kuku\u0142czym gniazdem\u201d (re\u017c. Milo\u0161 Forman).<\/p>\n\n\n\n<figure class=\"wp-block-image size-large\"><img decoding=\"async\" width=\"1024\" height=\"768\" data-src=\"https:\/\/gazetaregionalna.com\/wp-content\/uploads\/2025\/11\/577605659_1263792869119032_316932050437105177_n-1024x768.jpg\" alt=\"\" class=\"wp-image-143587 lazyload\" data-srcset=\"https:\/\/gazetaregionalna.com\/wp-content\/uploads\/2025\/11\/577605659_1263792869119032_316932050437105177_n-1024x768.jpg 1024w, https:\/\/gazetaregionalna.com\/wp-content\/uploads\/2025\/11\/577605659_1263792869119032_316932050437105177_n-300x225.jpg 300w, https:\/\/gazetaregionalna.com\/wp-content\/uploads\/2025\/11\/577605659_1263792869119032_316932050437105177_n-768x576.jpg 768w, https:\/\/gazetaregionalna.com\/wp-content\/uploads\/2025\/11\/577605659_1263792869119032_316932050437105177_n.jpg 1200w\" data-sizes=\"(max-width: 1024px) 100vw, 1024px\" src=\"data:image\/svg+xml;base64,PHN2ZyB3aWR0aD0iMSIgaGVpZ2h0PSIxIiB4bWxucz0iaHR0cDovL3d3dy53My5vcmcvMjAwMC9zdmciPjwvc3ZnPg==\" style=\"--smush-placeholder-width: 1024px; --smush-placeholder-aspect-ratio: 1024\/768;\" \/><figcaption class=\"wp-element-caption\">fot. Monika Kosielak\/ROK<\/figcaption><\/figure>\n\n\n\n<p>Wydarzenie zako\u0144czy\u0142o si\u0119 wsp\u00f3lnym spotkaniem laureat\u00f3w, publiczno\u015bci i organizator\u00f3w. By\u0142a to doskona\u0142a okazja do wymiany do\u015bwiadcze\u0144, rozm\u00f3w o sztuce filmowej oraz refleksji nad kondycj\u0105 wsp\u00f3\u0142czesnego kina.<\/p>\n\n\n\n<p>Konkurs \u201eVideo ergo sum. Widz\u0119, wi\u0119c jestem\u201d po raz kolejny udowodni\u0142, \u017ce tw\u00f3rcy potrafi\u0105 zaskakiwa\u0107 \u015bwie\u017cym spojrzeniem i artystyczn\u0105 dojrza\u0142o\u015bci\u0105.<\/p>\n\n\n\n<p><strong>mat. ROK<\/strong><\/p>\n","protected":false},"excerpt":{"rendered":"<p>8 listopada w siedzibie Regionalnego O\u015brodka Kultury w Cz\u0119stochowie odby\u0142 si\u0119 uroczysty fina\u0142 11. edycji Og\u00f3lnopolskiego Konkursu Filmowego \u201eVideo ergo sum. Widz\u0119, wi\u0119c jestem\u201d.<\/p>\n","protected":false},"author":11,"featured_media":143589,"comment_status":"closed","ping_status":"open","sticky":false,"template":"","format":"standard","meta":{"_monsterinsights_skip_tracking":false,"_monsterinsights_sitenote_active":false,"_monsterinsights_sitenote_note":"","_monsterinsights_sitenote_category":0,"_uf_show_specific_survey":0,"_uf_disable_surveys":false,"footnotes":""},"categories":[12,3,94,2],"tags":[144,2583,89,1705],"class_list":["post-143584","post","type-post","status-publish","format-standard","has-post-thumbnail","hentry","category-kultura-i-rozrywka","category-czestochowa-informacje","category-polecane","category-wiadomosci","tag-czestochowa","tag-final","tag-konkurs","tag-regionalny-osrodek-kultury"],"_links":{"self":[{"href":"https:\/\/gazetaregionalna.com\/index.php?rest_route=\/wp\/v2\/posts\/143584","targetHints":{"allow":["GET"]}}],"collection":[{"href":"https:\/\/gazetaregionalna.com\/index.php?rest_route=\/wp\/v2\/posts"}],"about":[{"href":"https:\/\/gazetaregionalna.com\/index.php?rest_route=\/wp\/v2\/types\/post"}],"author":[{"embeddable":true,"href":"https:\/\/gazetaregionalna.com\/index.php?rest_route=\/wp\/v2\/users\/11"}],"replies":[{"embeddable":true,"href":"https:\/\/gazetaregionalna.com\/index.php?rest_route=%2Fwp%2Fv2%2Fcomments&post=143584"}],"version-history":[{"count":3,"href":"https:\/\/gazetaregionalna.com\/index.php?rest_route=\/wp\/v2\/posts\/143584\/revisions"}],"predecessor-version":[{"id":143591,"href":"https:\/\/gazetaregionalna.com\/index.php?rest_route=\/wp\/v2\/posts\/143584\/revisions\/143591"}],"wp:featuredmedia":[{"embeddable":true,"href":"https:\/\/gazetaregionalna.com\/index.php?rest_route=\/wp\/v2\/media\/143589"}],"wp:attachment":[{"href":"https:\/\/gazetaregionalna.com\/index.php?rest_route=%2Fwp%2Fv2%2Fmedia&parent=143584"}],"wp:term":[{"taxonomy":"category","embeddable":true,"href":"https:\/\/gazetaregionalna.com\/index.php?rest_route=%2Fwp%2Fv2%2Fcategories&post=143584"},{"taxonomy":"post_tag","embeddable":true,"href":"https:\/\/gazetaregionalna.com\/index.php?rest_route=%2Fwp%2Fv2%2Ftags&post=143584"}],"curies":[{"name":"wp","href":"https:\/\/api.w.org\/{rel}","templated":true}]}}