{"id":143538,"date":"2025-11-11T20:38:44","date_gmt":"2025-11-11T20:38:44","guid":{"rendered":"https:\/\/gazetaregionalna.com\/?p=143538"},"modified":"2025-11-11T20:41:07","modified_gmt":"2025-11-11T20:41:07","slug":"rozmowa-z-piotrem-kuznikiem","status":"publish","type":"post","link":"https:\/\/gazetaregionalna.com\/?p=143538","title":{"rendered":"Ta kolekcja zacz\u0119\u0142a si\u0119 od zabytkowej tablicy\u2026 Rozmowa z Piotrem Ku\u017anikiem"},"content":{"rendered":"\n<h2 class=\"wp-block-heading\">Dawniej zbiera\u0142 zegary i porcelan\u0119, dzi\u015b posiada imponuj\u0105cy zbi\u00f3r eksponat\u00f3w zwi\u0105zanych nie tylko ze stomatologi\u0105, ale i w og\u00f3le medycyn\u0105 i farmacj\u0105 \u2013 M\u00f3j zbi\u00f3r nigdy nie b\u0119dzie zamkni\u0119ty, to zbyt rozleg\u0142y temat \u2013 m\u00f3wi Piotr Ku\u017anik, ceniony stomatolog, kolekcjoner i tw\u00f3rca Muzeum Stomatologii w Cz\u0119stochowie.<\/h2>\n\n\n\n<p><strong>Dlaczego wybra\u0142 Pan ten zaw\u00f3d? Rodzinne tradycje?<\/strong><\/p>\n\n\n\n<p><strong>Piotr Ku\u017anik: <\/strong>Wszyscy w mojej rodzinie ko\u0144czyli studia medyczne. M\u00f3j tata by\u0142 internist\u0105, wojew\u00f3dzkim konsultantem do spraw chor\u00f3b zaka\u017anych w Kielcach, a przez d\u0142ugie lata dyrektorem szpitala w Ko\u0144skich zatrudniaj\u0105cego 1 200 pracownik\u00f3w. Moja mama zawsze marzy\u0142a o studiach medycznych. Mia\u0142a jednak problem, aby si\u0119 na nie dosta\u0107, bo dziadek walczy\u0142 w armii genera\u0142a Andersa, wi\u0119c w tych czasach, musia\u0142a si\u0119 liczy\u0107 z utrudnieniami. Dosta\u0142a si\u0119 na stomatologi\u0119, bo na ten kierunek by\u0142o nieco \u0142atwiej startowa\u0107. By\u0142a najlepsz\u0105 studentk\u0105 na roku i przenios\u0142a si\u0119 na wydzia\u0142 og\u00f3lnolekarski. M\u00f3j brat r\u00f3wnie\u017c sko\u0144czy\u0142 studia og\u00f3lnolekarskie, jest ginekologiem. Ja od razu widzia\u0142em, \u017ce chc\u0119 zosta\u0107 stomatologiem. Mam ciocie i wujk\u00f3w stomatolog\u00f3w, chcia\u0142em robi\u0107 to, co oni.<\/p>\n\n\n\n<figure class=\"wp-block-image size-large\"><img decoding=\"async\" width=\"683\" height=\"1024\" data-src=\"https:\/\/gazetaregionalna.com\/wp-content\/uploads\/2025\/11\/DSC08379-683x1024.jpg\" alt=\"\" class=\"wp-image-143564 lazyload\" data-srcset=\"https:\/\/gazetaregionalna.com\/wp-content\/uploads\/2025\/11\/DSC08379-683x1024.jpg 683w, https:\/\/gazetaregionalna.com\/wp-content\/uploads\/2025\/11\/DSC08379-200x300.jpg 200w, https:\/\/gazetaregionalna.com\/wp-content\/uploads\/2025\/11\/DSC08379-768x1152.jpg 768w, https:\/\/gazetaregionalna.com\/wp-content\/uploads\/2025\/11\/DSC08379.jpg 800w\" data-sizes=\"(max-width: 683px) 100vw, 683px\" src=\"data:image\/svg+xml;base64,PHN2ZyB3aWR0aD0iMSIgaGVpZ2h0PSIxIiB4bWxucz0iaHR0cDovL3d3dy53My5vcmcvMjAwMC9zdmciPjwvc3ZnPg==\" style=\"--smush-placeholder-width: 683px; --smush-placeholder-aspect-ratio: 683\/1024;\" \/><\/figure>\n\n\n\n<p><strong>A co w stomatologii jest takiego, \u017ce ta specjalizacja wygra\u0142a? <\/strong><\/p>\n\n\n\n<p>\u2013 Jest jedna kwestia, kt\u00f3ra przewy\u017csza inne dyscypliny medycyny. Mo\u017cemy bardzo szybko udzieli\u0107 pacjentowi pomocy. Przychodzi z b\u00f3lem i znieczulimy go, rozwiercimy czy zatrujemy z\u0119ba lub szybko odbudujemy z\u0142aman\u0105 koron\u0119. Pacjent poczuje si\u0119 lepiej w ci\u0105gu dos\u0142ownie paru minut (tu wspomn\u0119, \u017ce Hipokrates powiedzia\u0142, \u017ce b\u00f3l z\u0119ba por\u00f3wna\u0107 mo\u017cna tylko z b\u00f3lem \u015bmierci). W innych dziedzinach medycyny, jak cho\u0107by onkologii, lekarz \u2013 mimo najszerszych ch\u0119ci i d\u0142ugiej walki o \u017cycie pacjenta \u2013 cz\u0119sto, niestety, przegrywa. Dlatego w stomatologii takich przegranych walk praktycznie nie ma albo wyst\u0119puj\u0105 bardzo rzadko. Najcz\u0119\u015bciej jeste\u015bmy zwyci\u0119zcami. To znaczy, \u017ce zwyci\u0119zc\u0105 jest i pacjent, i lekarz. Stomatologi\u0119 uwa\u017cam za bardzo pozytywn\u0105 dziedzin\u0119 medycyny.<\/p>\n\n\n\n<p><strong>Jako dziecko ba\u0142 si\u0119 pan wizyt u stomatologa?<\/strong><\/p>\n\n\n\n<p>\u2013 Ja w dzieci\u0144stwie nie mia\u0142em prawa wyboru gabinetu, musia\u0142em chodzi\u0107 do moich cio\u0107. Na szcz\u0119\u015bcie nie by\u0142o tak \u017ale. Wiadomo, \u017ce ka\u017cdy pod\u015bwiadomie boi si\u0119 tego b\u00f3lu, to nie s\u0105 przyjemne wizyty, ale przy dzisiejszej technice o b\u00f3lu praktycznie mo\u017cemy ju\u017c nie m\u00f3wi\u0107. S\u0105 znieczulenia, jest wiele innych metod, kt\u00f3re go niweluj\u0105. \u015awiadomo\u015b\u0107 pacjent\u00f3w co do tego, jak prawid\u0142owo dba\u0107 o z\u0119by, z ka\u017cdym rokiem ro\u015bnie.<\/p>\n\n\n\n<figure class=\"wp-block-image size-large\"><img decoding=\"async\" width=\"683\" height=\"1024\" data-src=\"https:\/\/gazetaregionalna.com\/wp-content\/uploads\/2025\/11\/DSC08362-683x1024.jpg\" alt=\"\" class=\"wp-image-143561 lazyload\" data-srcset=\"https:\/\/gazetaregionalna.com\/wp-content\/uploads\/2025\/11\/DSC08362-683x1024.jpg 683w, https:\/\/gazetaregionalna.com\/wp-content\/uploads\/2025\/11\/DSC08362-200x300.jpg 200w, https:\/\/gazetaregionalna.com\/wp-content\/uploads\/2025\/11\/DSC08362-768x1152.jpg 768w, https:\/\/gazetaregionalna.com\/wp-content\/uploads\/2025\/11\/DSC08362.jpg 800w\" data-sizes=\"(max-width: 683px) 100vw, 683px\" src=\"data:image\/svg+xml;base64,PHN2ZyB3aWR0aD0iMSIgaGVpZ2h0PSIxIiB4bWxucz0iaHR0cDovL3d3dy53My5vcmcvMjAwMC9zdmciPjwvc3ZnPg==\" style=\"--smush-placeholder-width: 683px; --smush-placeholder-aspect-ratio: 683\/1024;\" \/><\/figure>\n\n\n\n<p><strong>Od ilu lat uprawia Pan ten zaw\u00f3d?<\/strong><\/p>\n\n\n\n<p>\u2013 Od 32 lat. Prac\u0119 rozpocz\u0105\u0142em w przychodni rejonowej przy al. Pokoju w Cz\u0119stochowie. Mia\u0142em dzielony etat, bo pracowa\u0142em wtedy cz\u0119\u015bciowo w Szkole Podstawowej nr 12 przy ulicy Warszawskiej oraz w protezowni przy ulicy Jasnog\u00f3rskiej. Jako m\u0142ody lekarz musia\u0142em zaj\u0105\u0107 si\u0119 te\u017c medycyn\u0105 szkoln\u0105, kt\u00f3ra zawsze by\u0142a pewn\u0105 kul\u0105 u nogi,bo trudno by\u0142o obsadzi\u0107 te godziny. Na pocz\u0105tku by\u0142em oddelegowany do lakowania z\u0119b\u00f3w w\u015br\u00f3d sze\u015bcio- i siedmiolatk\u00f3w. Dobrze pracowa\u0142o mi si\u0119 z dzie\u0107mi, zaj\u0105\u0142em si\u0119 wi\u0119c tak\u017ce ich leczeniem. Potem w szkole zast\u0105pi\u0142 mnie m\u0142odszy kolega, a ja ju\u017c na pe\u0142en etat pracowa\u0142em w przychodni.<\/p>\n\n\n\n<p>I tak do 2000 roku. Od nowego wieku prowadzi\u0142em gabinety stomatologiczne w R\u0119dzinach, Rzerz\u0119czycach, Soborzycach, Przyrowie\u2026 W sumie by\u0142o ich osiem. Gdy w 2004 roku otworzy\u0142y si\u0119 dla nas granice Unii Europejskiej, cz\u0119\u015b\u0107 lekarzy wyjecha\u0142o do Anglii. W zwi\u0105zku z tym brakowa\u0142o mi sprawdzonych pracownik\u00f3w i z czasem musia\u0142em pozamyka\u0107 cz\u0119\u015b\u0107 gabinet\u00f3w.<\/p>\n\n\n\n<figure class=\"wp-block-image size-full\"><img decoding=\"async\" width=\"715\" height=\"400\" data-src=\"https:\/\/gazetaregionalna.com\/wp-content\/uploads\/2025\/11\/DSC08372-715x400-1.jpg\" alt=\"\" class=\"wp-image-143563 lazyload\" data-srcset=\"https:\/\/gazetaregionalna.com\/wp-content\/uploads\/2025\/11\/DSC08372-715x400-1.jpg 715w, https:\/\/gazetaregionalna.com\/wp-content\/uploads\/2025\/11\/DSC08372-715x400-1-300x168.jpg 300w\" data-sizes=\"(max-width: 715px) 100vw, 715px\" src=\"data:image\/svg+xml;base64,PHN2ZyB3aWR0aD0iMSIgaGVpZ2h0PSIxIiB4bWxucz0iaHR0cDovL3d3dy53My5vcmcvMjAwMC9zdmciPjwvc3ZnPg==\" style=\"--smush-placeholder-width: 715px; --smush-placeholder-aspect-ratio: 715\/400;\" \/><\/figure>\n\n\n\n<p><strong>Dzi\u015b gabinet jest jeden?<\/strong><\/p>\n\n\n\n<p>\u2013 Od 2004 roku nie pracuj\u0119 w ramach Narodowego Funduszu Zdrowia, tylko prowadz\u0119 prywatny gabinet. Dzi\u015b \u2013 podobnie jak Muzeum Stomatologii \u2013 mie\u015bci si\u0119 on przy ulicy Jasnog\u00f3rskiej 92 w Cz\u0119stochowie.<\/p>\n\n\n\n<p><strong>Zaw\u00f3d \u0142\u0105czy Pan z pasj\u0105, kolekcjonersk\u0105. Jednak nie od  pocz\u0105tku by\u0142y to artefakty zwi\u0105zane z medycyn\u0105.<\/strong><\/p>\n\n\n\n<p>Tak,\u00a0zbiera\u0142em\u00a0zegary,\u00a0znaczki\u00a0pocztowe,\u00a0porcelan\u0119\u2026\u00a0I\u00a0pewnego\u00a0pami\u0119tnego\u00a0dnia\u00a0b\u0119d\u0105c\u00a0na\u00a0gie\u0142dzie\u00a0we\u00a0Wroc\u0142awiu,\u00a0znalaz\u0142em\u00a0tablic\u0119\u00a0z gabinetu stomatologicznego. <\/p>\n\n\n\n<figure class=\"wp-block-image size-large\"><img decoding=\"async\" width=\"683\" height=\"1024\" data-src=\"https:\/\/gazetaregionalna.com\/wp-content\/uploads\/2025\/11\/DSC08318-683x1024.jpg\" alt=\"\" class=\"wp-image-143559 lazyload\" data-srcset=\"https:\/\/gazetaregionalna.com\/wp-content\/uploads\/2025\/11\/DSC08318-683x1024.jpg 683w, https:\/\/gazetaregionalna.com\/wp-content\/uploads\/2025\/11\/DSC08318-200x300.jpg 200w, https:\/\/gazetaregionalna.com\/wp-content\/uploads\/2025\/11\/DSC08318-768x1152.jpg 768w, https:\/\/gazetaregionalna.com\/wp-content\/uploads\/2025\/11\/DSC08318.jpg 800w\" data-sizes=\"(max-width: 683px) 100vw, 683px\" src=\"data:image\/svg+xml;base64,PHN2ZyB3aWR0aD0iMSIgaGVpZ2h0PSIxIiB4bWxucz0iaHR0cDovL3d3dy53My5vcmcvMjAwMC9zdmciPjwvc3ZnPg==\" style=\"--smush-placeholder-width: 683px; --smush-placeholder-aspect-ratio: 683\/1024;\" \/><\/figure>\n\n\n\n<p>Pochodzi\u0142a\u00a0z\u00a0czas\u00f3w\u00a0okupacji,\u00a0napisy\u00a0by\u0142y\u00a0w\u00a0j\u0119zyku\u00a0polskim\u00a0i\u00a0niemieckim.\u00a0To\u00a0one\u00a0zwr\u00f3ci\u0142y moj\u0105 uwag\u0119. Kiedy\u015b niekt\u00f3rzy\u00a0nazywali\u00a0gabinety\u00a0zak\u0142adami\u00a0dentystycznymi- i to by\u0142a polska nazwa, a po\u00a0niemiecku\u00a0Zahnatelie\u00a0brzmia\u0142o\u00a0to\u00a0jak\u00a0atelier\u00a0dla\u00a0z\u0119b\u00f3w.\u00a0Na\u00a0tablicy\u00a0dodano\u00a0te\u017c\u00a0sformu\u0142owanie,\u00a0\u017ce\u00a0w\u00a0podanych\u00a0godzinach\u00a0obowi\u0105zuj\u0105\u00a0przyj\u0119cia\u00a0dla\u00a0niezamo\u017cnych.\u00a0Dzisiaj\u00a0by\u0142oby\u00a0to\u00a0chyba obra\u017aliwe okre\u015blenie, ale kiedy\u015b tak nazywano pacjent\u00f3w kasy chorych. Tablic\u0119 powiesi\u0142em w moim gabinecie, w kt\u00f3rym przyjmuj\u0119 go\u015bci. I nadal tam wisi. To m\u00f3j pierwszy eksponat. <\/p>\n\n\n\n<p>I&nbsp;tak&nbsp;15&nbsp;lat&nbsp;temu&nbsp;rozpocz\u0119\u0142a&nbsp;si\u0119&nbsp;moja&nbsp;wielka&nbsp;kolekcjonerska&nbsp;przygoda,&nbsp;kt\u00f3ra&nbsp;zwi\u0105zana&nbsp;jest&nbsp;nie&nbsp;tylko&nbsp;ze&nbsp;stomatologi\u0105,&nbsp;ale&nbsp;tak\u017ce&nbsp;innymi&nbsp;dziedzinami&nbsp;medycyny, r\u00f3wnie\u017c z farmacj\u0105. Gdy tylko znajd\u0119 co\u015b ciekawego, co\u015b, co mo\u017cna wykorzysta\u0107, podda\u0107 renowacji, to kupuj\u0119. A p\u00f3\u017aniej te artefakty staram si\u0119 wyeksponowa\u0107 na wystawach. Organizowa\u0142em dot\u0105d kilka takich wystawienniczych cykli.<\/p>\n\n\n\n<p><strong>Jak \u201eUrok starego gabinetu stomatologicznego\u201d?<\/strong><\/p>\n\n\n\n<figure class=\"wp-block-image size-large\"><img decoding=\"async\" width=\"683\" height=\"1024\" data-src=\"https:\/\/gazetaregionalna.com\/wp-content\/uploads\/2025\/11\/DSC08325-683x1024.jpg\" alt=\"\" class=\"wp-image-143560 lazyload\" data-srcset=\"https:\/\/gazetaregionalna.com\/wp-content\/uploads\/2025\/11\/DSC08325-683x1024.jpg 683w, https:\/\/gazetaregionalna.com\/wp-content\/uploads\/2025\/11\/DSC08325-200x300.jpg 200w, https:\/\/gazetaregionalna.com\/wp-content\/uploads\/2025\/11\/DSC08325-768x1152.jpg 768w, https:\/\/gazetaregionalna.com\/wp-content\/uploads\/2025\/11\/DSC08325.jpg 800w\" data-sizes=\"(max-width: 683px) 100vw, 683px\" src=\"data:image\/svg+xml;base64,PHN2ZyB3aWR0aD0iMSIgaGVpZ2h0PSIxIiB4bWxucz0iaHR0cDovL3d3dy53My5vcmcvMjAwMC9zdmciPjwvc3ZnPg==\" style=\"--smush-placeholder-width: 683px; --smush-placeholder-aspect-ratio: 683\/1024;\" \/><\/figure>\n\n\n\n<p>\u2013 Tak zatytu\u0142owa\u0142em nie tylko pierwsz\u0105 wystaw\u0119, ale tak\u017ce kilkana\u015bcie kolejnych. Wielu zastanawia, w czym le\u017cy ten urok gabinetu stomatologicznego, czy w tym fotelu, czy w tym zadawanym b\u00f3lu. A ja po prostu stara\u0142em si\u0119 pokaza\u0107 t\u0119 fachowo\u015b\u0107, to staranne wykonanie tych wszystkich przedmiot\u00f3w, to, ile nak\u0142adu pracy poch\u0142ania\u0142o stworzenie takiego fotela, jego wyj\u0105tkowo\u015b\u0107. Dzi\u015b wykonanie pozostawia wiele do \u017cyczenia, wa\u017cne, by koszty produkcji by\u0142y niskie, a towar mo\u017cna by\u0142o drogo sprzeda\u0107. Dawniej wszystkie elementy by\u0142y zdobione, malowane, tak samo drobne instrumenty stomatologiczne wykonywane by\u0142y z r\u00f3\u017cnych materia\u0142\u00f3w, m.in. z drewna czy ko\u015bci s\u0142oniowej. Dzi\u0119ki temu s\u0142u\u017cy\u0142y przez d\u0142ugie lata, a obecnie wyrzucamy narz\u0119dzia po miesi\u0105cu i kupujemy nast\u0119pne.<\/p>\n\n\n\n<p><strong>A inne cykle?<\/strong><\/p>\n\n\n\n<figure class=\"wp-block-image size-large\"><img decoding=\"async\" width=\"683\" height=\"1024\" data-src=\"https:\/\/gazetaregionalna.com\/wp-content\/uploads\/2025\/11\/DSC08380-683x1024.jpg\" alt=\"\" class=\"wp-image-143570 lazyload\" data-srcset=\"https:\/\/gazetaregionalna.com\/wp-content\/uploads\/2025\/11\/DSC08380-683x1024.jpg 683w, https:\/\/gazetaregionalna.com\/wp-content\/uploads\/2025\/11\/DSC08380-200x300.jpg 200w, https:\/\/gazetaregionalna.com\/wp-content\/uploads\/2025\/11\/DSC08380-768x1152.jpg 768w, https:\/\/gazetaregionalna.com\/wp-content\/uploads\/2025\/11\/DSC08380.jpg 800w\" data-sizes=\"(max-width: 683px) 100vw, 683px\" src=\"data:image\/svg+xml;base64,PHN2ZyB3aWR0aD0iMSIgaGVpZ2h0PSIxIiB4bWxucz0iaHR0cDovL3d3dy53My5vcmcvMjAwMC9zdmciPjwvc3ZnPg==\" style=\"--smush-placeholder-width: 683px; --smush-placeholder-aspect-ratio: 683\/1024;\" \/><\/figure>\n\n\n\n<p>\u2013 Potem zaj\u0105\u0142em si\u0119 urokiem starej apteki. Eksponowa\u0142am te wszystkie naczynia, kt\u00f3re dawnej wykonywano z drewna, szk\u0142a, z porcelany, z kryszta\u0142u. Wyst\u0119powa\u0142y we wszystkich kolorach, pocz\u0105wszy od zieleni uranowej poprzez kobalt. Zebra\u0142em przer\u00f3\u017cne urz\u0105dzenia, kt\u00f3re wykorzystywano w aptekach np. do robienia tabletek czy czopk\u00f3w. Zbieram te\u017c stare recepty, opakowania po lekach\u2026 Aktualnie dla producent\u00f3w licz\u0105 si\u0119 tylko koszty, mamy kartoniki, plastikowe blistry, a przed laty dbano o to, by medykamenty by\u0142y kunsztownie pakowane.<\/p>\n\n\n\n<p>Apteki to druga seria, w kt\u00f3r\u0105 uk\u0142adam moje zbiory, trzecia po\u015bwi\u0119cona jest urz\u0105dzeniom wykorzystywanym w medycynie. Po\u015bwi\u0119cone nim wystawy organizowa\u0142em w Pa\u0142acu Oborskich w Mielcu czy na zamku w Baranowie Sandomierskim.<\/p>\n\n\n\n<figure class=\"wp-block-image size-large\"><img decoding=\"async\" width=\"683\" height=\"1024\" data-src=\"https:\/\/gazetaregionalna.com\/wp-content\/uploads\/2025\/11\/DSC08333-683x1024.jpg\" alt=\"\" class=\"wp-image-143572 lazyload\" data-srcset=\"https:\/\/gazetaregionalna.com\/wp-content\/uploads\/2025\/11\/DSC08333-683x1024.jpg 683w, https:\/\/gazetaregionalna.com\/wp-content\/uploads\/2025\/11\/DSC08333-200x300.jpg 200w, https:\/\/gazetaregionalna.com\/wp-content\/uploads\/2025\/11\/DSC08333-768x1152.jpg 768w, https:\/\/gazetaregionalna.com\/wp-content\/uploads\/2025\/11\/DSC08333.jpg 800w\" data-sizes=\"(max-width: 683px) 100vw, 683px\" src=\"data:image\/svg+xml;base64,PHN2ZyB3aWR0aD0iMSIgaGVpZ2h0PSIxIiB4bWxucz0iaHR0cDovL3d3dy53My5vcmcvMjAwMC9zdmciPjwvc3ZnPg==\" style=\"--smush-placeholder-width: 683px; --smush-placeholder-aspect-ratio: 683\/1024;\" \/><\/figure>\n\n\n\n<p><strong>O jakich urz\u0105dzeniach mowa?<\/strong><\/p>\n\n\n\n<p>\u2013 Pocz\u0105wszy od starych s\u0142uchawek czy aparat\u00f3w do mierzenia ci\u015bnienia, po wszystkie urz\u0105dzenia zwi\u0105zane z leczeniem pr\u0105dem (s\u0142u\u017c\u0105ce np. do elektrostymulacji czy jonoforezy), ale te\u017c te wykorzystywane w laryngologii, ginekologii, neurologii i innych specjalizacjach. Uda\u0142o mi si\u0119 zgromadzi\u0107 kilkadziesi\u0105t urz\u0105dze\u0144 z prze\u0142omu XIX i XX wieku.<\/p>\n\n\n\n<p>Te trzy cykle obejmuj\u0105 praktycznie ca\u0142\u0105 medycyn\u0119, cho\u0107 ja \u2013 przede wszystkim \u2013 jestem zakochany w stomatologii. I gdzie tylko mog\u0119, staram si\u0119 znajdywa\u0107 przedmioty zwi\u0105zane z moim zawodem. <\/p>\n\n\n\n<p><strong>Utrzymuje Pan kontakt z podobnymi sobie zapale\u0144cami?<\/strong><\/p>\n\n\n\n<p>\u2013 Oczywi\u015bcie. Niedawno by\u0142em w Holandii, u mojego kolegi. W tej chwili jest nas dw\u00f3ch w Europie, takich wi\u0119kszych kolekcjoner\u00f3w, kt\u00f3rzy naprawd\u0119 swoje \u017cycie po\u015bwi\u0119cili kolekcjonerstwu. Wymieniamy si\u0119 przedmiotami, do\u015bwiadczeniami i ustalili\u015bmy, \u017ce b\u0119dziemy stale wsp\u00f3\u0142pracowa\u0107. Nie stanowimy dla siebie \u017cadnej konkurencji, bo on jest w Holandii, a ja w Polsce. Mog\u0119 si\u0119 pochwali\u0107, \u017ce z tej wizyty przywioz\u0142em pi\u0119kn\u0105, porcelanow\u0105 spluwaczk\u0119 z prze\u0142omu XIX\/XX wieku wyprodukowan\u0105 we W\u0142oszech.<\/p>\n\n\n\n<figure class=\"wp-block-image size-large\"><img decoding=\"async\" width=\"1024\" height=\"683\" data-src=\"https:\/\/gazetaregionalna.com\/wp-content\/uploads\/2025\/11\/DSC08346-1024x683.jpg\" alt=\"\" class=\"wp-image-143573 lazyload\" data-srcset=\"https:\/\/gazetaregionalna.com\/wp-content\/uploads\/2025\/11\/DSC08346-1024x683.jpg 1024w, https:\/\/gazetaregionalna.com\/wp-content\/uploads\/2025\/11\/DSC08346-300x200.jpg 300w, https:\/\/gazetaregionalna.com\/wp-content\/uploads\/2025\/11\/DSC08346-768x512.jpg 768w, https:\/\/gazetaregionalna.com\/wp-content\/uploads\/2025\/11\/DSC08346.jpg 1200w\" data-sizes=\"(max-width: 1024px) 100vw, 1024px\" src=\"data:image\/svg+xml;base64,PHN2ZyB3aWR0aD0iMSIgaGVpZ2h0PSIxIiB4bWxucz0iaHR0cDovL3d3dy53My5vcmcvMjAwMC9zdmciPjwvc3ZnPg==\" style=\"--smush-placeholder-width: 1024px; --smush-placeholder-aspect-ratio: 1024\/683;\" \/><\/figure>\n\n\n\n<p><strong> Najstarszy, je\u015bli chodzi o pochodzenie przedmiot w Pana kolekcji, to\u2026? <\/strong><\/p>\n\n\n\n<p>\u2013 To eksponaty pochodz\u0105ce z czas\u00f3w kultury rzymskiej, z II-III wieku p.n.e. Nie by\u0142o wtedy wyodr\u0119bnionej stomatologii. Lekarz zajmowa\u0142 si\u0119 wszystkim ginekologi\u0105, chirurgi\u0105, pediatri\u0105. Dzi\u015b nazwaliby\u015bmy go lekarzem rodzinnym. Z tego okresu wywodzi si\u0119 nazwa plomba, bo po \u0142acinie \u201eplumbum\u201d oznacza o\u0142\u00f3w. To z niego robiono w\u00f3wczas wype\u0142nienia. Niska temperatura topnienia i \u0142atwo\u015b\u0107 w obr\u00f3bce spowodowa\u0142a szerokie zastosowanie w \u017cyciu codziennym. Niestety, nie mam takiej o\u0142owianej plomby w kolekcji. Mam narz\u0119dzia s\u0142u\u017c\u0105ce do wykonywania wype\u0142nie\u0144 amalgamatowych. Przez lata walczyli\u015bmy z rt\u0119ci\u0105 w termometrach, a na co dzie\u0144 zak\u0142adano setki plomb i ta rt\u0119\u0107 na sta\u0142e zostawa\u0142a w organizmie pacjent\u00f3w.<\/p>\n\n\n\n<p><strong>Gdzie Pan zdobywa\u0142 kolejne eksponaty? <\/strong><\/p>\n\n\n\n<figure class=\"wp-block-image size-large\"><img decoding=\"async\" width=\"683\" height=\"1024\" data-src=\"https:\/\/gazetaregionalna.com\/wp-content\/uploads\/2025\/11\/DSC08403-683x1024.jpg\" alt=\"\" class=\"wp-image-143574 lazyload\" data-srcset=\"https:\/\/gazetaregionalna.com\/wp-content\/uploads\/2025\/11\/DSC08403-683x1024.jpg 683w, https:\/\/gazetaregionalna.com\/wp-content\/uploads\/2025\/11\/DSC08403-200x300.jpg 200w, https:\/\/gazetaregionalna.com\/wp-content\/uploads\/2025\/11\/DSC08403-768x1152.jpg 768w, https:\/\/gazetaregionalna.com\/wp-content\/uploads\/2025\/11\/DSC08403.jpg 800w\" data-sizes=\"(max-width: 683px) 100vw, 683px\" src=\"data:image\/svg+xml;base64,PHN2ZyB3aWR0aD0iMSIgaGVpZ2h0PSIxIiB4bWxucz0iaHR0cDovL3d3dy53My5vcmcvMjAwMC9zdmciPjwvc3ZnPg==\" style=\"--smush-placeholder-width: 683px; --smush-placeholder-aspect-ratio: 683\/1024;\" \/><\/figure>\n\n\n\n<p>\u2013 Od lat wsp\u00f3\u0142pracuj\u0119 z wieloma antykwariatami na terenie Europy i ca\u0142ego \u015bwiata. Eksponaty docieraj\u0105 do mnie np. ze Stan\u00f3w Zjednoczonych, Wietnamu, Kambod\u017cy, Japonii, RPA, Kanady czy Australii. I gdy w tych antykwariatach pojawi si\u0119 co\u015b interesuj\u0105cego, a co jest dost\u0119pne cenowo i nie przekracza granicy, kt\u00f3r\u0105 sam sobie postawi\u0142em, to kupuj\u0119. To obop\u00f3lny interes, bo sprzedawcy nie zawsze maj\u0105 komu zaproponowa\u0107 takich rarytas\u00f3w, przyk\u0142adowo kolekcjoner porcelany nie zainteresuje si\u0119 starym lusterkiem stomatologicznym. Ciesz\u0105 si\u0119 wi\u0119c, \u017ce mog\u0105 wtedy zadzwoni\u0107 do \u201etego wariata z Cz\u0119stochowy\u201d, kt\u00f3ry to na pewno we\u017amie.<\/p>\n\n\n\n<p><strong>Czy ten zbi\u00f3r kiedy\u015b b\u0119dzie<\/strong> <strong>kompletny, czy zawsze b\u0119dzie co\u015b, czego Panu b\u0119dzie brakowa\u0142o?<\/strong><\/p>\n\n\n\n<p>\u2013 Nie, zawsze znajdzie si\u0119 co\u015b, czego b\u0119dzie mi brakowa\u0142o, pojawi\u0105 si\u0119 jakie\u015b odkrycia. Gdy kto\u015b zbiera znaczki, trzyma si\u0119 numer\u00f3w katalogowych, zbierze ca\u0142o\u015b\u0107 i mo\u017ce zamkn\u0105\u0107 zbi\u00f3r. M\u00f3j zbi\u00f3r nigdy nie b\u0119dzie zamkni\u0119ty, to zbyt rozleg\u0142y temat.<\/p>\n\n\n\n<figure class=\"wp-block-image size-large\"><img decoding=\"async\" width=\"683\" height=\"1024\" data-src=\"https:\/\/gazetaregionalna.com\/wp-content\/uploads\/2025\/11\/DSC08392-683x1024.jpg\" alt=\"\" class=\"wp-image-143575 lazyload\" data-srcset=\"https:\/\/gazetaregionalna.com\/wp-content\/uploads\/2025\/11\/DSC08392-683x1024.jpg 683w, https:\/\/gazetaregionalna.com\/wp-content\/uploads\/2025\/11\/DSC08392-200x300.jpg 200w, https:\/\/gazetaregionalna.com\/wp-content\/uploads\/2025\/11\/DSC08392-768x1152.jpg 768w, https:\/\/gazetaregionalna.com\/wp-content\/uploads\/2025\/11\/DSC08392.jpg 800w\" data-sizes=\"(max-width: 683px) 100vw, 683px\" src=\"data:image\/svg+xml;base64,PHN2ZyB3aWR0aD0iMSIgaGVpZ2h0PSIxIiB4bWxucz0iaHR0cDovL3d3dy53My5vcmcvMjAwMC9zdmciPjwvc3ZnPg==\" style=\"--smush-placeholder-width: 683px; --smush-placeholder-aspect-ratio: 683\/1024;\" \/><\/figure>\n\n\n\n<p><strong>Zw\u0142aszcza \u017ce kolekcjonuje Pan tak\u017ce np. wyka\u0142aczki, pasty do z\u0119b\u00f3w, szczoteczki\u2026<\/strong><\/p>\n\n\n\n<p>\u2013 Te eksponaty niedawno mo\u017cna by\u0142o obejrze\u0107 w Pawilonie Wystawowym Muzeum Cz\u0119stochowskiego podczas jubileuszowej wystawy \u201eW zdrowym ciele\u2026 czas na kultur\u0119\u201d. Poproszono, \u017cebym zaj\u0105\u0142 si\u0119 przygotowaniem ekspozycji zwi\u0105zanej z higien\u0105 jamy ustnej. Zaprezentowa\u0142em proszki, pasty i wyka\u0142aczki do z\u0119b\u00f3w, a tak\u017ce szczoteczki i pi\u0119knie zdobione porcelanowe pojemniki na nie (to prawdziwa duma mojej kolekcji!). Pokaza\u0142em te\u017c m.in. nici dentystyczne, udowadniaj\u0105c, \u017ce to nie nasz, wsp\u00f3\u0142czesny wymys\u0142, bo pierwsze, jedwabne, pojawi\u0142y si\u0119 ju\u017c na prze\u0142omie XIX i XX wieku.<\/p>\n\n\n\n<p>Do muzealnych gablot trafi\u0142y tak\u017ce np. szczoteczki elektryczne, a najstarsza, kt\u00f3r\u0105 posiadam, pochodzi z lat 40. ubieg\u0142ego wieku. Ciekawostk\u0105 by\u0142 eksponat z lat 60., szczoteczka z timerem, kt\u00f3ra uczy\u0142a tego, jak d\u0142ugo nale\u017cy prawid\u0142owo szczotkowa\u0107 z\u0119by.<\/p>\n\n\n\n<figure class=\"wp-block-image size-large\"><img decoding=\"async\" width=\"1024\" height=\"683\" data-src=\"https:\/\/gazetaregionalna.com\/wp-content\/uploads\/2025\/11\/DSC08385-1024x683.jpg\" alt=\"\" class=\"wp-image-143576 lazyload\" data-srcset=\"https:\/\/gazetaregionalna.com\/wp-content\/uploads\/2025\/11\/DSC08385-1024x683.jpg 1024w, https:\/\/gazetaregionalna.com\/wp-content\/uploads\/2025\/11\/DSC08385-300x200.jpg 300w, https:\/\/gazetaregionalna.com\/wp-content\/uploads\/2025\/11\/DSC08385-768x512.jpg 768w, https:\/\/gazetaregionalna.com\/wp-content\/uploads\/2025\/11\/DSC08385.jpg 1200w\" data-sizes=\"(max-width: 1024px) 100vw, 1024px\" src=\"data:image\/svg+xml;base64,PHN2ZyB3aWR0aD0iMSIgaGVpZ2h0PSIxIiB4bWxucz0iaHR0cDovL3d3dy53My5vcmcvMjAwMC9zdmciPjwvc3ZnPg==\" style=\"--smush-placeholder-width: 1024px; --smush-placeholder-aspect-ratio: 1024\/683;\" \/><\/figure>\n\n\n\n<p><strong>Gdyby chcia\u0142 Pan zaprezentowa\u0107 wszystkie eksponaty ze swojej kolekcji, ile takich sal muzealnych by\u0142oby potrzeba?<\/strong><\/p>\n\n\n\n<p>\u2013 Na pewno du\u017co! W sumie zebra\u0142em ju\u017c oko\u0142o 17 tysi\u0119cy eksponat\u00f3w zwi\u0105zanych ze stomatologi\u0105. Samych foteli dentystycznych mam ok. 70 i jeszcze w tej kwestii nie powiedzia\u0142em ostatniego s\u0142owa, bo je\u015bli trafi\u0119 na jaki\u015b ciekawy, pi\u0119knie wykonany egzemplarz, to kto wie\u2026<\/p>\n\n\n\n<p><strong>O jakich eksponatach jeszcze Pan marzy?<\/strong><\/p>\n\n\n\n<p>\u2013 Te marzenia staram si\u0119 spe\u0142nia\u0107. Ostatnio kupi\u0142em urz\u0105dzenie do wiercenia w z\u0119bach datowane na XVIII-XIX wiek. Zawsze takie chcia\u0142em mie\u0107! Uda\u0142o mi si\u0119 te\u017c kupi\u0107 kilka starych separator\u00f3w do z\u0119b\u00f3w. Oczywi\u015bcie nie wszystkie marzenia da si\u0119 spe\u0142ni\u0107. Chcia\u0142bym mie\u0107 przedmioty zwi\u0105zane z kultur\u0105 Mezopotamii czy staro\u017cytnego Egiptu, ale dzi\u015b s\u0105 one praktycznie nieosi\u0105galne, mo\u017cna je ogl\u0105da\u0107 tylko w muzeach etnograficznych.<\/p>\n\n\n\n<figure class=\"wp-block-image size-large\"><img decoding=\"async\" width=\"1024\" height=\"683\" data-src=\"https:\/\/gazetaregionalna.com\/wp-content\/uploads\/2025\/11\/DSC08382-1024x683.jpg\" alt=\"\" class=\"wp-image-143577 lazyload\" data-srcset=\"https:\/\/gazetaregionalna.com\/wp-content\/uploads\/2025\/11\/DSC08382-1024x683.jpg 1024w, https:\/\/gazetaregionalna.com\/wp-content\/uploads\/2025\/11\/DSC08382-300x200.jpg 300w, https:\/\/gazetaregionalna.com\/wp-content\/uploads\/2025\/11\/DSC08382-768x512.jpg 768w, https:\/\/gazetaregionalna.com\/wp-content\/uploads\/2025\/11\/DSC08382.jpg 1200w\" data-sizes=\"(max-width: 1024px) 100vw, 1024px\" src=\"data:image\/svg+xml;base64,PHN2ZyB3aWR0aD0iMSIgaGVpZ2h0PSIxIiB4bWxucz0iaHR0cDovL3d3dy53My5vcmcvMjAwMC9zdmciPjwvc3ZnPg==\" style=\"--smush-placeholder-width: 1024px; --smush-placeholder-aspect-ratio: 1024\/683;\" \/><\/figure>\n\n\n\n<p><strong>Przy muzeach zostaj\u0105c, to Muzeum Stomatologii, kt\u00f3re prowadzi Pan przy ul. Jasnog\u00f3rskiej, dost\u0119pne jest dla ka\u017cdego?<\/strong><\/p>\n\n\n\n<p>\u2013 Tak, serdecznie zapraszam wszystkich zwiedzaj\u0105cych. Odwiedzaj\u0105 nas ca\u0142e grupy, ale te\u017c i indywidualne osoby. Staram si\u0119 zmienia\u0107 ekspozycj\u0119, pokazywa\u0107 co\u015b nowego. Ale s\u0105 przedmioty,<br>kt\u00f3re prezentuj\u0119 tu na sta\u0142e. To przyk\u0142adowo jeden z najstarszych rentgen\u00f3w stomatologicznych.<\/p>\n\n\n\n<p><strong>Dodajmy, \u017ce Muzeum robi te\u017c karier\u0119 na ekranie\u2026 <\/strong><\/p>\n\n\n\n<p>\u2013 Filmowcy czasami zg\u0142aszaj\u0105 si\u0119 do mnie, bo mam eksponaty, kt\u00f3re naprawd\u0119 trudno zdoby\u0107.<br>Na przyk\u0142ad, gdy Wojciech Smarzowski kr\u0119ci\u0142 \u201eR\u00f3\u017c\u0119\u201d z Agat\u0105 Kulesz\u0105 i Marcinem Doroci\u0144skim w rolach g\u0142\u00f3wnych, do jednej ze scen potrzebowali najstarszego antybiotyku, mia\u0142em taki. Wypo\u017cycza\u0142em te\u017c przedmioty m.in. do film\u00f3w \u201eAutsajder\u201d \u0141ukasza Sikory czy \u201eNiepewno\u015b\u0107. Zakochany Mickiewicz\u201d Waldemara Szarka. Meble, narz\u0119dzia i inne eksponaty gra\u0142y tak\u017ce w innych produkcjach, r\u00f3wnie\u017c serialowych.<\/p>\n\n\n\n<p><strong>Dzi\u0119kujemy za rozmow\u0119.<\/strong><br><strong>Gazeta Regionalna<\/strong><\/p>\n\n\n\n<p><strong>Fot. Adam Kostyra<\/strong><\/p>\n\n\n\n<p>Czytaj tak\u017ce: <strong><a href=\"https:\/\/gazetaregionalna.com\/muzeum-stomatologii-ta-kolekcja-nie-ma-sobie-rownych\/\">Muzeum Stomatologii w Cz\u0119stochowie. 18\u00a0tysi\u0119cy stomatologicznych artefakt\u00f3w \u2013 w\u00a0Polsce ta kolekcja nie ma sobie r\u00f3wnych!<\/a><\/strong><\/p>\n","protected":false},"excerpt":{"rendered":"<p>Dawniej zbiera\u0142 zegary i porcelan\u0119, dzi\u015b posiada imponuj\u0105cy zbi\u00f3r eksponat\u00f3w zwi\u0105zanych nie tylko ze stomatologi\u0105, ale i w og\u00f3le medycyn\u0105 i farmacj\u0105 \u2013 M\u00f3j<\/p>\n","protected":false},"author":11,"featured_media":143558,"comment_status":"closed","ping_status":"open","sticky":false,"template":"","format":"standard","meta":{"_monsterinsights_skip_tracking":false,"_monsterinsights_sitenote_active":false,"_monsterinsights_sitenote_note":"","_monsterinsights_sitenote_category":0,"_uf_show_specific_survey":0,"_uf_disable_surveys":false,"footnotes":""},"categories":[3,12,94,2,37],"tags":[144,10039,10187,9976,9977,2724],"class_list":["post-143538","post","type-post","status-publish","format-standard","has-post-thumbnail","hentry","category-czestochowa-informacje","category-kultura-i-rozrywka","category-polecane","category-wiadomosci","category-zdrowie","tag-czestochowa","tag-kolekcja","tag-kolekcjoner","tag-muzeum-stomatologii","tag-piotr-kuznik","tag-rozmowa"],"_links":{"self":[{"href":"https:\/\/gazetaregionalna.com\/index.php?rest_route=\/wp\/v2\/posts\/143538","targetHints":{"allow":["GET"]}}],"collection":[{"href":"https:\/\/gazetaregionalna.com\/index.php?rest_route=\/wp\/v2\/posts"}],"about":[{"href":"https:\/\/gazetaregionalna.com\/index.php?rest_route=\/wp\/v2\/types\/post"}],"author":[{"embeddable":true,"href":"https:\/\/gazetaregionalna.com\/index.php?rest_route=\/wp\/v2\/users\/11"}],"replies":[{"embeddable":true,"href":"https:\/\/gazetaregionalna.com\/index.php?rest_route=%2Fwp%2Fv2%2Fcomments&post=143538"}],"version-history":[{"count":20,"href":"https:\/\/gazetaregionalna.com\/index.php?rest_route=\/wp\/v2\/posts\/143538\/revisions"}],"predecessor-version":[{"id":143579,"href":"https:\/\/gazetaregionalna.com\/index.php?rest_route=\/wp\/v2\/posts\/143538\/revisions\/143579"}],"wp:featuredmedia":[{"embeddable":true,"href":"https:\/\/gazetaregionalna.com\/index.php?rest_route=\/wp\/v2\/media\/143558"}],"wp:attachment":[{"href":"https:\/\/gazetaregionalna.com\/index.php?rest_route=%2Fwp%2Fv2%2Fmedia&parent=143538"}],"wp:term":[{"taxonomy":"category","embeddable":true,"href":"https:\/\/gazetaregionalna.com\/index.php?rest_route=%2Fwp%2Fv2%2Fcategories&post=143538"},{"taxonomy":"post_tag","embeddable":true,"href":"https:\/\/gazetaregionalna.com\/index.php?rest_route=%2Fwp%2Fv2%2Ftags&post=143538"}],"curies":[{"name":"wp","href":"https:\/\/api.w.org\/{rel}","templated":true}]}}