{"id":143531,"date":"2025-11-10T16:24:08","date_gmt":"2025-11-10T16:24:08","guid":{"rendered":"https:\/\/gazetaregionalna.com\/?p=143531"},"modified":"2025-11-10T16:24:09","modified_gmt":"2025-11-10T16:24:09","slug":"czestochowski-tenisista-stolowy-pawel-pieta-wystapi-po-raz-7-na-igrzyskach","status":"publish","type":"post","link":"https:\/\/gazetaregionalna.com\/?p=143531","title":{"rendered":"Cz\u0119stochowski tenisista sto\u0142owy Pawe\u0142 Pi\u0119ta wyst\u0105pi po raz 7 na Igrzyskach!!!"},"content":{"rendered":"\n<p>Rzym, Melbourne, Tajpej, Sofia, Samsun, Caxias do Sul, Tokio \u2013 cz\u0119stochowski tenisista sto\u0142owy Pawe\u0142 Pi\u0119ta z AZS UJD Cz\u0119stochowa leci do Tokio na XXV Letnie Igrzyska G\u0142uchych. To jego 7 start na Igrzyskach!<\/p>\n\n\n\n<p>&#8211; W dniu 7 listopada 2025 roku w Polskim Komitecie Olimpijskim w Warszawie tenisi\u015bci sto\u0142owi AZS UJD Cz\u0119stochowa otrzymali nominacje do reprezentowania barw Polski w XXV Letnich Igrzyskach G\u0142uchych \u2013 Tokio 2025 \u2013 informuje Pawe\u0142 Pi\u0119ta z AZS UJD Cz\u0119stochowa. &#8211; Z\u0142o\u017cyli tre\u015b\u0107 przysi\u0119gi \u201eW imieniu wszystkich zawodnik\u00f3w przysi\u0119gam, \u017ce pragniemy stan\u0105\u0107 do XXV Letnich Igrzysk G\u0142uchych Tokio we wsp\u00f3\u0142zawodnictwie opartym na lojalno\u015bci rz\u0105dz\u0105cych nimi przepis\u00f3w oraz uczestniczy\u0107 w nich w duchu rycerskim dla honoru naszego kraju i dla chwa\u0142y sportu&#8221;. W dniach 15-27 listopada 2025 roku w Tokio b\u0119dzie rywalizowa\u0142o 3000 sportowc\u00f3w nies\u0142ysz\u0105cych z 80 kraj\u00f3w w 21 dyscyplinach sportu. Reprezentacja Polski liczy 97 zawodnik\u00f3w w tym 8 os\u00f3b to tenisi\u015bci sto\u0142owi (cztery osoby s\u0105 z AZS UJD Cz\u0119stochowa).<\/p>\n\n\n\n<p>Pawe\u0142 Pi\u0119ta wyst\u0105pi po raz si\u00f3dmy i jest jedynym reprezentantem z Polski z tak bogatym sta\u017cem (Rzym, Melbourne, Tajpej, Sofia, Samsun, Caxias do Sul, Tokio).<\/p>\n\n\n\n<p>Karol Jab\u0142o\u0144ski zagra po raz drugi (Caxias do Sul, Tokio), Julia Leszczy\u0144ska b\u0119dzie rywalizowa\u0142a po raz drugi (Caxias do Sul, Tokio) i Gabriela Dyszkiewicz te\u017c drugi raz (Caxias do Sul, Tokio). Zawodniczki Julia Leszczy\u0144ska i Gabriela Dyszkiewicz wraz z Monik\u0105 \u015ami\u017cewsk\u0105 i Juli\u0105 Zaj\u0105c b\u0119d\u0105 broni\u0107 dru\u017cynowego br\u0105zowego medalu zdobytego w Brazylii.<\/p>\n\n\n\n<p>Kadra Polski w 2025 roku przygotowa\u0142a si\u0119 podczas trzech konsultacji w Cz\u0119stochowie i jednego zgrupowania w Cetniewie. .<\/p>\n\n\n\n<p>Jakie nadzieje ma polska reprezentacja? &#8211; O medale b\u0119dzie rywalizowa\u0142o 145 zawodnik\u00f3w z 35 pa\u0144stw \u2013 dodaje Pawe\u0142 Pi\u0119ta. &#8211; Zapowiada si\u0119 trudny turniej dru\u017cynowy, w grach indywidualnych, grach podw\u00f3jnych i mieszanych. Miejsce w \u0107wier\u0107finale b\u0119dzie sukcesem.<\/p>\n\n\n\n<p>Reprezentanci Polski do Japonii wylatuj\u0105 13 listopada przez Frankfurt. Do kraju wr\u00f3c\u0105 27 listopada.<\/p>\n\n\n\n<p>To kolejny sukces sportowc\u00f3w nies\u0142ysz\u0105cych trenuj\u0105cych od trzech dekad w AZS UJD Cz\u0119stochowa. Zawodniczki i zawodnicy dzi\u0119kuj\u0105 Prezydentowi Cz\u0119stochowy, zast\u0119pcom Prezydenta, Radzie Miasta Cz\u0119stochowy, w\u0142adzom rektorskim Uniwersytetu im, Jana D\u0142ugosza za okazan\u0105 pomoc w tworzenie warunk\u00f3w do rozwoju sportowego i zawodowego. Tym razem b\u0119d\u0105 promowa\u0107 Polsk\u0119 i Cz\u0119stochow\u0119 w \u201eKraju kwitn\u0105cej wi\u015bni\u201d.<\/p>\n\n\n\n<p>AK, materia\u0142y prasowe. Fot: archiwum Paw\u0142a Pi\u0119ty<\/p>\n\n\n\n<p>Partnerami relacji sportowych s\u0105:<\/p>\n\n\n\n<p>DMK Invest materia\u0142y budowlane Konopiska<\/p>\n\n\n\n<p>Semex \u2013 hurtownia materia\u0142\u00f3w budowlanych<\/p>\n\n\n\n<p>Orlikowscy. Pokrycia dachowe i rynny<\/p>\n\n\n\n<p>Invictel \u2013 systemy alarmowe, monitoringi, smarthome, automatyka do bram<\/p>\n\n\n\n<figure class=\"wp-block-image size-large\"><img decoding=\"async\" width=\"1024\" height=\"584\" data-src=\"https:\/\/gazetaregionalna.com\/wp-content\/uploads\/2025\/11\/Sparta-Praga-Rakow-9-1-1024x584.jpg\" alt=\"\" class=\"wp-image-143455 lazyload\" data-srcset=\"https:\/\/gazetaregionalna.com\/wp-content\/uploads\/2025\/11\/Sparta-Praga-Rakow-9-1-1024x584.jpg 1024w, https:\/\/gazetaregionalna.com\/wp-content\/uploads\/2025\/11\/Sparta-Praga-Rakow-9-1-300x171.jpg 300w, https:\/\/gazetaregionalna.com\/wp-content\/uploads\/2025\/11\/Sparta-Praga-Rakow-9-1-768x438.jpg 768w, https:\/\/gazetaregionalna.com\/wp-content\/uploads\/2025\/11\/Sparta-Praga-Rakow-9-1.jpg 1200w\" data-sizes=\"(max-width: 1024px) 100vw, 1024px\" src=\"data:image\/svg+xml;base64,PHN2ZyB3aWR0aD0iMSIgaGVpZ2h0PSIxIiB4bWxucz0iaHR0cDovL3d3dy53My5vcmcvMjAwMC9zdmciPjwvc3ZnPg==\" style=\"--smush-placeholder-width: 1024px; --smush-placeholder-aspect-ratio: 1024\/584;\" \/><\/figure>\n\n\n\n<figure class=\"wp-block-image size-large\"><img decoding=\"async\" width=\"1024\" height=\"768\" data-src=\"https:\/\/gazetaregionalna.com\/wp-content\/uploads\/2025\/11\/Pawel-Pieta-1024x768.jpg\" alt=\"\" class=\"wp-image-143532 lazyload\" data-srcset=\"https:\/\/gazetaregionalna.com\/wp-content\/uploads\/2025\/11\/Pawel-Pieta-1024x768.jpg 1024w, https:\/\/gazetaregionalna.com\/wp-content\/uploads\/2025\/11\/Pawel-Pieta-300x225.jpg 300w, https:\/\/gazetaregionalna.com\/wp-content\/uploads\/2025\/11\/Pawel-Pieta-768x576.jpg 768w, https:\/\/gazetaregionalna.com\/wp-content\/uploads\/2025\/11\/Pawel-Pieta.jpg 1200w\" data-sizes=\"(max-width: 1024px) 100vw, 1024px\" src=\"data:image\/svg+xml;base64,PHN2ZyB3aWR0aD0iMSIgaGVpZ2h0PSIxIiB4bWxucz0iaHR0cDovL3d3dy53My5vcmcvMjAwMC9zdmciPjwvc3ZnPg==\" style=\"--smush-placeholder-width: 1024px; --smush-placeholder-aspect-ratio: 1024\/768;\" \/><\/figure>\n\n\n\n<figure class=\"wp-block-image size-large\"><img decoding=\"async\" width=\"1024\" height=\"1024\" data-src=\"https:\/\/gazetaregionalna.com\/wp-content\/uploads\/2025\/10\/DMK-12.10.25-1-1024x1024.jpg\" alt=\"\" class=\"wp-image-142120 lazyload\" data-srcset=\"https:\/\/gazetaregionalna.com\/wp-content\/uploads\/2025\/10\/DMK-12.10.25-1-1024x1024.jpg 1024w, https:\/\/gazetaregionalna.com\/wp-content\/uploads\/2025\/10\/DMK-12.10.25-1-300x300.jpg 300w, https:\/\/gazetaregionalna.com\/wp-content\/uploads\/2025\/10\/DMK-12.10.25-1-150x150.jpg 150w, https:\/\/gazetaregionalna.com\/wp-content\/uploads\/2025\/10\/DMK-12.10.25-1-768x768.jpg 768w, https:\/\/gazetaregionalna.com\/wp-content\/uploads\/2025\/10\/DMK-12.10.25-1-215x215.jpg 215w, https:\/\/gazetaregionalna.com\/wp-content\/uploads\/2025\/10\/DMK-12.10.25-1.jpg 1200w\" data-sizes=\"(max-width: 1024px) 100vw, 1024px\" src=\"data:image\/svg+xml;base64,PHN2ZyB3aWR0aD0iMSIgaGVpZ2h0PSIxIiB4bWxucz0iaHR0cDovL3d3dy53My5vcmcvMjAwMC9zdmciPjwvc3ZnPg==\" style=\"--smush-placeholder-width: 1024px; --smush-placeholder-aspect-ratio: 1024\/1024;\" \/><\/figure>\n\n\n\n<figure class=\"wp-block-image size-large\"><img decoding=\"async\" width=\"1024\" height=\"1024\" data-src=\"https:\/\/gazetaregionalna.com\/wp-content\/uploads\/2025\/08\/Orlikowscy-1-1024x1024.jpg\" alt=\"\" class=\"wp-image-140849 lazyload\" data-srcset=\"https:\/\/gazetaregionalna.com\/wp-content\/uploads\/2025\/08\/Orlikowscy-1-1024x1024.jpg 1024w, https:\/\/gazetaregionalna.com\/wp-content\/uploads\/2025\/08\/Orlikowscy-1-300x300.jpg 300w, https:\/\/gazetaregionalna.com\/wp-content\/uploads\/2025\/08\/Orlikowscy-1-150x150.jpg 150w, https:\/\/gazetaregionalna.com\/wp-content\/uploads\/2025\/08\/Orlikowscy-1-768x768.jpg 768w, https:\/\/gazetaregionalna.com\/wp-content\/uploads\/2025\/08\/Orlikowscy-1-215x215.jpg 215w, https:\/\/gazetaregionalna.com\/wp-content\/uploads\/2025\/08\/Orlikowscy-1.jpg 1080w\" data-sizes=\"(max-width: 1024px) 100vw, 1024px\" src=\"data:image\/svg+xml;base64,PHN2ZyB3aWR0aD0iMSIgaGVpZ2h0PSIxIiB4bWxucz0iaHR0cDovL3d3dy53My5vcmcvMjAwMC9zdmciPjwvc3ZnPg==\" style=\"--smush-placeholder-width: 1024px; --smush-placeholder-aspect-ratio: 1024\/1024;\" \/><\/figure>\n\n\n\n<figure class=\"wp-block-image size-full\"><img decoding=\"async\" width=\"715\" height=\"715\" data-src=\"https:\/\/gazetaregionalna.com\/wp-content\/uploads\/2025\/10\/Invictel.jpg\" alt=\"\" class=\"wp-image-141997 lazyload\" data-srcset=\"https:\/\/gazetaregionalna.com\/wp-content\/uploads\/2025\/10\/Invictel.jpg 715w, https:\/\/gazetaregionalna.com\/wp-content\/uploads\/2025\/10\/Invictel-300x300.jpg 300w, https:\/\/gazetaregionalna.com\/wp-content\/uploads\/2025\/10\/Invictel-150x150.jpg 150w, https:\/\/gazetaregionalna.com\/wp-content\/uploads\/2025\/10\/Invictel-215x215.jpg 215w\" data-sizes=\"(max-width: 715px) 100vw, 715px\" src=\"data:image\/svg+xml;base64,PHN2ZyB3aWR0aD0iMSIgaGVpZ2h0PSIxIiB4bWxucz0iaHR0cDovL3d3dy53My5vcmcvMjAwMC9zdmciPjwvc3ZnPg==\" style=\"--smush-placeholder-width: 715px; --smush-placeholder-aspect-ratio: 715\/715;\" \/><\/figure>\n","protected":false},"excerpt":{"rendered":"<p>Rzym, Melbourne, Tajpej, Sofia, Samsun, Caxias do Sul, Tokio \u2013 cz\u0119stochowski tenisista sto\u0142owy Pawe\u0142 Pi\u0119ta z AZS UJD Cz\u0119stochowa leci do Tokio na XXV<\/p>\n","protected":false},"author":15,"featured_media":143532,"comment_status":"closed","ping_status":"open","sticky":false,"template":"","format":"standard","meta":{"_monsterinsights_skip_tracking":false,"_monsterinsights_sitenote_active":false,"_monsterinsights_sitenote_note":"","_monsterinsights_sitenote_category":0,"_uf_show_specific_survey":0,"_uf_disable_surveys":false,"footnotes":""},"categories":[94,5,10],"tags":[],"class_list":["post-143531","post","type-post","status-publish","format-standard","has-post-thumbnail","hentry","category-polecane","category-sport","category-tenis-stolowy"],"_links":{"self":[{"href":"https:\/\/gazetaregionalna.com\/index.php?rest_route=\/wp\/v2\/posts\/143531","targetHints":{"allow":["GET"]}}],"collection":[{"href":"https:\/\/gazetaregionalna.com\/index.php?rest_route=\/wp\/v2\/posts"}],"about":[{"href":"https:\/\/gazetaregionalna.com\/index.php?rest_route=\/wp\/v2\/types\/post"}],"author":[{"embeddable":true,"href":"https:\/\/gazetaregionalna.com\/index.php?rest_route=\/wp\/v2\/users\/15"}],"replies":[{"embeddable":true,"href":"https:\/\/gazetaregionalna.com\/index.php?rest_route=%2Fwp%2Fv2%2Fcomments&post=143531"}],"version-history":[{"count":1,"href":"https:\/\/gazetaregionalna.com\/index.php?rest_route=\/wp\/v2\/posts\/143531\/revisions"}],"predecessor-version":[{"id":143533,"href":"https:\/\/gazetaregionalna.com\/index.php?rest_route=\/wp\/v2\/posts\/143531\/revisions\/143533"}],"wp:featuredmedia":[{"embeddable":true,"href":"https:\/\/gazetaregionalna.com\/index.php?rest_route=\/wp\/v2\/media\/143532"}],"wp:attachment":[{"href":"https:\/\/gazetaregionalna.com\/index.php?rest_route=%2Fwp%2Fv2%2Fmedia&parent=143531"}],"wp:term":[{"taxonomy":"category","embeddable":true,"href":"https:\/\/gazetaregionalna.com\/index.php?rest_route=%2Fwp%2Fv2%2Fcategories&post=143531"},{"taxonomy":"post_tag","embeddable":true,"href":"https:\/\/gazetaregionalna.com\/index.php?rest_route=%2Fwp%2Fv2%2Ftags&post=143531"}],"curies":[{"name":"wp","href":"https:\/\/api.w.org\/{rel}","templated":true}]}}