{"id":143529,"date":"2025-11-11T02:57:00","date_gmt":"2025-11-11T02:57:00","guid":{"rendered":"https:\/\/gazetaregionalna.com\/?p=143529"},"modified":"2025-11-10T15:02:03","modified_gmt":"2025-11-10T15:02:03","slug":"rakow-czestochowa-zlapal-rytm-i-jest-juz-na-4-miejscu-w-tabeli-pko-bp-ekstraklasy","status":"publish","type":"post","link":"https:\/\/gazetaregionalna.com\/?p=143529","title":{"rendered":"Rak\u00f3w Cz\u0119stochowa z\u0142apa\u0142 rytm i jest ju\u017c na 4. miejscu w tabeli PKO BP Ekstraklasy"},"content":{"rendered":"\n<p>Kibice i pi\u0142karze Rak\u00f3w Cz\u0119stochowa najwyra\u017aniej zapomnieli ju\u017c o s\u0142abszym pocz\u0105tku sezonu w PKO BP Ekstraklasie. Czerwono-niebiescy w niedziel\u0119 odnie\u015bli trzecie zwyci\u0119stwo z rz\u0119du i zameldowali si\u0119 na 4. miejscu w tabeli, kt\u00f3re premiowane jest gr\u0105 w europejskich pucharach.<\/p>\n\n\n\n<p>Rak\u00f3w wygra\u0142 w niedziel\u0119 w Kielcach z Koron\u0105 a\u017c 4:1! Czerwono-niebiescy odnie\u015bli drugie z rz\u0119du zwyci\u0119stwo na wyje\u017adzie i trzecie z rz\u0119du w PKO BP Ekstraklasie. Dzi\u0119ki temu przez najbli\u017csze dwa tygodnie w dobrych humorach sp\u0119dz\u0105 przerw\u0119 na gr\u0119 reprezentacji i b\u0119d\u0105 w spokoju mogli przygotowywa\u0107 si\u0119 do kolejnego spotkania z Piastem Gliwice (22 listopada, godz. 17:30).<\/p>\n\n\n\n<p>Podopieczni trenera Marka Papszuna maj\u0105 za sob\u0105 bardzo dobry okres, gdzie nie przegrali w PKO BP Ekstraklasie, europejskich pucharach i w STS Pucharze Polski. Wszystko wskazuje na to, \u017ce dru\u017cyna wreszcie si\u0119 zgra\u0142a i stanowi teraz postrach dla wszystkich. Rak\u00f3w dzi\u0119ki wygranej w Kielcach awansowa\u0142 na 4. miejsce w tabeli. Czerwono-niebiescy maj\u0105 ju\u017c 23 punkty i trac\u0105 do prowadz\u0105cego G\u00f3rnika Zabrze 6 ,,oczek\u201d. Do wicelidera Jagiellonii Bia\u0142ystok Rak\u00f3w ma 4 punkty straty, a do 3. Wis\u0142y P\u0142ock tylko 3 punkty.<\/p>\n\n\n\n<p>Rak\u00f3w tak jak Jagiellonia i Wis\u0142a maj\u0105 mecz mniej od G\u00f3rnika Zabrze wi\u0119c je\u015bli cz\u0119stochowianie wygraj\u0105 w zaleg\u0142ym spotkaniu z Zag\u0142\u0119biem Lubin to strata do 1. miejsca b\u0119dzie jeszcze mniejsza?<\/p>\n\n\n\n<p>Co czeka teraz kibic\u00f3w i pi\u0142karzy Rakowa? Dwa tygodnie przerwy, podczas kt\u00f3rej b\u0119dzie mo\u017cna troch\u0119 odpocz\u0105\u0107 i w spokoju przygotowa\u0107 si\u0119 do ko\u0144c\u00f3wki roku.<\/p>\n\n\n\n<p>Rak\u00f3w w listopadzie zagra z Piastem Gliwice (22 listopada), z Rapidem Wiede\u0144 w europejskich pucharach (27 listopada w Sosnowcu) i 30 listopada w Gdyni z Ark\u0105.<\/p>\n\n\n\n<p>W grudniu cz\u0119stochowian czekaj\u0105 mecz 1\/8 STS Pucharu Polski we Wroc\u0142awiu ze \u015al\u0105skiem, a tak\u017ce mecze w PKO BP Ekstraklasie z GKS-em Katowice (7 grudnia) i zaleg\u0142y z Zag\u0142\u0119biem Lubin (14 grudnia). Dodatkowo Rak\u00f3w rozegra dwa spotkani w Lidze Konferencji UEFA. W Sosnowcu 11 grudnia ze Zrinjski Mostar oraz 18 grudnia w Nikozji z Omoni\u0105.<\/p>\n\n\n\n<p>Przed zawodnikami trenera Papszuna jeszcze w 2025 roku 8 oficjalnych spotka\u0144 i ka\u017cde bardzo wa\u017cne. Kibice Rakowa licz\u0105, \u017ce Rak\u00f3w do ko\u0144ca roku nie przerwie serii mecz\u00f3w bez pora\u017cki\u2026<\/p>\n\n\n\n<p>MR-K, fot: AK<\/p>\n\n\n\n<p>Partnerami relacji sportowych s\u0105:<\/p>\n\n\n\n<p>Semex \u2013 hurtownia materia\u0142\u00f3w budowlanych<\/p>\n\n\n\n<p>DMK Invest materia\u0142y budowlane Konopiska<\/p>\n\n\n\n<p>Orlikowscy. Pokrycia dachowe i rynny<\/p>\n\n\n\n<p>Invictel \u2013 systemy alarmowe, monitoringi, automatyka do bram, smarthome<\/p>\n\n\n\n<figure class=\"wp-block-image size-large\"><img decoding=\"async\" width=\"1024\" height=\"1024\" data-src=\"https:\/\/gazetaregionalna.com\/wp-content\/uploads\/2025\/10\/DMK-12.10.25-1-1024x1024.jpg\" alt=\"\" class=\"wp-image-142120 lazyload\" data-srcset=\"https:\/\/gazetaregionalna.com\/wp-content\/uploads\/2025\/10\/DMK-12.10.25-1-1024x1024.jpg 1024w, https:\/\/gazetaregionalna.com\/wp-content\/uploads\/2025\/10\/DMK-12.10.25-1-300x300.jpg 300w, https:\/\/gazetaregionalna.com\/wp-content\/uploads\/2025\/10\/DMK-12.10.25-1-150x150.jpg 150w, https:\/\/gazetaregionalna.com\/wp-content\/uploads\/2025\/10\/DMK-12.10.25-1-768x768.jpg 768w, https:\/\/gazetaregionalna.com\/wp-content\/uploads\/2025\/10\/DMK-12.10.25-1-215x215.jpg 215w, https:\/\/gazetaregionalna.com\/wp-content\/uploads\/2025\/10\/DMK-12.10.25-1.jpg 1200w\" data-sizes=\"(max-width: 1024px) 100vw, 1024px\" src=\"data:image\/svg+xml;base64,PHN2ZyB3aWR0aD0iMSIgaGVpZ2h0PSIxIiB4bWxucz0iaHR0cDovL3d3dy53My5vcmcvMjAwMC9zdmciPjwvc3ZnPg==\" style=\"--smush-placeholder-width: 1024px; --smush-placeholder-aspect-ratio: 1024\/1024;\" \/><\/figure>\n\n\n\n<figure class=\"wp-block-image size-large\"><img decoding=\"async\" width=\"1024\" height=\"683\" data-src=\"https:\/\/gazetaregionalna.com\/wp-content\/uploads\/2025\/11\/SpartaPraga-Rakow-000-1024x683.jpg\" alt=\"\" class=\"wp-image-143457 lazyload\" data-srcset=\"https:\/\/gazetaregionalna.com\/wp-content\/uploads\/2025\/11\/SpartaPraga-Rakow-000-1024x683.jpg 1024w, https:\/\/gazetaregionalna.com\/wp-content\/uploads\/2025\/11\/SpartaPraga-Rakow-000-300x200.jpg 300w, https:\/\/gazetaregionalna.com\/wp-content\/uploads\/2025\/11\/SpartaPraga-Rakow-000-768x512.jpg 768w, https:\/\/gazetaregionalna.com\/wp-content\/uploads\/2025\/11\/SpartaPraga-Rakow-000.jpg 1200w\" data-sizes=\"(max-width: 1024px) 100vw, 1024px\" src=\"data:image\/svg+xml;base64,PHN2ZyB3aWR0aD0iMSIgaGVpZ2h0PSIxIiB4bWxucz0iaHR0cDovL3d3dy53My5vcmcvMjAwMC9zdmciPjwvc3ZnPg==\" style=\"--smush-placeholder-width: 1024px; --smush-placeholder-aspect-ratio: 1024\/683;\" \/><\/figure>\n\n\n\n<figure class=\"wp-block-image size-large\"><img decoding=\"async\" width=\"1024\" height=\"584\" data-src=\"https:\/\/gazetaregionalna.com\/wp-content\/uploads\/2025\/11\/Sparta-Praga-Rakow-9-1-1024x584.jpg\" alt=\"\" class=\"wp-image-143455 lazyload\" data-srcset=\"https:\/\/gazetaregionalna.com\/wp-content\/uploads\/2025\/11\/Sparta-Praga-Rakow-9-1-1024x584.jpg 1024w, https:\/\/gazetaregionalna.com\/wp-content\/uploads\/2025\/11\/Sparta-Praga-Rakow-9-1-300x171.jpg 300w, https:\/\/gazetaregionalna.com\/wp-content\/uploads\/2025\/11\/Sparta-Praga-Rakow-9-1-768x438.jpg 768w, https:\/\/gazetaregionalna.com\/wp-content\/uploads\/2025\/11\/Sparta-Praga-Rakow-9-1.jpg 1200w\" data-sizes=\"(max-width: 1024px) 100vw, 1024px\" src=\"data:image\/svg+xml;base64,PHN2ZyB3aWR0aD0iMSIgaGVpZ2h0PSIxIiB4bWxucz0iaHR0cDovL3d3dy53My5vcmcvMjAwMC9zdmciPjwvc3ZnPg==\" style=\"--smush-placeholder-width: 1024px; --smush-placeholder-aspect-ratio: 1024\/584;\" \/><\/figure>\n\n\n\n<figure class=\"wp-block-image size-large\"><img decoding=\"async\" width=\"1024\" height=\"683\" data-src=\"https:\/\/gazetaregionalna.com\/wp-content\/uploads\/2025\/11\/SpartaPraga-Rakow-33-1024x683.jpg\" alt=\"\" class=\"wp-image-143464 lazyload\" data-srcset=\"https:\/\/gazetaregionalna.com\/wp-content\/uploads\/2025\/11\/SpartaPraga-Rakow-33-1024x683.jpg 1024w, https:\/\/gazetaregionalna.com\/wp-content\/uploads\/2025\/11\/SpartaPraga-Rakow-33-300x200.jpg 300w, https:\/\/gazetaregionalna.com\/wp-content\/uploads\/2025\/11\/SpartaPraga-Rakow-33-768x512.jpg 768w, https:\/\/gazetaregionalna.com\/wp-content\/uploads\/2025\/11\/SpartaPraga-Rakow-33.jpg 1200w\" data-sizes=\"(max-width: 1024px) 100vw, 1024px\" src=\"data:image\/svg+xml;base64,PHN2ZyB3aWR0aD0iMSIgaGVpZ2h0PSIxIiB4bWxucz0iaHR0cDovL3d3dy53My5vcmcvMjAwMC9zdmciPjwvc3ZnPg==\" style=\"--smush-placeholder-width: 1024px; --smush-placeholder-aspect-ratio: 1024\/683;\" \/><\/figure>\n\n\n\n<figure class=\"wp-block-image size-large\"><img decoding=\"async\" width=\"1024\" height=\"1024\" data-src=\"https:\/\/gazetaregionalna.com\/wp-content\/uploads\/2025\/08\/Orlikowscy-1-1024x1024.jpg\" alt=\"\" class=\"wp-image-140849 lazyload\" data-srcset=\"https:\/\/gazetaregionalna.com\/wp-content\/uploads\/2025\/08\/Orlikowscy-1-1024x1024.jpg 1024w, https:\/\/gazetaregionalna.com\/wp-content\/uploads\/2025\/08\/Orlikowscy-1-300x300.jpg 300w, https:\/\/gazetaregionalna.com\/wp-content\/uploads\/2025\/08\/Orlikowscy-1-150x150.jpg 150w, https:\/\/gazetaregionalna.com\/wp-content\/uploads\/2025\/08\/Orlikowscy-1-768x768.jpg 768w, https:\/\/gazetaregionalna.com\/wp-content\/uploads\/2025\/08\/Orlikowscy-1-215x215.jpg 215w, https:\/\/gazetaregionalna.com\/wp-content\/uploads\/2025\/08\/Orlikowscy-1.jpg 1080w\" data-sizes=\"(max-width: 1024px) 100vw, 1024px\" src=\"data:image\/svg+xml;base64,PHN2ZyB3aWR0aD0iMSIgaGVpZ2h0PSIxIiB4bWxucz0iaHR0cDovL3d3dy53My5vcmcvMjAwMC9zdmciPjwvc3ZnPg==\" style=\"--smush-placeholder-width: 1024px; --smush-placeholder-aspect-ratio: 1024\/1024;\" \/><\/figure>\n\n\n\n<figure class=\"wp-block-image size-full\"><img decoding=\"async\" width=\"715\" height=\"715\" data-src=\"https:\/\/gazetaregionalna.com\/wp-content\/uploads\/2025\/10\/Invictel.jpg\" alt=\"\" class=\"wp-image-141997 lazyload\" data-srcset=\"https:\/\/gazetaregionalna.com\/wp-content\/uploads\/2025\/10\/Invictel.jpg 715w, https:\/\/gazetaregionalna.com\/wp-content\/uploads\/2025\/10\/Invictel-300x300.jpg 300w, https:\/\/gazetaregionalna.com\/wp-content\/uploads\/2025\/10\/Invictel-150x150.jpg 150w, https:\/\/gazetaregionalna.com\/wp-content\/uploads\/2025\/10\/Invictel-215x215.jpg 215w\" data-sizes=\"(max-width: 715px) 100vw, 715px\" src=\"data:image\/svg+xml;base64,PHN2ZyB3aWR0aD0iMSIgaGVpZ2h0PSIxIiB4bWxucz0iaHR0cDovL3d3dy53My5vcmcvMjAwMC9zdmciPjwvc3ZnPg==\" style=\"--smush-placeholder-width: 715px; --smush-placeholder-aspect-ratio: 715\/715;\" \/><\/figure>\n","protected":false},"excerpt":{"rendered":"<p>Kibice i pi\u0142karze Rak\u00f3w Cz\u0119stochowa najwyra\u017aniej zapomnieli ju\u017c o s\u0142abszym pocz\u0105tku sezonu w PKO BP Ekstraklasie. Czerwono-niebiescy w niedziel\u0119 odnie\u015bli trzecie zwyci\u0119stwo z rz\u0119du<\/p>\n","protected":false},"author":15,"featured_media":143457,"comment_status":"closed","ping_status":"open","sticky":false,"template":"","format":"standard","meta":{"_monsterinsights_skip_tracking":false,"_monsterinsights_sitenote_active":false,"_monsterinsights_sitenote_note":"","_monsterinsights_sitenote_category":0,"_uf_show_specific_survey":0,"_uf_disable_surveys":false,"footnotes":""},"categories":[5,6,94],"tags":[],"class_list":["post-143529","post","type-post","status-publish","format-standard","has-post-thumbnail","hentry","category-sport","category-pilka-nozna","category-polecane"],"_links":{"self":[{"href":"https:\/\/gazetaregionalna.com\/index.php?rest_route=\/wp\/v2\/posts\/143529","targetHints":{"allow":["GET"]}}],"collection":[{"href":"https:\/\/gazetaregionalna.com\/index.php?rest_route=\/wp\/v2\/posts"}],"about":[{"href":"https:\/\/gazetaregionalna.com\/index.php?rest_route=\/wp\/v2\/types\/post"}],"author":[{"embeddable":true,"href":"https:\/\/gazetaregionalna.com\/index.php?rest_route=\/wp\/v2\/users\/15"}],"replies":[{"embeddable":true,"href":"https:\/\/gazetaregionalna.com\/index.php?rest_route=%2Fwp%2Fv2%2Fcomments&post=143529"}],"version-history":[{"count":1,"href":"https:\/\/gazetaregionalna.com\/index.php?rest_route=\/wp\/v2\/posts\/143529\/revisions"}],"predecessor-version":[{"id":143530,"href":"https:\/\/gazetaregionalna.com\/index.php?rest_route=\/wp\/v2\/posts\/143529\/revisions\/143530"}],"wp:featuredmedia":[{"embeddable":true,"href":"https:\/\/gazetaregionalna.com\/index.php?rest_route=\/wp\/v2\/media\/143457"}],"wp:attachment":[{"href":"https:\/\/gazetaregionalna.com\/index.php?rest_route=%2Fwp%2Fv2%2Fmedia&parent=143529"}],"wp:term":[{"taxonomy":"category","embeddable":true,"href":"https:\/\/gazetaregionalna.com\/index.php?rest_route=%2Fwp%2Fv2%2Fcategories&post=143529"},{"taxonomy":"post_tag","embeddable":true,"href":"https:\/\/gazetaregionalna.com\/index.php?rest_route=%2Fwp%2Fv2%2Ftags&post=143529"}],"curies":[{"name":"wp","href":"https:\/\/api.w.org\/{rel}","templated":true}]}}