{"id":143480,"date":"2025-11-09T15:44:37","date_gmt":"2025-11-09T15:44:37","guid":{"rendered":"https:\/\/gazetaregionalna.com\/?p=143480"},"modified":"2025-11-09T15:44:38","modified_gmt":"2025-11-09T15:44:38","slug":"rakow-zdobyl-kielecka-korone","status":"publish","type":"post","link":"https:\/\/gazetaregionalna.com\/?p=143480","title":{"rendered":"Rak\u00f3w zdoby\u0142 kieleck\u0105 Koron\u0119!"},"content":{"rendered":"\n<p>Pi\u0142karze Rakowa Cz\u0119stochowa odnie\u015bli w niedziel\u0119 7 zwyci\u0119stwo w PKO BP Ekstraklasie. Cz\u0119stochowianie wygrali w Kielcach z Koron\u0105.<\/p>\n\n\n\n<p>Kibice Rakowa nie mog\u0105 m\u00f3wi\u0107 o nudzie. W miniony czwartek emocjonowali si\u0119 meczem Ligi Konferencji UEFA w czeskiej Pradze, a w niedziel\u0119 przenie\u015bli si\u0119 do rozgrywek w PKO BP Ekstraklasie i \u015bledzili losy czerwono-niebieskich w Kielcach.<\/p>\n\n\n\n<p>Rak\u00f3w jecha\u0142 do Kielc po remisie ze Spart\u0105 Praga oraz po dw\u00f3ch wygranych w PKO BP Ekstraklasie z Lechi\u0105 Gda\u0144sk i w poprzedni weekend w Bia\u0142ymstoku z Jagielloni\u0105. Podopieczni trenera Marka Papszuna chcieli wygra\u0107 w Kielcach i cieszy\u0107 si\u0119 z 7 zwyci\u0119stwa w sezonie.<\/p>\n\n\n\n<p>Rak\u00f3w rozpocz\u0105\u0142 mecz od mocnego uderzenia. Ju\u017c w 5. minucie Adriano Amorim wyprowadzi\u0142 Rak\u00f3w na prowadzenie 1:0. Gdy kwadrans p\u00f3\u017aniej Jonatan Braut Brunes podwy\u017cszy\u0142 na 2:0 mo\u017cna by\u0142o oczekiwa\u0107, \u017ce Rak\u00f3w odniesie pewne zwyci\u0119stwo.<\/p>\n\n\n\n<p>Tymczasem w 25. minucie spotkania cz\u0119stochowianie pogubili si\u0119 w obronie. Korona zdoby\u0142a kontaktowego gola po strzale Dawida B\u0142anik. Rak\u00f3w do ko\u0144ca pierwszej po\u0142owy zagra\u0142 uwa\u017cnie i utrzyma\u0142 prowadzenie 2:1.<\/p>\n\n\n\n<p>W przerwie w sk\u0142adzie Rakowa dosz\u0142o do zmiany. Za Apostolosa Konstantinopoulosa wszed\u0142 Tomasz Pie\u0144ko. I musia\u0142o doj\u015b\u0107 do roszad w ustawieniu Rakowa.<\/p>\n\n\n\n<p>W drugiej po\u0142owie Rak\u00f3w uwa\u017cnie gra\u0142 w obronie i czeka\u0142 na ataki gospodarzy, kt\u00f3rzy my\u015bleli o wyr\u00f3wnaniu. Cz\u0119stochowianie mieli te\u017c szans\u0119 na 3:1. Amorim otrzyma\u0142 dok\u0142adne podanie od Brunesa. Strzela\u0142 od razu i przestrzeli\u0142 nad bramk\u0105. M\u00f3g\u0142 przyj\u0105\u0107 lub uderzy\u0107 bardziej precyzyjnie&#8230;<\/p>\n\n\n\n<p>W 86. minucie idealn\u0105 okazj\u0119 mia\u0142 Patryk Makuch, kt\u00f3ry przegra\u0142 sytuacj\u0119 sam na sam z bramkarzem gospodarzy. <\/p>\n\n\n\n<p>Rak\u00f3w w doliczonym czasie gry strzeli\u0142 jeszcze 2 gole! Zrehabilitowa\u0142 si\u0119 Makuch, kt\u00f3ry kilka minut wcze\u015bniej zmarnowa\u0142 doskona\u0142\u0105 okazj\u0119 i by\u0142o 3:1. Na 4:1 podwy\u017cszy\u0142 Lamine Diaby-Faddiga, kt\u00f3ry wykorzysta\u0142 rzut karny, po faulu na nim! <\/p>\n\n\n\n<p>Rak\u00f3w wygra\u0142 i zdoby\u0142 wa\u017cne 3 punkty. Czerwono-niebiescy cieszyli si\u0119 z 7 zwyci\u0119stwo w sezonie w PKO BP Ekstraklasie. <\/p>\n\n\n\n<p>MR-K, fot: AK<\/p>\n\n\n\n<p>Korona Kielce \u2013 Rak\u00f3w Cz\u0119stochowa 1:4 (1:2)<\/p>\n\n\n\n<p>Bramki: 0:1 Amorim (5.), 0:2 Brunes (20.), 1:2 B\u0142anik (25.), 1:3 Makuch (90.), 1:4 Diaby-Faddiga (90.)<\/p>\n\n\n\n<p>Rak\u00f3w: Zych \u2013 Svarnas, Racovitan, Konstantopoulos (46. Pie\u0144ko), Amorim (70. Barath), Repka, Struski, Tudor, Bulat (79. Seck), Rondi\u0107 (56. Diaby-Faddiga), Brunes (79. Makuch).<\/p>\n\n\n\n<p>Partnerami relacji sportowych s\u0105:<\/p>\n\n\n\n<p>Semex \u2013 hurtownia materia\u0142\u00f3w budowlanych<\/p>\n\n\n\n<p>DMK Invest materia\u0142y budowlane Konopiska<\/p>\n\n\n\n<p>Orlikowscy. Pokrycia dachowe i rynny<\/p>\n\n\n\n<p>Invictel \u2013 systemy alarmowe, monitoringi, automatyka do bram, smarthome<\/p>\n\n\n\n<figure class=\"wp-block-image size-large\"><img decoding=\"async\" width=\"1024\" height=\"584\" data-src=\"https:\/\/gazetaregionalna.com\/wp-content\/uploads\/2025\/11\/Sparta-Praga-Rakow-9-1-1024x584.jpg\" alt=\"\" class=\"wp-image-143455 lazyload\" data-srcset=\"https:\/\/gazetaregionalna.com\/wp-content\/uploads\/2025\/11\/Sparta-Praga-Rakow-9-1-1024x584.jpg 1024w, https:\/\/gazetaregionalna.com\/wp-content\/uploads\/2025\/11\/Sparta-Praga-Rakow-9-1-300x171.jpg 300w, https:\/\/gazetaregionalna.com\/wp-content\/uploads\/2025\/11\/Sparta-Praga-Rakow-9-1-768x438.jpg 768w, https:\/\/gazetaregionalna.com\/wp-content\/uploads\/2025\/11\/Sparta-Praga-Rakow-9-1.jpg 1200w\" data-sizes=\"(max-width: 1024px) 100vw, 1024px\" src=\"data:image\/svg+xml;base64,PHN2ZyB3aWR0aD0iMSIgaGVpZ2h0PSIxIiB4bWxucz0iaHR0cDovL3d3dy53My5vcmcvMjAwMC9zdmciPjwvc3ZnPg==\" style=\"--smush-placeholder-width: 1024px; --smush-placeholder-aspect-ratio: 1024\/584;\" \/><\/figure>\n\n\n\n<figure class=\"wp-block-image size-full\"><img decoding=\"async\" width=\"1000\" height=\"667\" data-src=\"https:\/\/gazetaregionalna.com\/wp-content\/uploads\/2025\/05\/Stal-Rakow-1999.jpg\" alt=\"\" class=\"wp-image-136827 lazyload\" data-srcset=\"https:\/\/gazetaregionalna.com\/wp-content\/uploads\/2025\/05\/Stal-Rakow-1999.jpg 1000w, https:\/\/gazetaregionalna.com\/wp-content\/uploads\/2025\/05\/Stal-Rakow-1999-300x200.jpg 300w, https:\/\/gazetaregionalna.com\/wp-content\/uploads\/2025\/05\/Stal-Rakow-1999-768x512.jpg 768w\" data-sizes=\"(max-width: 1000px) 100vw, 1000px\" src=\"data:image\/svg+xml;base64,PHN2ZyB3aWR0aD0iMSIgaGVpZ2h0PSIxIiB4bWxucz0iaHR0cDovL3d3dy53My5vcmcvMjAwMC9zdmciPjwvc3ZnPg==\" style=\"--smush-placeholder-width: 1000px; --smush-placeholder-aspect-ratio: 1000\/667;\" \/><\/figure>\n\n\n\n<figure class=\"wp-block-image size-large\"><img decoding=\"async\" width=\"1024\" height=\"1024\" data-src=\"https:\/\/gazetaregionalna.com\/wp-content\/uploads\/2025\/10\/DMK-12.10.25-1-1024x1024.jpg\" alt=\"\" class=\"wp-image-142120 lazyload\" data-srcset=\"https:\/\/gazetaregionalna.com\/wp-content\/uploads\/2025\/10\/DMK-12.10.25-1-1024x1024.jpg 1024w, https:\/\/gazetaregionalna.com\/wp-content\/uploads\/2025\/10\/DMK-12.10.25-1-300x300.jpg 300w, https:\/\/gazetaregionalna.com\/wp-content\/uploads\/2025\/10\/DMK-12.10.25-1-150x150.jpg 150w, https:\/\/gazetaregionalna.com\/wp-content\/uploads\/2025\/10\/DMK-12.10.25-1-768x768.jpg 768w, https:\/\/gazetaregionalna.com\/wp-content\/uploads\/2025\/10\/DMK-12.10.25-1-215x215.jpg 215w, https:\/\/gazetaregionalna.com\/wp-content\/uploads\/2025\/10\/DMK-12.10.25-1.jpg 1200w\" data-sizes=\"(max-width: 1024px) 100vw, 1024px\" src=\"data:image\/svg+xml;base64,PHN2ZyB3aWR0aD0iMSIgaGVpZ2h0PSIxIiB4bWxucz0iaHR0cDovL3d3dy53My5vcmcvMjAwMC9zdmciPjwvc3ZnPg==\" style=\"--smush-placeholder-width: 1024px; --smush-placeholder-aspect-ratio: 1024\/1024;\" \/><\/figure>\n\n\n\n<figure class=\"wp-block-image size-large\"><img decoding=\"async\" width=\"1024\" height=\"683\" data-src=\"https:\/\/gazetaregionalna.com\/wp-content\/uploads\/2025\/10\/Rakow-Lechia-20-1024x683.jpg\" alt=\"\" class=\"wp-image-142764 lazyload\" data-srcset=\"https:\/\/gazetaregionalna.com\/wp-content\/uploads\/2025\/10\/Rakow-Lechia-20-1024x683.jpg 1024w, https:\/\/gazetaregionalna.com\/wp-content\/uploads\/2025\/10\/Rakow-Lechia-20-300x200.jpg 300w, https:\/\/gazetaregionalna.com\/wp-content\/uploads\/2025\/10\/Rakow-Lechia-20-768x512.jpg 768w, https:\/\/gazetaregionalna.com\/wp-content\/uploads\/2025\/10\/Rakow-Lechia-20.jpg 1200w\" data-sizes=\"(max-width: 1024px) 100vw, 1024px\" src=\"data:image\/svg+xml;base64,PHN2ZyB3aWR0aD0iMSIgaGVpZ2h0PSIxIiB4bWxucz0iaHR0cDovL3d3dy53My5vcmcvMjAwMC9zdmciPjwvc3ZnPg==\" style=\"--smush-placeholder-width: 1024px; --smush-placeholder-aspect-ratio: 1024\/683;\" \/><\/figure>\n\n\n\n<figure class=\"wp-block-image size-large\"><img decoding=\"async\" width=\"1024\" height=\"1024\" data-src=\"https:\/\/gazetaregionalna.com\/wp-content\/uploads\/2025\/08\/Orlikowscy-1-1024x1024.jpg\" alt=\"\" class=\"wp-image-140849 lazyload\" data-srcset=\"https:\/\/gazetaregionalna.com\/wp-content\/uploads\/2025\/08\/Orlikowscy-1-1024x1024.jpg 1024w, https:\/\/gazetaregionalna.com\/wp-content\/uploads\/2025\/08\/Orlikowscy-1-300x300.jpg 300w, https:\/\/gazetaregionalna.com\/wp-content\/uploads\/2025\/08\/Orlikowscy-1-150x150.jpg 150w, https:\/\/gazetaregionalna.com\/wp-content\/uploads\/2025\/08\/Orlikowscy-1-768x768.jpg 768w, https:\/\/gazetaregionalna.com\/wp-content\/uploads\/2025\/08\/Orlikowscy-1-215x215.jpg 215w, https:\/\/gazetaregionalna.com\/wp-content\/uploads\/2025\/08\/Orlikowscy-1.jpg 1080w\" data-sizes=\"(max-width: 1024px) 100vw, 1024px\" src=\"data:image\/svg+xml;base64,PHN2ZyB3aWR0aD0iMSIgaGVpZ2h0PSIxIiB4bWxucz0iaHR0cDovL3d3dy53My5vcmcvMjAwMC9zdmciPjwvc3ZnPg==\" style=\"--smush-placeholder-width: 1024px; --smush-placeholder-aspect-ratio: 1024\/1024;\" \/><\/figure>\n\n\n\n<figure class=\"wp-block-image size-large\"><img decoding=\"async\" width=\"1024\" height=\"683\" data-src=\"https:\/\/gazetaregionalna.com\/wp-content\/uploads\/2025\/11\/SpartaPraga-Rakow-32-1024x683.jpg\" alt=\"\" class=\"wp-image-143463 lazyload\" data-srcset=\"https:\/\/gazetaregionalna.com\/wp-content\/uploads\/2025\/11\/SpartaPraga-Rakow-32-1024x683.jpg 1024w, https:\/\/gazetaregionalna.com\/wp-content\/uploads\/2025\/11\/SpartaPraga-Rakow-32-300x200.jpg 300w, https:\/\/gazetaregionalna.com\/wp-content\/uploads\/2025\/11\/SpartaPraga-Rakow-32-768x512.jpg 768w, https:\/\/gazetaregionalna.com\/wp-content\/uploads\/2025\/11\/SpartaPraga-Rakow-32.jpg 1200w\" data-sizes=\"(max-width: 1024px) 100vw, 1024px\" src=\"data:image\/svg+xml;base64,PHN2ZyB3aWR0aD0iMSIgaGVpZ2h0PSIxIiB4bWxucz0iaHR0cDovL3d3dy53My5vcmcvMjAwMC9zdmciPjwvc3ZnPg==\" style=\"--smush-placeholder-width: 1024px; --smush-placeholder-aspect-ratio: 1024\/683;\" \/><\/figure>\n\n\n\n<figure class=\"wp-block-image size-full\"><img decoding=\"async\" width=\"715\" height=\"715\" data-src=\"https:\/\/gazetaregionalna.com\/wp-content\/uploads\/2025\/10\/Invictel.jpg\" alt=\"\" class=\"wp-image-141997 lazyload\" data-srcset=\"https:\/\/gazetaregionalna.com\/wp-content\/uploads\/2025\/10\/Invictel.jpg 715w, https:\/\/gazetaregionalna.com\/wp-content\/uploads\/2025\/10\/Invictel-300x300.jpg 300w, https:\/\/gazetaregionalna.com\/wp-content\/uploads\/2025\/10\/Invictel-150x150.jpg 150w, https:\/\/gazetaregionalna.com\/wp-content\/uploads\/2025\/10\/Invictel-215x215.jpg 215w\" data-sizes=\"(max-width: 715px) 100vw, 715px\" src=\"data:image\/svg+xml;base64,PHN2ZyB3aWR0aD0iMSIgaGVpZ2h0PSIxIiB4bWxucz0iaHR0cDovL3d3dy53My5vcmcvMjAwMC9zdmciPjwvc3ZnPg==\" style=\"--smush-placeholder-width: 715px; --smush-placeholder-aspect-ratio: 715\/715;\" \/><\/figure>\n","protected":false},"excerpt":{"rendered":"<p>Pi\u0142karze Rakowa Cz\u0119stochowa odnie\u015bli w niedziel\u0119 7 zwyci\u0119stwo w PKO BP Ekstraklasie. Cz\u0119stochowianie wygrali w Kielcach z Koron\u0105. Kibice Rakowa nie mog\u0105 m\u00f3wi\u0107 o<\/p>\n","protected":false},"author":15,"featured_media":136827,"comment_status":"closed","ping_status":"open","sticky":false,"template":"","format":"standard","meta":{"_monsterinsights_skip_tracking":false,"_monsterinsights_sitenote_active":false,"_monsterinsights_sitenote_note":"","_monsterinsights_sitenote_category":0,"_uf_show_specific_survey":0,"_uf_disable_surveys":false,"footnotes":""},"categories":[94,6,5],"tags":[],"class_list":["post-143480","post","type-post","status-publish","format-standard","has-post-thumbnail","hentry","category-polecane","category-pilka-nozna","category-sport"],"_links":{"self":[{"href":"https:\/\/gazetaregionalna.com\/index.php?rest_route=\/wp\/v2\/posts\/143480","targetHints":{"allow":["GET"]}}],"collection":[{"href":"https:\/\/gazetaregionalna.com\/index.php?rest_route=\/wp\/v2\/posts"}],"about":[{"href":"https:\/\/gazetaregionalna.com\/index.php?rest_route=\/wp\/v2\/types\/post"}],"author":[{"embeddable":true,"href":"https:\/\/gazetaregionalna.com\/index.php?rest_route=\/wp\/v2\/users\/15"}],"replies":[{"embeddable":true,"href":"https:\/\/gazetaregionalna.com\/index.php?rest_route=%2Fwp%2Fv2%2Fcomments&post=143480"}],"version-history":[{"count":1,"href":"https:\/\/gazetaregionalna.com\/index.php?rest_route=\/wp\/v2\/posts\/143480\/revisions"}],"predecessor-version":[{"id":143481,"href":"https:\/\/gazetaregionalna.com\/index.php?rest_route=\/wp\/v2\/posts\/143480\/revisions\/143481"}],"wp:featuredmedia":[{"embeddable":true,"href":"https:\/\/gazetaregionalna.com\/index.php?rest_route=\/wp\/v2\/media\/136827"}],"wp:attachment":[{"href":"https:\/\/gazetaregionalna.com\/index.php?rest_route=%2Fwp%2Fv2%2Fmedia&parent=143480"}],"wp:term":[{"taxonomy":"category","embeddable":true,"href":"https:\/\/gazetaregionalna.com\/index.php?rest_route=%2Fwp%2Fv2%2Fcategories&post=143480"},{"taxonomy":"post_tag","embeddable":true,"href":"https:\/\/gazetaregionalna.com\/index.php?rest_route=%2Fwp%2Fv2%2Ftags&post=143480"}],"curies":[{"name":"wp","href":"https:\/\/api.w.org\/{rel}","templated":true}]}}