{"id":143462,"date":"2025-11-08T13:47:48","date_gmt":"2025-11-08T13:47:48","guid":{"rendered":"https:\/\/gazetaregionalna.com\/?p=143462"},"modified":"2025-11-08T13:48:30","modified_gmt":"2025-11-08T13:48:30","slug":"do-kielc-po-zwyciestwo","status":"publish","type":"post","link":"https:\/\/gazetaregionalna.com\/?p=143462","title":{"rendered":"Do Kielc po zwyci\u0119stwo!"},"content":{"rendered":"\n<p>Pi\u0142karze Rakowa Cz\u0119stochowa w niedziel\u0119 rozegraj\u0105 kolejne spotkanie w PKO BP Ekstraklasie. W Kielcach zmierz\u0105 si\u0119 z Koron\u0105.<\/p>\n\n\n\n<p>Kibice Rakowa nie mog\u0105 narzeka\u0107 na nud\u0119. W czwartkowy wiecz\u00f3r dru\u017cyna rywalizowa\u0142a w europejskich pucharach, a ju\u017c w niedziel\u0119 b\u0119dzie walczy\u0107 o kolejne punkty w PKO BP Ekstraklasie. Rak\u00f3w zagra w Kielcach z Koron\u0105.<\/p>\n\n\n\n<p>Czerwono-niebiescy maj\u0105 za sob\u0105 bardzo dobry okres. Podopieczni trenera Marka Papszuna wygrali w PKO BP Ekstraklasie dwa ostatnie mecze z Lechi\u0105 Gda\u0144sk i tydzie\u0144 temu w Bia\u0142ymstoku z Jagielloni\u0105. Do tego trzeba te\u017c doda\u0107 wygran\u0105 w STS Pucharze Polski z Cracovi\u0105 Krak\u00f3w oraz dwa remisy w europejskich pucharach z Sigm\u0105 O\u0142omuniec i Spart\u0105 Praga. Dzi\u0119ki wygranym w PKO BP Ekstraklasie Rak\u00f3w ca\u0142y czas pnie si\u0119 w g\u00f3r\u0119 tabeli. Obecnie Rak\u00f3w po 13 kolejkach ma 20 punkt\u00f3w. Jest na 9. miejscu i traci do prowadz\u0105cego G\u00f3rnika Zabrze 9 punkt\u00f3w. Je\u015bli cz\u0119stochowianie wygraj\u0105 w niedziel\u0119 w Kielcach to ta strata zmniejszy si\u0119 do 6 punkt\u00f3w, a trzeba pami\u0119ta\u0107, \u017ce Rak\u00f3w ma jeszcze jeden mecz zaleg\u0142y do rozegrania.<\/p>\n\n\n\n<p>Korona Kielce ma te\u017c 20 punkt\u00f3w, cho\u0107 ma rozegrany jeden mecz wi\u0119cej&#8230;<\/p>\n\n\n\n<p>Kibice Rakowa licz\u0105, \u017ce dru\u017cyna podtrzyma udan\u0105 seri\u0119 spotka\u0144 i w Kielcach wygra po raz 3 z rz\u0119du.<\/p>\n\n\n\n<p>MR-K, fot: AK<\/p>\n\n\n\n<p>Partnerami relacji sportowych s\u0105:<\/p>\n\n\n\n<p>Semex \u2013 hurtownia materia\u0142\u00f3w budowlanych<\/p>\n\n\n\n<p>DMK Invest materia\u0142y budowlane Konopiska<\/p>\n\n\n\n<p>Orlikowscy. Pokrycia dachowe i rynny<\/p>\n\n\n\n<p>Hermetik System \u2013 centrum hydroizolacji<\/p>\n\n\n\n<p>Wy\u017csza Szko\u0142a Zarz\u0105dzania w Cz\u0119stochowie<\/p>\n\n\n\n<p>Invictel \u2013 systemy alarmowe, monitoringi, smarthome, automatyka do bram<\/p>\n\n\n\n<figure class=\"wp-block-image size-large\"><img decoding=\"async\" width=\"1024\" height=\"584\" data-src=\"https:\/\/gazetaregionalna.com\/wp-content\/uploads\/2025\/11\/Sparta-Praga-Rakow-9-1-1024x584.jpg\" alt=\"\" class=\"wp-image-143455 lazyload\" data-srcset=\"https:\/\/gazetaregionalna.com\/wp-content\/uploads\/2025\/11\/Sparta-Praga-Rakow-9-1-1024x584.jpg 1024w, https:\/\/gazetaregionalna.com\/wp-content\/uploads\/2025\/11\/Sparta-Praga-Rakow-9-1-300x171.jpg 300w, https:\/\/gazetaregionalna.com\/wp-content\/uploads\/2025\/11\/Sparta-Praga-Rakow-9-1-768x438.jpg 768w, https:\/\/gazetaregionalna.com\/wp-content\/uploads\/2025\/11\/Sparta-Praga-Rakow-9-1.jpg 1200w\" data-sizes=\"(max-width: 1024px) 100vw, 1024px\" src=\"data:image\/svg+xml;base64,PHN2ZyB3aWR0aD0iMSIgaGVpZ2h0PSIxIiB4bWxucz0iaHR0cDovL3d3dy53My5vcmcvMjAwMC9zdmciPjwvc3ZnPg==\" style=\"--smush-placeholder-width: 1024px; --smush-placeholder-aspect-ratio: 1024\/584;\" \/><\/figure>\n\n\n\n<figure class=\"wp-block-image size-large\"><img decoding=\"async\" width=\"1024\" height=\"683\" data-src=\"https:\/\/gazetaregionalna.com\/wp-content\/uploads\/2025\/11\/SpartaPraga-Rakow-000-1024x683.jpg\" alt=\"\" class=\"wp-image-143457 lazyload\" data-srcset=\"https:\/\/gazetaregionalna.com\/wp-content\/uploads\/2025\/11\/SpartaPraga-Rakow-000-1024x683.jpg 1024w, https:\/\/gazetaregionalna.com\/wp-content\/uploads\/2025\/11\/SpartaPraga-Rakow-000-300x200.jpg 300w, https:\/\/gazetaregionalna.com\/wp-content\/uploads\/2025\/11\/SpartaPraga-Rakow-000-768x512.jpg 768w, https:\/\/gazetaregionalna.com\/wp-content\/uploads\/2025\/11\/SpartaPraga-Rakow-000.jpg 1200w\" data-sizes=\"(max-width: 1024px) 100vw, 1024px\" src=\"data:image\/svg+xml;base64,PHN2ZyB3aWR0aD0iMSIgaGVpZ2h0PSIxIiB4bWxucz0iaHR0cDovL3d3dy53My5vcmcvMjAwMC9zdmciPjwvc3ZnPg==\" style=\"--smush-placeholder-width: 1024px; --smush-placeholder-aspect-ratio: 1024\/683;\" \/><\/figure>\n\n\n\n<figure class=\"wp-block-image size-large\"><img decoding=\"async\" width=\"1024\" height=\"1024\" data-src=\"https:\/\/gazetaregionalna.com\/wp-content\/uploads\/2025\/10\/DMK-12.10.25-1-1024x1024.jpg\" alt=\"\" class=\"wp-image-142120 lazyload\" data-srcset=\"https:\/\/gazetaregionalna.com\/wp-content\/uploads\/2025\/10\/DMK-12.10.25-1-1024x1024.jpg 1024w, https:\/\/gazetaregionalna.com\/wp-content\/uploads\/2025\/10\/DMK-12.10.25-1-300x300.jpg 300w, https:\/\/gazetaregionalna.com\/wp-content\/uploads\/2025\/10\/DMK-12.10.25-1-150x150.jpg 150w, https:\/\/gazetaregionalna.com\/wp-content\/uploads\/2025\/10\/DMK-12.10.25-1-768x768.jpg 768w, https:\/\/gazetaregionalna.com\/wp-content\/uploads\/2025\/10\/DMK-12.10.25-1-215x215.jpg 215w, https:\/\/gazetaregionalna.com\/wp-content\/uploads\/2025\/10\/DMK-12.10.25-1.jpg 1200w\" data-sizes=\"(max-width: 1024px) 100vw, 1024px\" src=\"data:image\/svg+xml;base64,PHN2ZyB3aWR0aD0iMSIgaGVpZ2h0PSIxIiB4bWxucz0iaHR0cDovL3d3dy53My5vcmcvMjAwMC9zdmciPjwvc3ZnPg==\" style=\"--smush-placeholder-width: 1024px; --smush-placeholder-aspect-ratio: 1024\/1024;\" \/><\/figure>\n\n\n\n<figure class=\"wp-block-image size-large\"><img decoding=\"async\" width=\"1024\" height=\"683\" data-src=\"https:\/\/gazetaregionalna.com\/wp-content\/uploads\/2025\/11\/SpartaPraga-Rakow-32-1024x683.jpg\" alt=\"\" class=\"wp-image-143463 lazyload\" data-srcset=\"https:\/\/gazetaregionalna.com\/wp-content\/uploads\/2025\/11\/SpartaPraga-Rakow-32-1024x683.jpg 1024w, https:\/\/gazetaregionalna.com\/wp-content\/uploads\/2025\/11\/SpartaPraga-Rakow-32-300x200.jpg 300w, https:\/\/gazetaregionalna.com\/wp-content\/uploads\/2025\/11\/SpartaPraga-Rakow-32-768x512.jpg 768w, https:\/\/gazetaregionalna.com\/wp-content\/uploads\/2025\/11\/SpartaPraga-Rakow-32.jpg 1200w\" data-sizes=\"(max-width: 1024px) 100vw, 1024px\" src=\"data:image\/svg+xml;base64,PHN2ZyB3aWR0aD0iMSIgaGVpZ2h0PSIxIiB4bWxucz0iaHR0cDovL3d3dy53My5vcmcvMjAwMC9zdmciPjwvc3ZnPg==\" style=\"--smush-placeholder-width: 1024px; --smush-placeholder-aspect-ratio: 1024\/683;\" \/><\/figure>\n\n\n\n<figure class=\"wp-block-image size-large\"><img decoding=\"async\" width=\"1024\" height=\"1024\" data-src=\"https:\/\/gazetaregionalna.com\/wp-content\/uploads\/2025\/08\/Orlikowscy-1-1024x1024.jpg\" alt=\"\" class=\"wp-image-140849 lazyload\" data-srcset=\"https:\/\/gazetaregionalna.com\/wp-content\/uploads\/2025\/08\/Orlikowscy-1-1024x1024.jpg 1024w, https:\/\/gazetaregionalna.com\/wp-content\/uploads\/2025\/08\/Orlikowscy-1-300x300.jpg 300w, https:\/\/gazetaregionalna.com\/wp-content\/uploads\/2025\/08\/Orlikowscy-1-150x150.jpg 150w, https:\/\/gazetaregionalna.com\/wp-content\/uploads\/2025\/08\/Orlikowscy-1-768x768.jpg 768w, https:\/\/gazetaregionalna.com\/wp-content\/uploads\/2025\/08\/Orlikowscy-1-215x215.jpg 215w, https:\/\/gazetaregionalna.com\/wp-content\/uploads\/2025\/08\/Orlikowscy-1.jpg 1080w\" data-sizes=\"(max-width: 1024px) 100vw, 1024px\" src=\"data:image\/svg+xml;base64,PHN2ZyB3aWR0aD0iMSIgaGVpZ2h0PSIxIiB4bWxucz0iaHR0cDovL3d3dy53My5vcmcvMjAwMC9zdmciPjwvc3ZnPg==\" style=\"--smush-placeholder-width: 1024px; --smush-placeholder-aspect-ratio: 1024\/1024;\" \/><\/figure>\n\n\n\n<figure class=\"wp-block-image size-large\"><img decoding=\"async\" width=\"1024\" height=\"688\" data-src=\"https:\/\/gazetaregionalna.com\/wp-content\/uploads\/2025\/11\/SpartaPraga-Rakow-1-1024x688.jpg\" alt=\"\" class=\"wp-image-143458 lazyload\" data-srcset=\"https:\/\/gazetaregionalna.com\/wp-content\/uploads\/2025\/11\/SpartaPraga-Rakow-1-1024x688.jpg 1024w, https:\/\/gazetaregionalna.com\/wp-content\/uploads\/2025\/11\/SpartaPraga-Rakow-1-300x202.jpg 300w, https:\/\/gazetaregionalna.com\/wp-content\/uploads\/2025\/11\/SpartaPraga-Rakow-1-768x516.jpg 768w, https:\/\/gazetaregionalna.com\/wp-content\/uploads\/2025\/11\/SpartaPraga-Rakow-1.jpg 1200w\" data-sizes=\"(max-width: 1024px) 100vw, 1024px\" src=\"data:image\/svg+xml;base64,PHN2ZyB3aWR0aD0iMSIgaGVpZ2h0PSIxIiB4bWxucz0iaHR0cDovL3d3dy53My5vcmcvMjAwMC9zdmciPjwvc3ZnPg==\" style=\"--smush-placeholder-width: 1024px; --smush-placeholder-aspect-ratio: 1024\/688;\" \/><\/figure>\n\n\n\n<figure class=\"wp-block-image size-large\"><img decoding=\"async\" width=\"1024\" height=\"1024\" data-src=\"https:\/\/gazetaregionalna.com\/wp-content\/uploads\/2025\/11\/Hermetik-1024x1024.jpg\" alt=\"\" class=\"wp-image-143399 lazyload\" data-srcset=\"https:\/\/gazetaregionalna.com\/wp-content\/uploads\/2025\/11\/Hermetik-1024x1024.jpg 1024w, https:\/\/gazetaregionalna.com\/wp-content\/uploads\/2025\/11\/Hermetik-300x300.jpg 300w, https:\/\/gazetaregionalna.com\/wp-content\/uploads\/2025\/11\/Hermetik-150x150.jpg 150w, https:\/\/gazetaregionalna.com\/wp-content\/uploads\/2025\/11\/Hermetik-768x768.jpg 768w, https:\/\/gazetaregionalna.com\/wp-content\/uploads\/2025\/11\/Hermetik-215x215.jpg 215w, https:\/\/gazetaregionalna.com\/wp-content\/uploads\/2025\/11\/Hermetik.jpg 1080w\" data-sizes=\"(max-width: 1024px) 100vw, 1024px\" src=\"data:image\/svg+xml;base64,PHN2ZyB3aWR0aD0iMSIgaGVpZ2h0PSIxIiB4bWxucz0iaHR0cDovL3d3dy53My5vcmcvMjAwMC9zdmciPjwvc3ZnPg==\" style=\"--smush-placeholder-width: 1024px; --smush-placeholder-aspect-ratio: 1024\/1024;\" \/><\/figure>\n\n\n\n<figure class=\"wp-block-image size-large\"><img decoding=\"async\" width=\"1024\" height=\"687\" data-src=\"https:\/\/gazetaregionalna.com\/wp-content\/uploads\/2025\/11\/SpartaPraga-Rakow-2-1024x687.jpg\" alt=\"\" class=\"wp-image-143456 lazyload\" data-srcset=\"https:\/\/gazetaregionalna.com\/wp-content\/uploads\/2025\/11\/SpartaPraga-Rakow-2-1024x687.jpg 1024w, https:\/\/gazetaregionalna.com\/wp-content\/uploads\/2025\/11\/SpartaPraga-Rakow-2-300x201.jpg 300w, https:\/\/gazetaregionalna.com\/wp-content\/uploads\/2025\/11\/SpartaPraga-Rakow-2-768x515.jpg 768w, https:\/\/gazetaregionalna.com\/wp-content\/uploads\/2025\/11\/SpartaPraga-Rakow-2.jpg 1200w\" data-sizes=\"(max-width: 1024px) 100vw, 1024px\" src=\"data:image\/svg+xml;base64,PHN2ZyB3aWR0aD0iMSIgaGVpZ2h0PSIxIiB4bWxucz0iaHR0cDovL3d3dy53My5vcmcvMjAwMC9zdmciPjwvc3ZnPg==\" style=\"--smush-placeholder-width: 1024px; --smush-placeholder-aspect-ratio: 1024\/687;\" \/><\/figure>\n\n\n\n<figure class=\"wp-block-image size-large\"><img decoding=\"async\" width=\"1024\" height=\"1024\" data-src=\"https:\/\/gazetaregionalna.com\/wp-content\/uploads\/2025\/11\/WSZ-WyzszaSzkolaZarzadzania-1024x1024.jpg\" alt=\"\" class=\"wp-image-143379 lazyload\" data-srcset=\"https:\/\/gazetaregionalna.com\/wp-content\/uploads\/2025\/11\/WSZ-WyzszaSzkolaZarzadzania-1024x1024.jpg 1024w, https:\/\/gazetaregionalna.com\/wp-content\/uploads\/2025\/11\/WSZ-WyzszaSzkolaZarzadzania-300x300.jpg 300w, https:\/\/gazetaregionalna.com\/wp-content\/uploads\/2025\/11\/WSZ-WyzszaSzkolaZarzadzania-150x150.jpg 150w, https:\/\/gazetaregionalna.com\/wp-content\/uploads\/2025\/11\/WSZ-WyzszaSzkolaZarzadzania-768x768.jpg 768w, https:\/\/gazetaregionalna.com\/wp-content\/uploads\/2025\/11\/WSZ-WyzszaSzkolaZarzadzania-215x215.jpg 215w, https:\/\/gazetaregionalna.com\/wp-content\/uploads\/2025\/11\/WSZ-WyzszaSzkolaZarzadzania.jpg 1080w\" data-sizes=\"(max-width: 1024px) 100vw, 1024px\" src=\"data:image\/svg+xml;base64,PHN2ZyB3aWR0aD0iMSIgaGVpZ2h0PSIxIiB4bWxucz0iaHR0cDovL3d3dy53My5vcmcvMjAwMC9zdmciPjwvc3ZnPg==\" style=\"--smush-placeholder-width: 1024px; --smush-placeholder-aspect-ratio: 1024\/1024;\" \/><\/figure>\n\n\n\n<figure class=\"wp-block-image size-large\"><img decoding=\"async\" width=\"1024\" height=\"683\" data-src=\"https:\/\/gazetaregionalna.com\/wp-content\/uploads\/2025\/11\/SpartaPraga-Rakow-40-1024x683.jpg\" alt=\"\" class=\"wp-image-143465 lazyload\" data-srcset=\"https:\/\/gazetaregionalna.com\/wp-content\/uploads\/2025\/11\/SpartaPraga-Rakow-40-1024x683.jpg 1024w, https:\/\/gazetaregionalna.com\/wp-content\/uploads\/2025\/11\/SpartaPraga-Rakow-40-300x200.jpg 300w, https:\/\/gazetaregionalna.com\/wp-content\/uploads\/2025\/11\/SpartaPraga-Rakow-40-768x512.jpg 768w, https:\/\/gazetaregionalna.com\/wp-content\/uploads\/2025\/11\/SpartaPraga-Rakow-40.jpg 1200w\" data-sizes=\"(max-width: 1024px) 100vw, 1024px\" src=\"data:image\/svg+xml;base64,PHN2ZyB3aWR0aD0iMSIgaGVpZ2h0PSIxIiB4bWxucz0iaHR0cDovL3d3dy53My5vcmcvMjAwMC9zdmciPjwvc3ZnPg==\" style=\"--smush-placeholder-width: 1024px; --smush-placeholder-aspect-ratio: 1024\/683;\" \/><\/figure>\n\n\n\n<figure class=\"wp-block-image size-full\"><img decoding=\"async\" width=\"715\" height=\"715\" data-src=\"https:\/\/gazetaregionalna.com\/wp-content\/uploads\/2025\/10\/Invictel.jpg\" alt=\"\" class=\"wp-image-141997 lazyload\" data-srcset=\"https:\/\/gazetaregionalna.com\/wp-content\/uploads\/2025\/10\/Invictel.jpg 715w, https:\/\/gazetaregionalna.com\/wp-content\/uploads\/2025\/10\/Invictel-300x300.jpg 300w, https:\/\/gazetaregionalna.com\/wp-content\/uploads\/2025\/10\/Invictel-150x150.jpg 150w, https:\/\/gazetaregionalna.com\/wp-content\/uploads\/2025\/10\/Invictel-215x215.jpg 215w\" data-sizes=\"(max-width: 715px) 100vw, 715px\" src=\"data:image\/svg+xml;base64,PHN2ZyB3aWR0aD0iMSIgaGVpZ2h0PSIxIiB4bWxucz0iaHR0cDovL3d3dy53My5vcmcvMjAwMC9zdmciPjwvc3ZnPg==\" style=\"--smush-placeholder-width: 715px; --smush-placeholder-aspect-ratio: 715\/715;\" \/><\/figure>\n","protected":false},"excerpt":{"rendered":"<p>Pi\u0142karze Rakowa Cz\u0119stochowa w niedziel\u0119 rozegraj\u0105 kolejne spotkanie w PKO BP Ekstraklasie. W Kielcach zmierz\u0105 si\u0119 z Koron\u0105. Kibice Rakowa nie mog\u0105 narzeka\u0107 na<\/p>\n","protected":false},"author":15,"featured_media":143457,"comment_status":"closed","ping_status":"open","sticky":false,"template":"","format":"standard","meta":{"_monsterinsights_skip_tracking":false,"_monsterinsights_sitenote_active":false,"_monsterinsights_sitenote_note":"","_monsterinsights_sitenote_category":0,"_uf_show_specific_survey":0,"_uf_disable_surveys":false,"footnotes":""},"categories":[94,6,5],"tags":[],"class_list":["post-143462","post","type-post","status-publish","format-standard","has-post-thumbnail","hentry","category-polecane","category-pilka-nozna","category-sport"],"_links":{"self":[{"href":"https:\/\/gazetaregionalna.com\/index.php?rest_route=\/wp\/v2\/posts\/143462","targetHints":{"allow":["GET"]}}],"collection":[{"href":"https:\/\/gazetaregionalna.com\/index.php?rest_route=\/wp\/v2\/posts"}],"about":[{"href":"https:\/\/gazetaregionalna.com\/index.php?rest_route=\/wp\/v2\/types\/post"}],"author":[{"embeddable":true,"href":"https:\/\/gazetaregionalna.com\/index.php?rest_route=\/wp\/v2\/users\/15"}],"replies":[{"embeddable":true,"href":"https:\/\/gazetaregionalna.com\/index.php?rest_route=%2Fwp%2Fv2%2Fcomments&post=143462"}],"version-history":[{"count":1,"href":"https:\/\/gazetaregionalna.com\/index.php?rest_route=\/wp\/v2\/posts\/143462\/revisions"}],"predecessor-version":[{"id":143466,"href":"https:\/\/gazetaregionalna.com\/index.php?rest_route=\/wp\/v2\/posts\/143462\/revisions\/143466"}],"wp:featuredmedia":[{"embeddable":true,"href":"https:\/\/gazetaregionalna.com\/index.php?rest_route=\/wp\/v2\/media\/143457"}],"wp:attachment":[{"href":"https:\/\/gazetaregionalna.com\/index.php?rest_route=%2Fwp%2Fv2%2Fmedia&parent=143462"}],"wp:term":[{"taxonomy":"category","embeddable":true,"href":"https:\/\/gazetaregionalna.com\/index.php?rest_route=%2Fwp%2Fv2%2Fcategories&post=143462"},{"taxonomy":"post_tag","embeddable":true,"href":"https:\/\/gazetaregionalna.com\/index.php?rest_route=%2Fwp%2Fv2%2Ftags&post=143462"}],"curies":[{"name":"wp","href":"https:\/\/api.w.org\/{rel}","templated":true}]}}