{"id":143413,"date":"2025-11-05T08:43:43","date_gmt":"2025-11-05T08:43:43","guid":{"rendered":"https:\/\/gazetaregionalna.com\/?p=143413"},"modified":"2025-11-05T08:43:44","modified_gmt":"2025-11-05T08:43:44","slug":"czestochowska-straz-miejska-pomagajmy-osobom-bezdomnym-w-okresie-jesienno-zimowym","status":"publish","type":"post","link":"https:\/\/gazetaregionalna.com\/?p=143413","title":{"rendered":"Cz\u0119stochowska Stra\u017c Miejska: Pomagajmy osobom bezdomnym w okresie jesienno-zimowym"},"content":{"rendered":"\n<p>Okres jesienno-zimowy to trudny czas dla os\u00f3b w kryzysie bezdomno\u015bci. Stra\u017c Miejska w Cz\u0119stochowie apeluje, aby jesieni\u0105 i zim\u0105 pomaga\u0107 bezdomnym.<\/p>\n\n\n\n<p>Cz\u0119stochowscy stra\u017cnicy miejscy w okresie jesienno-zimowym patroluj\u0105 miejsca, gdzie nocuj\u0105 osoby bezdomne. S\u0105 to pustostany, zimne piwnice, altany, kana\u0142y i inne miejsca, gdzie gromadz\u0105 si\u0119 bezdomni i s\u0105 nara\u017ceni na wych\u0142odzenie. Je\u015bli stra\u017cnicy miejscy napotykaj\u0105 osoby bezdomne to proponuj\u0105 przewiezienie do ogrzewalni lub noclegowni czy innych miejsc, w kt\u00f3rych osoby bezdomne otrzymaj\u0105 pomoc. Je<\/p>\n\n\n\n<p>Stra\u017c Miejska w Cz\u0119stochowie apeluje te\u017c do mieszka\u0144c\u00f3w miasta. Pobyt os\u00f3b bezdomnych, kt\u00f3re s\u0105 nara\u017cone na wyzi\u0119bienie nale\u017cy zg\u0142asza\u0107 na numery alarmowe (112 lub 986). Tylko szybka informacja mo\u017ce uratowa\u0107 osob\u0119 bezdomn\u0105 przed powa\u017cnym wyzi\u0119bieniem lub zamarzni\u0119ciem.<\/p>\n\n\n\n<p>Jak co roku w \u015al\u0105skim Urz\u0119dzie Wojew\u00f3dzkim w Katowicach z dniem 1 listopada 2025 roku uruchomiona zosta\u0142a infolinia o bezp\u0142atnym numerze telefonu 987. Infolinia obs\u0142ugiwana jest ca\u0142odobowo. Pod wskazanym numerem mo\u017cna uzyska\u0107 informacje dotycz\u0105ce noclegu i wy\u017cywienia dla os\u00f3b w kryzysie bezdomno\u015bci na terenie wojew\u00f3dztwa \u015bl\u0105skiego. Z numeru mog\u0105 korzysta\u0107 osoby w kryzysie bezdomno\u015bci oraz wszyscy mieszka\u0144cy, je\u015bli chc\u0105 komu\u015b zapewni\u0107 pomoc.<\/p>\n\n\n\n<p>\u0179r\u00f3d\u0142o: www.sm.czestochowa.pl <\/p>\n","protected":false},"excerpt":{"rendered":"<p>Okres jesienno-zimowy to trudny czas dla os\u00f3b w kryzysie bezdomno\u015bci. Stra\u017c Miejska w Cz\u0119stochowie apeluje, aby jesieni\u0105 i zim\u0105 pomaga\u0107 bezdomnym. Cz\u0119stochowscy stra\u017cnicy miejscy<\/p>\n","protected":false},"author":25,"featured_media":143414,"comment_status":"closed","ping_status":"open","sticky":false,"template":"","format":"standard","meta":{"_monsterinsights_skip_tracking":false,"_monsterinsights_sitenote_active":false,"_monsterinsights_sitenote_note":"","_monsterinsights_sitenote_category":0,"_uf_show_specific_survey":0,"_uf_disable_surveys":false,"footnotes":""},"categories":[94,3,2],"tags":[],"class_list":["post-143413","post","type-post","status-publish","format-standard","has-post-thumbnail","hentry","category-polecane","category-czestochowa-informacje","category-wiadomosci"],"_links":{"self":[{"href":"https:\/\/gazetaregionalna.com\/index.php?rest_route=\/wp\/v2\/posts\/143413","targetHints":{"allow":["GET"]}}],"collection":[{"href":"https:\/\/gazetaregionalna.com\/index.php?rest_route=\/wp\/v2\/posts"}],"about":[{"href":"https:\/\/gazetaregionalna.com\/index.php?rest_route=\/wp\/v2\/types\/post"}],"author":[{"embeddable":true,"href":"https:\/\/gazetaregionalna.com\/index.php?rest_route=\/wp\/v2\/users\/25"}],"replies":[{"embeddable":true,"href":"https:\/\/gazetaregionalna.com\/index.php?rest_route=%2Fwp%2Fv2%2Fcomments&post=143413"}],"version-history":[{"count":1,"href":"https:\/\/gazetaregionalna.com\/index.php?rest_route=\/wp\/v2\/posts\/143413\/revisions"}],"predecessor-version":[{"id":143415,"href":"https:\/\/gazetaregionalna.com\/index.php?rest_route=\/wp\/v2\/posts\/143413\/revisions\/143415"}],"wp:featuredmedia":[{"embeddable":true,"href":"https:\/\/gazetaregionalna.com\/index.php?rest_route=\/wp\/v2\/media\/143414"}],"wp:attachment":[{"href":"https:\/\/gazetaregionalna.com\/index.php?rest_route=%2Fwp%2Fv2%2Fmedia&parent=143413"}],"wp:term":[{"taxonomy":"category","embeddable":true,"href":"https:\/\/gazetaregionalna.com\/index.php?rest_route=%2Fwp%2Fv2%2Fcategories&post=143413"},{"taxonomy":"post_tag","embeddable":true,"href":"https:\/\/gazetaregionalna.com\/index.php?rest_route=%2Fwp%2Fv2%2Ftags&post=143413"}],"curies":[{"name":"wp","href":"https:\/\/api.w.org\/{rel}","templated":true}]}}