{"id":143409,"date":"2025-11-05T04:42:00","date_gmt":"2025-11-05T04:42:00","guid":{"rendered":"https:\/\/gazetaregionalna.com\/?p=143409"},"modified":"2025-11-05T06:50:04","modified_gmt":"2025-11-05T06:50:04","slug":"rakow-ma-bogactwo-w-bramce-madrzyk-trelowski-zych","status":"publish","type":"post","link":"https:\/\/gazetaregionalna.com\/?p=143409","title":{"rendered":"Rak\u00f3w ma bogactwo w bramce. M\u0105drzyk, Trelowski, Zych\u2026"},"content":{"rendered":"\n<p>Rak\u00f3w Cz\u0119stochowa ma trzech bramkarzy, kt\u00f3rzy z powodzeniem mogliby r\u00f3wnocze\u015bnie w r\u00f3\u017cnych klubach gra\u0107 w podstawowym sk\u0142adzie. Ale trener Rakowa Marek Papszun i szkoleniowiec bramkarzy Maciej Sikorski mo\u017ce stawia\u0107 tylko na jednego z nich\u2026<\/p>\n\n\n\n<p>Jakub M\u0105drzyk w poprzednim sezonie by\u0142 podstawowym bramkarzem Stali Mielec. Stal spad\u0142a jednak do 1. ligi i M\u0105drzyk z wypo\u017cyczenia wr\u00f3ci\u0142 do Rakowa. Mia\u0142 walczy\u0107 z Kacprem Trelowskim o numer 1 w bramce Rakowa. Trelowski by\u0142 jednym z lider\u00f3w Rakowa w poprzednim sezonie i przyczyni\u0142 si\u0119 do zdobycia przez Rak\u00f3w wicemistrzostwa Polski. Trelowski w poprzednim sezonie a\u017c 18 mecz\u00f3w zako\u0144czy\u0142 bez straty gola. Zosta\u0142 te\u017c powo\u0142any na zgrupowanie reprezentacji Polski, a z Gali PKO BP Ekstraklasy wr\u00f3ci\u0142 z nagrod\u0105 m\u0142odzie\u017cowca sezonu 2024\/25 PKO BP Ekstraklasy.<\/p>\n\n\n\n<p>W po\u0142owie lipca 2025 roku Rak\u00f3w poinformowa\u0142, \u017ce wypo\u017cyczy\u0142 z angielskiego FC Aston Villa 21-letniego bramkarza Oliwiera Zycha. A to oznacza\u0142o, \u017ce kt\u00f3ry\u015b z bramkarzy odejdzie z Rakowa, albo sztab szkoleniowy b\u0119dzie mia\u0142 nadmiar na tej pozycji.<\/p>\n\n\n\n<p>I tak rzeczywi\u015bcie jest. Trener Papszun na pocz\u0105tku sezonu stawia\u0142 na Kacpra Trelowskiego. \u201eTrelu\u201d ostatni raz w bramce Rakowa pojawi\u0142 si\u0119 w O\u0142omu\u0144cu, gdzie Rak\u00f3w w Lidze Konferencji Europy zremisowa\u0142 z Sigm\u0105 1:1. W kolejnym meczu z Lechi\u0105 Gda\u0144sk w bramce Rakowa zadebiutowa\u0142 Oliwier Zych. Rak\u00f3w wygra\u0142 2:1, cho\u0107 przez wi\u0119kszo\u015b\u0107 meczu gra\u0142 w os\u0142abieniu.<\/p>\n\n\n\n<p>Zych zagra\u0142 te\u017c w kolejnym spotkaniu STS Pucharu Polski wygranym z Cracovi\u0105 Krak\u00f3w 3:0.<\/p>\n\n\n\n<p>Przed hitem w Bia\u0142ymstoku kibice zastanawiali si\u0119 czy do bramki Rakowa wr\u00f3ci Trelowski czy na tak wa\u017cne spotkanie ponownie zostanie nominowany Zych. Sztab szkoleniowy postawi\u0142 Zycha, dla kt\u00f3rego by\u0142 to trzeci mecz z rz\u0119du w podstawowym sk\u0142adzie Rakowa i trzeci wygrany\u2026<\/p>\n\n\n\n<p>O ile Rak\u00f3w ma kilku kontuzjowanych zawodnik\u00f3w w \u015brodku pola, to w bramce ma nadmiar bogactwa. W kadrze Rakowa jest obecnie 3 bramkarzy, kt\u00f3rzy prezentuj\u0105 poziom ekstraklasowy i \u015bmia\u0142o mogliby r\u00f3wnocze\u015bnie gra\u0107 w podstawowych sk\u0142adach w trzech r\u00f3\u017cnych dru\u017cynach. Nie wiadomo, jakie plany maj\u0105 dzia\u0142acze Rakowa, ale nie mo\u017cna wyklucza\u0107, \u017ce jeden z nich w zimowym okienku transferowym zmieni otoczenie\u2026<\/p>\n\n\n\n<p>MR-K, AK, fot: AK<\/p>\n\n\n\n<p>Partnerami relacji sportowych s\u0105:<\/p>\n\n\n\n<p>Wy\u017csza Szko\u0142a Zarz\u0105dzania w Cz\u0119stochowie <\/p>\n\n\n\n<p>DMK Invest materia\u0142y budowlane Konopiska<\/p>\n\n\n\n<p>Orlikowscy. Pokrycia dachowe i rynny<\/p>\n\n\n\n<p>Hermetik System \u2013 centrum hydroizolacji<\/p>\n\n\n\n<p>Invictel \u2013 systemy alarmowe, monitoringi, smarthome, automatyka do bram<\/p>\n\n\n\n<figure class=\"wp-block-image size-large\"><img decoding=\"async\" width=\"1024\" height=\"1024\" data-src=\"https:\/\/gazetaregionalna.com\/wp-content\/uploads\/2025\/11\/WSZ-WyzszaSzkolaZarzadzania-1024x1024.jpg\" alt=\"\" class=\"wp-image-143379 lazyload\" data-srcset=\"https:\/\/gazetaregionalna.com\/wp-content\/uploads\/2025\/11\/WSZ-WyzszaSzkolaZarzadzania-1024x1024.jpg 1024w, https:\/\/gazetaregionalna.com\/wp-content\/uploads\/2025\/11\/WSZ-WyzszaSzkolaZarzadzania-300x300.jpg 300w, https:\/\/gazetaregionalna.com\/wp-content\/uploads\/2025\/11\/WSZ-WyzszaSzkolaZarzadzania-150x150.jpg 150w, https:\/\/gazetaregionalna.com\/wp-content\/uploads\/2025\/11\/WSZ-WyzszaSzkolaZarzadzania-768x768.jpg 768w, https:\/\/gazetaregionalna.com\/wp-content\/uploads\/2025\/11\/WSZ-WyzszaSzkolaZarzadzania-215x215.jpg 215w, https:\/\/gazetaregionalna.com\/wp-content\/uploads\/2025\/11\/WSZ-WyzszaSzkolaZarzadzania.jpg 1080w\" data-sizes=\"(max-width: 1024px) 100vw, 1024px\" src=\"data:image\/svg+xml;base64,PHN2ZyB3aWR0aD0iMSIgaGVpZ2h0PSIxIiB4bWxucz0iaHR0cDovL3d3dy53My5vcmcvMjAwMC9zdmciPjwvc3ZnPg==\" style=\"--smush-placeholder-width: 1024px; --smush-placeholder-aspect-ratio: 1024\/1024;\" \/><\/figure>\n\n\n\n<figure class=\"wp-block-image size-large\"><img decoding=\"async\" width=\"1024\" height=\"683\" data-src=\"https:\/\/gazetaregionalna.com\/wp-content\/uploads\/2025\/11\/Zych-1-1024x683.jpg\" alt=\"\" class=\"wp-image-143410 lazyload\" data-srcset=\"https:\/\/gazetaregionalna.com\/wp-content\/uploads\/2025\/11\/Zych-1-1024x683.jpg 1024w, https:\/\/gazetaregionalna.com\/wp-content\/uploads\/2025\/11\/Zych-1-300x200.jpg 300w, https:\/\/gazetaregionalna.com\/wp-content\/uploads\/2025\/11\/Zych-1-768x512.jpg 768w, https:\/\/gazetaregionalna.com\/wp-content\/uploads\/2025\/11\/Zych-1.jpg 1200w\" data-sizes=\"(max-width: 1024px) 100vw, 1024px\" src=\"data:image\/svg+xml;base64,PHN2ZyB3aWR0aD0iMSIgaGVpZ2h0PSIxIiB4bWxucz0iaHR0cDovL3d3dy53My5vcmcvMjAwMC9zdmciPjwvc3ZnPg==\" style=\"--smush-placeholder-width: 1024px; --smush-placeholder-aspect-ratio: 1024\/683;\" \/><\/figure>\n\n\n\n<figure class=\"wp-block-image size-large\"><img decoding=\"async\" width=\"1024\" height=\"1024\" data-src=\"https:\/\/gazetaregionalna.com\/wp-content\/uploads\/2025\/11\/Hermetik-1024x1024.jpg\" alt=\"\" class=\"wp-image-143399 lazyload\" data-srcset=\"https:\/\/gazetaregionalna.com\/wp-content\/uploads\/2025\/11\/Hermetik-1024x1024.jpg 1024w, https:\/\/gazetaregionalna.com\/wp-content\/uploads\/2025\/11\/Hermetik-300x300.jpg 300w, https:\/\/gazetaregionalna.com\/wp-content\/uploads\/2025\/11\/Hermetik-150x150.jpg 150w, https:\/\/gazetaregionalna.com\/wp-content\/uploads\/2025\/11\/Hermetik-768x768.jpg 768w, https:\/\/gazetaregionalna.com\/wp-content\/uploads\/2025\/11\/Hermetik-215x215.jpg 215w, https:\/\/gazetaregionalna.com\/wp-content\/uploads\/2025\/11\/Hermetik.jpg 1080w\" data-sizes=\"(max-width: 1024px) 100vw, 1024px\" src=\"data:image\/svg+xml;base64,PHN2ZyB3aWR0aD0iMSIgaGVpZ2h0PSIxIiB4bWxucz0iaHR0cDovL3d3dy53My5vcmcvMjAwMC9zdmciPjwvc3ZnPg==\" style=\"--smush-placeholder-width: 1024px; --smush-placeholder-aspect-ratio: 1024\/1024;\" \/><\/figure>\n\n\n\n<figure class=\"wp-block-image size-large\"><img decoding=\"async\" width=\"1024\" height=\"683\" data-src=\"https:\/\/gazetaregionalna.com\/wp-content\/uploads\/2025\/11\/Zych-2-1024x683.jpg\" alt=\"\" class=\"wp-image-143411 lazyload\" data-srcset=\"https:\/\/gazetaregionalna.com\/wp-content\/uploads\/2025\/11\/Zych-2-1024x683.jpg 1024w, https:\/\/gazetaregionalna.com\/wp-content\/uploads\/2025\/11\/Zych-2-300x200.jpg 300w, https:\/\/gazetaregionalna.com\/wp-content\/uploads\/2025\/11\/Zych-2-768x512.jpg 768w, https:\/\/gazetaregionalna.com\/wp-content\/uploads\/2025\/11\/Zych-2.jpg 1200w\" data-sizes=\"(max-width: 1024px) 100vw, 1024px\" src=\"data:image\/svg+xml;base64,PHN2ZyB3aWR0aD0iMSIgaGVpZ2h0PSIxIiB4bWxucz0iaHR0cDovL3d3dy53My5vcmcvMjAwMC9zdmciPjwvc3ZnPg==\" style=\"--smush-placeholder-width: 1024px; --smush-placeholder-aspect-ratio: 1024\/683;\" \/><\/figure>\n\n\n\n<figure class=\"wp-block-image size-large\"><img decoding=\"async\" width=\"1024\" height=\"1024\" data-src=\"https:\/\/gazetaregionalna.com\/wp-content\/uploads\/2025\/10\/DMK-12.10.25-1-1024x1024.jpg\" alt=\"\" class=\"wp-image-142120 lazyload\" data-srcset=\"https:\/\/gazetaregionalna.com\/wp-content\/uploads\/2025\/10\/DMK-12.10.25-1-1024x1024.jpg 1024w, https:\/\/gazetaregionalna.com\/wp-content\/uploads\/2025\/10\/DMK-12.10.25-1-300x300.jpg 300w, https:\/\/gazetaregionalna.com\/wp-content\/uploads\/2025\/10\/DMK-12.10.25-1-150x150.jpg 150w, https:\/\/gazetaregionalna.com\/wp-content\/uploads\/2025\/10\/DMK-12.10.25-1-768x768.jpg 768w, https:\/\/gazetaregionalna.com\/wp-content\/uploads\/2025\/10\/DMK-12.10.25-1-215x215.jpg 215w, https:\/\/gazetaregionalna.com\/wp-content\/uploads\/2025\/10\/DMK-12.10.25-1.jpg 1200w\" data-sizes=\"(max-width: 1024px) 100vw, 1024px\" src=\"data:image\/svg+xml;base64,PHN2ZyB3aWR0aD0iMSIgaGVpZ2h0PSIxIiB4bWxucz0iaHR0cDovL3d3dy53My5vcmcvMjAwMC9zdmciPjwvc3ZnPg==\" style=\"--smush-placeholder-width: 1024px; --smush-placeholder-aspect-ratio: 1024\/1024;\" \/><\/figure>\n\n\n\n<figure class=\"wp-block-image size-large\"><img decoding=\"async\" width=\"1024\" height=\"1024\" data-src=\"https:\/\/gazetaregionalna.com\/wp-content\/uploads\/2025\/08\/Orlikowscy-1-1024x1024.jpg\" alt=\"\" class=\"wp-image-140849 lazyload\" data-srcset=\"https:\/\/gazetaregionalna.com\/wp-content\/uploads\/2025\/08\/Orlikowscy-1-1024x1024.jpg 1024w, https:\/\/gazetaregionalna.com\/wp-content\/uploads\/2025\/08\/Orlikowscy-1-300x300.jpg 300w, https:\/\/gazetaregionalna.com\/wp-content\/uploads\/2025\/08\/Orlikowscy-1-150x150.jpg 150w, https:\/\/gazetaregionalna.com\/wp-content\/uploads\/2025\/08\/Orlikowscy-1-768x768.jpg 768w, https:\/\/gazetaregionalna.com\/wp-content\/uploads\/2025\/08\/Orlikowscy-1-215x215.jpg 215w, https:\/\/gazetaregionalna.com\/wp-content\/uploads\/2025\/08\/Orlikowscy-1.jpg 1080w\" data-sizes=\"(max-width: 1024px) 100vw, 1024px\" src=\"data:image\/svg+xml;base64,PHN2ZyB3aWR0aD0iMSIgaGVpZ2h0PSIxIiB4bWxucz0iaHR0cDovL3d3dy53My5vcmcvMjAwMC9zdmciPjwvc3ZnPg==\" style=\"--smush-placeholder-width: 1024px; --smush-placeholder-aspect-ratio: 1024\/1024;\" \/><\/figure>\n\n\n\n<figure class=\"wp-block-image size-full\"><img decoding=\"async\" width=\"715\" height=\"715\" data-src=\"https:\/\/gazetaregionalna.com\/wp-content\/uploads\/2025\/10\/Invictel.jpg\" alt=\"\" class=\"wp-image-141997 lazyload\" data-srcset=\"https:\/\/gazetaregionalna.com\/wp-content\/uploads\/2025\/10\/Invictel.jpg 715w, https:\/\/gazetaregionalna.com\/wp-content\/uploads\/2025\/10\/Invictel-300x300.jpg 300w, https:\/\/gazetaregionalna.com\/wp-content\/uploads\/2025\/10\/Invictel-150x150.jpg 150w, https:\/\/gazetaregionalna.com\/wp-content\/uploads\/2025\/10\/Invictel-215x215.jpg 215w\" data-sizes=\"(max-width: 715px) 100vw, 715px\" src=\"data:image\/svg+xml;base64,PHN2ZyB3aWR0aD0iMSIgaGVpZ2h0PSIxIiB4bWxucz0iaHR0cDovL3d3dy53My5vcmcvMjAwMC9zdmciPjwvc3ZnPg==\" style=\"--smush-placeholder-width: 715px; --smush-placeholder-aspect-ratio: 715\/715;\" \/><\/figure>\n","protected":false},"excerpt":{"rendered":"<p>Rak\u00f3w Cz\u0119stochowa ma trzech bramkarzy, kt\u00f3rzy z powodzeniem mogliby r\u00f3wnocze\u015bnie w r\u00f3\u017cnych klubach gra\u0107 w podstawowym sk\u0142adzie. Ale trener Rakowa Marek Papszun i szkoleniowiec<\/p>\n","protected":false},"author":25,"featured_media":143410,"comment_status":"closed","ping_status":"open","sticky":false,"template":"","format":"standard","meta":{"_monsterinsights_skip_tracking":false,"_monsterinsights_sitenote_active":false,"_monsterinsights_sitenote_note":"","_monsterinsights_sitenote_category":0,"_uf_show_specific_survey":0,"_uf_disable_surveys":false,"footnotes":""},"categories":[94,6,5],"tags":[],"class_list":["post-143409","post","type-post","status-publish","format-standard","has-post-thumbnail","hentry","category-polecane","category-pilka-nozna","category-sport"],"_links":{"self":[{"href":"https:\/\/gazetaregionalna.com\/index.php?rest_route=\/wp\/v2\/posts\/143409","targetHints":{"allow":["GET"]}}],"collection":[{"href":"https:\/\/gazetaregionalna.com\/index.php?rest_route=\/wp\/v2\/posts"}],"about":[{"href":"https:\/\/gazetaregionalna.com\/index.php?rest_route=\/wp\/v2\/types\/post"}],"author":[{"embeddable":true,"href":"https:\/\/gazetaregionalna.com\/index.php?rest_route=\/wp\/v2\/users\/25"}],"replies":[{"embeddable":true,"href":"https:\/\/gazetaregionalna.com\/index.php?rest_route=%2Fwp%2Fv2%2Fcomments&post=143409"}],"version-history":[{"count":1,"href":"https:\/\/gazetaregionalna.com\/index.php?rest_route=\/wp\/v2\/posts\/143409\/revisions"}],"predecessor-version":[{"id":143412,"href":"https:\/\/gazetaregionalna.com\/index.php?rest_route=\/wp\/v2\/posts\/143409\/revisions\/143412"}],"wp:featuredmedia":[{"embeddable":true,"href":"https:\/\/gazetaregionalna.com\/index.php?rest_route=\/wp\/v2\/media\/143410"}],"wp:attachment":[{"href":"https:\/\/gazetaregionalna.com\/index.php?rest_route=%2Fwp%2Fv2%2Fmedia&parent=143409"}],"wp:term":[{"taxonomy":"category","embeddable":true,"href":"https:\/\/gazetaregionalna.com\/index.php?rest_route=%2Fwp%2Fv2%2Fcategories&post=143409"},{"taxonomy":"post_tag","embeddable":true,"href":"https:\/\/gazetaregionalna.com\/index.php?rest_route=%2Fwp%2Fv2%2Ftags&post=143409"}],"curies":[{"name":"wp","href":"https:\/\/api.w.org\/{rel}","templated":true}]}}