{"id":143403,"date":"2025-11-04T22:00:15","date_gmt":"2025-11-04T22:00:15","guid":{"rendered":"https:\/\/gazetaregionalna.com\/?p=143403"},"modified":"2025-11-04T22:00:20","modified_gmt":"2025-11-04T22:00:20","slug":"pomaranczowa-trasa-kultu-klub-studio","status":"publish","type":"post","link":"https:\/\/gazetaregionalna.com\/?p=143403","title":{"rendered":"Pomara\u0144czowa trasa Kultu. 14 listopada pora na przystanek w Krakowie. Mamy podw\u00f3jne zaproszenia na koncert w klubie Studio [KONKURS]"},"content":{"rendered":"\n<h2 class=\"wp-block-heading\">Kult jest w trasie. Pomara\u0144czowej oczywi\u015bcie. Po wyst\u0119pach m.in. w Oslo, Amsterdamie czy Brukseli przyjdzie pora na tradycyjny koncert w krakowskim klubie Studio. &#8222;Baranek&#8221;, &#8222;Gdy nie ma dzieci&#8221;, &#8222;Arahja&#8221;, &#8222;Prosto&#8221; i inne przeboje zespo\u0142u Kazika Staszewskiego zabrzmi\u0105 tam ju\u017c w pi\u0105tek, 14 listopada. Mamy dla Czytelnik\u00f3w dwa podw\u00f3jne zaproszenia. Mo\u017cna je wygra\u0107 w konkursie.<\/h2>\n\n\n\n<p>Kult gra na scenie od ponad czterech dekad. Zesp\u00f3\u0142 powsta\u0142 bowiem w 1982 r. w Warszawie na bazie zespo\u0142\u00f3w Poland oraz Novelty Poland. Jego za\u0142o\u017cycielami s\u0105 wokalista (a p\u00f3\u017aniej tak\u017ce saksofonista) Kazik Staszewski oraz basista Piotr Wieteska (dzi\u015b menad\u017cer grupy). Pierwszy sk\u0142ad uzupe\u0142nili gitarzysta Tadeusz Bagan i perkusista Darek Gierszewski. Zesp\u00f3\u0142 zadebiutowa\u0142 na scenie 7 lipca wspomnianego roku w warszawskim klubie Remont. Na koncert sprzeda\u0142o si\u0119 zaledwie\u2026 14 bilet\u00f3w. Wydaje si\u0119 to niewyobra\u017calne, bowiem dzi\u015b Kult wyprzedaje nawet najwi\u0119ksze sale.<\/p>\n\n\n\n<figure class=\"wp-block-image size-full\"><img decoding=\"async\" width=\"800\" height=\"1000\" data-src=\"https:\/\/gazetaregionalna.com\/wp-content\/uploads\/2025\/11\/535523385_1208388107987512_6771003318708343884_n.jpg\" alt=\"\" class=\"wp-image-143407 lazyload\" data-srcset=\"https:\/\/gazetaregionalna.com\/wp-content\/uploads\/2025\/11\/535523385_1208388107987512_6771003318708343884_n.jpg 800w, https:\/\/gazetaregionalna.com\/wp-content\/uploads\/2025\/11\/535523385_1208388107987512_6771003318708343884_n-240x300.jpg 240w, https:\/\/gazetaregionalna.com\/wp-content\/uploads\/2025\/11\/535523385_1208388107987512_6771003318708343884_n-768x960.jpg 768w\" data-sizes=\"(max-width: 800px) 100vw, 800px\" src=\"data:image\/svg+xml;base64,PHN2ZyB3aWR0aD0iMSIgaGVpZ2h0PSIxIiB4bWxucz0iaHR0cDovL3d3dy53My5vcmcvMjAwMC9zdmciPjwvc3ZnPg==\" style=\"--smush-placeholder-width: 800px; --smush-placeholder-aspect-ratio: 800\/1000;\" \/><\/figure>\n\n\n\n<p>Tak\u0105 frekwencj\u0105 ciesz\u0105 si\u0119 zw\u0142aszcza jesienne koncerty w ramach kultowej Pomara\u0144czowej Trasy. Ta tegoroczna rozpocz\u0119\u0142a si\u0119 11 pa\u017adziernika w Poznaniu.  Na jej mapie nie zabrak\u0142o te\u017c m.in. Oslo, Amsterdamu i Brukseli (fina\u0142 zaplanowano za\u015b na Teneryfie). Prosto z Belgii Kazik Staszewski i jego koledzy z zespo\u0142u koncertowa\u0107 b\u0119d\u0105 w krakowskim klubie Studio.<\/p>\n\n\n\n<p>Wydarzenie zaplanowano na pi\u0105tek, 14 listopada. Otwarcie drzwi o godz. 18.30, a granie rozpocznie si\u0119 o godz. 20. Jako support wyst\u0105pi grupa Ko\u0142tun.<\/p>\n\n\n\n<p>Bilety mo\u017cna kupi\u0107 na stronie: <a href=\"https:\/\/www.klubstudio.pl\/koncert\/B8x73B\/2025-11-14\/KULT-Trasa-Pomara%C5%84czowa\" target=\"_blank\" rel=\"noopener\">www.klubstudio.pl<\/a><\/p>\n\n\n\n<figure class=\"wp-block-image size-large\"><img decoding=\"async\" width=\"1024\" height=\"684\" data-src=\"https:\/\/gazetaregionalna.com\/wp-content\/uploads\/2025\/11\/481692029_1046311124195212_8183662215047402398_n-1024x684.jpg\" alt=\"\" class=\"wp-image-143405 lazyload\" data-srcset=\"https:\/\/gazetaregionalna.com\/wp-content\/uploads\/2025\/11\/481692029_1046311124195212_8183662215047402398_n-1024x684.jpg 1024w, https:\/\/gazetaregionalna.com\/wp-content\/uploads\/2025\/11\/481692029_1046311124195212_8183662215047402398_n-300x200.jpg 300w, https:\/\/gazetaregionalna.com\/wp-content\/uploads\/2025\/11\/481692029_1046311124195212_8183662215047402398_n-768x513.jpg 768w, https:\/\/gazetaregionalna.com\/wp-content\/uploads\/2025\/11\/481692029_1046311124195212_8183662215047402398_n.jpg 1200w\" data-sizes=\"(max-width: 1024px) 100vw, 1024px\" src=\"data:image\/svg+xml;base64,PHN2ZyB3aWR0aD0iMSIgaGVpZ2h0PSIxIiB4bWxucz0iaHR0cDovL3d3dy53My5vcmcvMjAwMC9zdmciPjwvc3ZnPg==\" style=\"--smush-placeholder-width: 1024px; --smush-placeholder-aspect-ratio: 1024\/684;\" \/><figcaption class=\"wp-element-caption\">fot. Robert Jod\u0142owski<\/figcaption><\/figure>\n\n\n\n<h3 class=\"wp-block-heading\">Wygraj zaproszenie na ten koncert!<\/h3>\n\n\n\n<p>Mamy dla czytelnik\u00f3w dwa podw\u00f3jne zaproszenie na ten koncert. By je wygra\u0107 nale\u017cy odpowiedzie\u0107 na poni\u017csze pytanie (uzasadniaj\u0105c odpowied\u017a):<\/p>\n\n\n\n<p><strong>Kt\u00f3ry z utwor\u00f3w Kultu jest Twoim zdaniem najbardziej dzi\u015b aktualny?<\/strong><\/p>\n\n\n\n<p>Odpowied\u017a nale\u017cy wys\u0142a\u0107 mailowo na adres <strong>konkursy@gazetaregionalna.com<\/strong>, w tytule podaj\u0105c \u201eKult Studio\u201d, a w tre\u015bci tak\u017ce swoje imi\u0119 i nazwisko. <strong>Zadanie nale\u017cy wykona\u0107 w terminie od 5 listopada<\/strong> <strong>od godz. 9 do 6 listopada do godz. 9.<\/strong><\/p>\n\n\n\n<h4 class=\"wp-block-heading\">Regulamin konkursu \u201cKult \u2013 Studio\u201d<\/h4>\n\n\n\n<p><strong>\u00a7 1. POSTANOWIENIA OG\u00d3LNE<\/strong><\/p>\n\n\n\n<p>1. Organizatorem konkurs\u00f3w jest GazetaRegionalna.com, al. Ko\u015bciuszki 13, lok. 6, 42-202 Cz\u0119stochowa, (zwana dalej \u201eOrganizatorem\u201d).<br>2. Fundatorem nagrody jest klub Studio<br>3. Niniejszy regulamin (dalej \u201eRegulamin\u201d) stanowi podstaw\u0119 organizacji oraz okre\u015bla warunki Konkursu.<br>4. Konkurs nie jest stworzony, administrowany, wspierany ani sponsorowany przez Facebook.<br>5. Konkurs jest prowadzony na stronie <a href=\"https:\/\/www.gazetaregionalna.com\">www.gazetaregionalna.com<\/a>.<\/p>\n\n\n\n<p>6. Administratorem danych osobowych udost\u0119pnianych przez Uczestnik\u00f3w Konkursu jest Organizator. Podanie danych osobowych ma charakter dowolny, lecz niezb\u0119dny do przyst\u0105pienia przez Uczestnika do Konkursu. Osobom udost\u0119pniaj\u0105cym dane przys\u0142uguje prawo dost\u0119pu do tych danych, ich zmian b\u0105d\u017a usuni\u0119cia.<\/p>\n\n\n\n<p><strong>\u00a7 2. MIEJSCE, CZAS I ZASADY KONKURSU<\/strong><\/p>\n\n\n\n<p>1. Konkurs jest dost\u0119pny w formie tekstu konkursowego na portalu organizatora gazetaregionalna.com<strong>. Konkurs trwa od 5 listopada 2025 r. od godz. 9 do 6 listopada 2025 r. do godz. 9.<\/strong>W wyj\u0105tkowych sytuacjach Organizator konkursu mo\u017ce przed\u0142u\u017cy\u0107 lub przerwa\u0107 trwanie konkursu, w\u00a0okre\u015blonym przez siebie zakresie, o czym poinformuje uczestnik\u00f3w konkursu na profilu wskazanym w \u00a71 pkt.6 Regulaminu.<\/p>\n\n\n\n<p><strong>\u00a7 3. UCZESTNICY KONKURSU<\/strong><\/p>\n\n\n\n<p>Uczestnikami Konkursu mog\u0105 by\u0107 wy\u0142\u0105cznie osoby fizyczne, konsumenci w rozumieniu art. 221 kodeksu cywilnego, posiadaj\u0105ce pe\u0142n\u0105 zdolno\u015bci do czynno\u015bci prawnych, kt\u00f3re zaakceptowa\u0142y niniejszy Regulamin (dalej: \u201eUczestnik\u201d).<\/p>\n\n\n\n<p>Uczestnik o\u015bwiadcza, \u017ce:a. jest osob\u0105 fizyczn\u0105, posiadaj\u0105c\u0105 pe\u0142n\u0105 zdolno\u015b\u0107 do czynno\u015bci prawnych;b. jest osob\u0105 pe\u0142noletni\u0105;c. zapozna\u0142 si\u0119 z tre\u015bci\u0105 niniejszego Regulaminu i w spos\u00f3b dobrowolny przyst\u0119puje do Konkursu;d. wyra\u017ca zgod\u0119 i akceptuje warunki Regulaminu, w tym zapozna\u0142 si\u0119 z tre\u015bci\u0105 dotycz\u0105c\u0105 procedury odbioru nagrody i j\u0105 w pe\u0142ni akceptuje;e. zobowi\u0105zuje si\u0119 do przestrzegania postanowie\u0144 Regulaminu;f. wyrazi\u0142 zgod\u0119 na przetwarzanie danych osobowych dla cel\u00f3w zwi\u0105zanych z uczestnictwem w Konkursie;<\/p>\n\n\n\n<p>Uczestnik zobowi\u0105zuje si\u0119 do przestrzegania okre\u015blonych w Regulaminie zasad, jak r\u00f3wnie\u017c potwierdza, i\u017c spe\u0142nia wszystkie warunki, kt\u00f3re uprawniaj\u0105 go do udzia\u0142u w Konkursie.4. W Konkursie nie mog\u0105 uczestniczy\u0107 pracownicy i wsp\u00f3\u0142pracownicy Organizatora.<\/p>\n\n\n\n<p><strong>\u00a7 4. NAGRODA<\/strong><\/p>\n\n\n\n<p><strong>1. Nagrod\u0105 w Konkursie s\u0105 dwa podw\u00f3jne zaproszenia na koncert zespo\u0142u Kult, kt\u00f3ry odb\u0119dzie si\u0119 14 listopada w klubie Studio w Krakowie<\/strong> <strong>dla dw\u00f3ch os\u00f3b wy\u0142onionych w\u00a0spos\u00f3b wskazany w \u00a76.<\/strong><\/p>\n\n\n\n<p>Informacja o Nagrodzie b\u0119dzie zawarta w tre\u015bci og\u0142oszenia o Konkursie opublikowanego na stronie gazetaregionalna.com.<\/p>\n\n\n\n<p>3.Laureatowi nie przys\u0142uguje prawo wymiany Nagrody na got\u00f3wk\u0119 ani nagrod\u0119 innego rodzaju.<\/p>\n\n\n\n<p>.4. Zwyci\u0119zca mo\u017ce zrzec si\u0119 Nagrody, ale w zamian nie przys\u0142uguje mu ekwiwalent pieni\u0119\u017cny ani jakakolwiek inna nagroda.<\/p>\n\n\n\n<p><strong>\u00a7 5. ZASADY UCZESTNICTWA W KONKURSIE<\/strong><\/p>\n\n\n\n<p><strong>1. Zadaniem Uczestnika Konkursu jest:<\/strong>odpowied\u017a na zadanie\/pytanie konkursowe przedstawione na stronie gazetaregionalna.com. Jest ono nast\u0119puj\u0105ce: <strong>Kt\u00f3ry z utwor\u00f3w Kultu jest Twoim zdaniem najbardziej dzi\u015b aktualny?<\/strong><\/p>\n\n\n\n<p>Odpowied\u017a nale\u017cy wys\u0142a\u0107 mailowo na adres <a href=\"mailto:konkursy@gazetaregionalna.com\">konkursy@gazetaregionalna.com<\/a>, w tytule podaj\u0105c \u201cKult-Studio\u201d, a w tre\u015bci swoje imi\u0119 i nazwisko.<\/p>\n\n\n\n<p>Zadanie nale\u017cy wykona\u0107 w terminie <strong>od 5 listopada od godz. 9 do 6 listopada do godz. 9.<\/strong>1. Warunkiem uczestnictwa w Konkursie jest poprawne wykonanie wszystkich zada\u0144 opisanych w \u00a7 5. ust. 1 Regulaminu.<\/p>\n\n\n\n<p>2.O przyznaniu nagrody decyduje Organizator w drodze analizy poprawno\u015bci wykonania zada\u0144 opisanych w \u00a7 5. ust. 1 Regulaminu przez Uczestnik\u00f3w Konkursu.<\/p>\n\n\n\n<p><strong>3. Spo\u015br\u00f3d nades\u0142anych odpowiedzi Organizator wy\u0142oni dw\u00f3ch zwyci\u0119zc\u00f3w.<\/strong><\/p>\n\n\n\n<p><strong>4. Zwyci\u0119zcy Konkursu zostan\u0105 powiadomieni o wygranej i o formie jej odbioru w wiadomo\u015bci mailowej wys\u0142anej z adresu <a href=\"mailto:konkursy@gazetaregionalna.com\">konkursy@gazetaregionalna.com<\/a> najp\u00f3\u017aniej do 12 listopada do godz. 22.<\/strong><\/p>\n\n\n\n<p><strong>\u00a7 7. ZAKRES ODPOWIEDZIALNO\u015aCI ORGANIZATORA<\/strong><\/p>\n\n\n\n<p>1.Organizator nie ponosi odpowiedzialno\u015bci za rzetelno\u015b\u0107 i prawdziwo\u015b\u0107 danych Uczestnik\u00f3w Konkursu, w tym za brak mo\u017cliwo\u015bci przekazania nagr\u00f3d, z przyczyny le\u017c\u0105cych po stronie Uczestnika, w szczeg\u00f3lno\u015bci, je\u015bli ten nie poda\u0142 prawdziwego adresu do korespondencji lub podane dane s\u0105 niepe\u0142ne lub nieaktualne.<\/p>\n\n\n\n<p>2. Organizator o\u015bwiadcza, \u017ce nie prowadzi kontroli, ani monitoringu tre\u015bci umieszczanych przez Uczestnik\u00f3w w zakresie rzetelno\u015bci i prawdziwo\u015bci, z zastrze\u017ceniem dzia\u0142a\u0144 zwi\u0105zanych z usuni\u0119ciem narusze\u0144 Regulaminu lub przepis\u00f3w powszechnie obowi\u0105zuj\u0105cych.<\/p>\n\n\n\n<p>3.Organizator zastrzega sobie prawo do wykluczenia z udzia\u0142u w Konkursie Uczestnik\u00f3w, kt\u00f3rych dzia\u0142ania s\u0105 sprzeczne z prawem lub Regulaminem.<\/p>\n\n\n\n<p>4.Organizator nie ponosi odpowiedzialno\u015bci za jakiekolwiek zak\u0142\u00f3cenia w dzia\u0142aniu \u0142\u0105cz teleinformatycznych, serwer\u00f3w, interfejs\u00f3w oraz przegl\u0105darek.<\/p>\n\n\n\n<p><strong>\u00a7 8. PRZETWARZANIE DANYCH OSOBOWYCH<\/strong><\/p>\n\n\n\n<p>1.Dane osobowe Uczestnik\u00f3w Konkursu b\u0119d\u0105 przetwarzane przez Organizatora wy\u0142\u0105cznie w celu dokonania czynno\u015bci niezb\u0119dnych do prawid\u0142owego przeprowadzenia Konkursu.<\/p>\n\n\n\n<p>2.Dane osobowe Uczestnik\u00f3w Konkursu b\u0119d\u0105 przechowywane przez Organizatora tylko przez okres niezb\u0119dny do przeprowadzenia Konkursu i wydania nagr\u00f3d wyr\u00f3\u017cnionym Uczestnikom.<\/p>\n\n\n\n<p>3. Uczestnicy maj\u0105 prawo wgl\u0105du do przetwarzanych danych i ich poprawiania oraz usuwania. Dane s\u0105 podawane na zasadach dobrowolno\u015bci.<\/p>\n\n\n\n<p>4.W momencie usuni\u0119cia danych U\u017cytkownik traci mo\u017cliwo\u015b\u0107 Uczestnictwa w Konkursie.<\/p>\n\n\n\n<p><strong>\u00a7 9. PRAWA AUTORSKIE<\/strong><\/p>\n\n\n\n<p>1.Wszelkie prawa w\u0142asno\u015bci intelektualnej do Konkursu przys\u0142uguj\u0105 Organizatorowi. Uczestnictwo w Konkursie nie skutkuje w \u017cadnym zakresie nabyciem przez Uczestnik\u00f3w jakichkolwiek praw w\u0142asno\u015bci intelektualnej. Zabronione jest naruszanie w jakikolwiek spos\u00f3b praw w\u0142asno\u015bci intelektualnej w Konkursie, w szczeg\u00f3lno\u015bci:a) kopiowanie, modyfikowanie oraz transmitowanie elektronicznie lub rozpowszechnianie w inny spos\u00f3b mechanizmu Konkursu lub jego cz\u0119\u015bci, a tak\u017ce poszczeg\u00f3lnych utwor\u00f3w i baz danych, bez wyra\u017anej pisemnej zgody Administratora;b) korzystanie z Konkursu w spos\u00f3b niezgodny z Regulaminem lub powszechnie obowi\u0105zuj\u0105cymi przepisami.<\/p>\n\n\n\n<p><strong>\u00a7 10. REKLAMACJE I ZG\u0141OSZENIA NARUSZE\u0143<\/strong><\/p>\n\n\n\n<ol class=\"wp-block-list\">\n<li>Wszelkie reklamacje dotycz\u0105ce sposobu przeprowadzania Konkursu, Uczestnicy winni zg\u0142asza\u0107 na pi\u015bmie w czasie trwania Konkursu, jednak nie p\u00f3\u017aniej ni\u017c w terminie 7 (siedmiu) dni od dnia wydania Nagr\u00f3d.<\/li>\n\n\n\n<li>Reklamacja zg\u0142oszona po wyznaczonym terminie nie wywo\u0142uje skutk\u00f3w prawnych.<\/li>\n\n\n\n<li>Pisemna reklamacja powinna zawiera\u0107 imi\u0119, nazwisko, dok\u0142adny adres Uczestnika oraz dok\u0142adny opis i uzasadnienie reklamacji.<\/li>\n\n\n\n<li><strong>Reklamacja powinna by\u0107 przes\u0142ana listem poleconym na adres Organizatora z dopiskiem \u201eKonkurs z dnia 5 listopada 2025 r.\u201d.<\/strong><\/li>\n\n\n\n<li>Reklamacje rozpatrywane b\u0119d\u0105 pisemnie w terminie 30 dni.<\/li>\n<\/ol>\n\n\n\n<ol class=\"wp-block-list\">\n<li><strong>\u00a7 11. POSTANOWIENIA KO\u0143COWE<\/strong><\/li>\n\n\n\n<li>Regulamin wchodzi w \u017cycie z dniem 5 listopada 2025 r. i obowi\u0105zuje do 6 listopada 2025 r.<\/li>\n\n\n\n<li>W kwestiach nieuregulowanych niniejszym Regulaminem stosuje si\u0119 przepisy Kodeksu cywilnego i inne przepisy prawa.Spory odnosz\u0105ce si\u0119 i wynikaj\u0105ce z Konkursu b\u0119d\u0105 rozwi\u0105zywane przez s\u0105d powszechny w\u0142a\u015bciwy miejscowo dla siedziby Organizatora.Organizator zastrzega sobie prawo do zmiany zasad Konkursu w trakcie jego trwania. Informacja o zmianach b\u0119dzie zamieszczona na stronie gazetaregionalna.com.<\/li>\n<\/ol>\n\n\n\n<p>Zwyci\u0119zcy Konkursu zostan\u0105 powiadomieni o wygranej i o formie jej odbioru w wiadomo\u015bci mailowej wys\u0142anej najp\u00f3\u017aniej do 12 listopada do godz. 22.<\/p>\n","protected":false},"excerpt":{"rendered":"<p>Kult jest w trasie. Pomara\u0144czowej oczywi\u015bcie. Po wyst\u0119pach m.in. w Oslo, Amsterdamie czy Brukseli przyjdzie pora na tradycyjny koncert w krakowskim klubie Studio. &#8222;Baranek&#8221;,<\/p>\n","protected":false},"author":11,"featured_media":143406,"comment_status":"closed","ping_status":"open","sticky":false,"template":"","format":"standard","meta":{"_monsterinsights_skip_tracking":false,"_monsterinsights_sitenote_active":false,"_monsterinsights_sitenote_note":"","_monsterinsights_sitenote_category":0,"_uf_show_specific_survey":0,"_uf_disable_surveys":false,"footnotes":""},"categories":[12,94,2],"tags":[8491,716,89,1171],"class_list":["post-143403","post","type-post","status-publish","format-standard","has-post-thumbnail","hentry","category-kultura-i-rozrywka","category-polecane","category-wiadomosci","tag-klub-studio","tag-koncert","tag-konkurs","tag-kult"],"_links":{"self":[{"href":"https:\/\/gazetaregionalna.com\/index.php?rest_route=\/wp\/v2\/posts\/143403","targetHints":{"allow":["GET"]}}],"collection":[{"href":"https:\/\/gazetaregionalna.com\/index.php?rest_route=\/wp\/v2\/posts"}],"about":[{"href":"https:\/\/gazetaregionalna.com\/index.php?rest_route=\/wp\/v2\/types\/post"}],"author":[{"embeddable":true,"href":"https:\/\/gazetaregionalna.com\/index.php?rest_route=\/wp\/v2\/users\/11"}],"replies":[{"embeddable":true,"href":"https:\/\/gazetaregionalna.com\/index.php?rest_route=%2Fwp%2Fv2%2Fcomments&post=143403"}],"version-history":[{"count":2,"href":"https:\/\/gazetaregionalna.com\/index.php?rest_route=\/wp\/v2\/posts\/143403\/revisions"}],"predecessor-version":[{"id":143408,"href":"https:\/\/gazetaregionalna.com\/index.php?rest_route=\/wp\/v2\/posts\/143403\/revisions\/143408"}],"wp:featuredmedia":[{"embeddable":true,"href":"https:\/\/gazetaregionalna.com\/index.php?rest_route=\/wp\/v2\/media\/143406"}],"wp:attachment":[{"href":"https:\/\/gazetaregionalna.com\/index.php?rest_route=%2Fwp%2Fv2%2Fmedia&parent=143403"}],"wp:term":[{"taxonomy":"category","embeddable":true,"href":"https:\/\/gazetaregionalna.com\/index.php?rest_route=%2Fwp%2Fv2%2Fcategories&post=143403"},{"taxonomy":"post_tag","embeddable":true,"href":"https:\/\/gazetaregionalna.com\/index.php?rest_route=%2Fwp%2Fv2%2Ftags&post=143403"}],"curies":[{"name":"wp","href":"https:\/\/api.w.org\/{rel}","templated":true}]}}