{"id":143400,"date":"2025-11-04T21:24:20","date_gmt":"2025-11-04T21:24:20","guid":{"rendered":"https:\/\/gazetaregionalna.com\/?p=143400"},"modified":"2025-11-04T21:24:22","modified_gmt":"2025-11-04T21:24:22","slug":"warsztaty-mizera-studio","status":"publish","type":"post","link":"https:\/\/gazetaregionalna.com\/?p=143400","title":{"rendered":"Warsztaty rysowania i malowania zwierz\u0105t od podstaw w cz\u0119stochowskim Mizera Studio"},"content":{"rendered":"\n<h2 class=\"wp-block-heading\">Stw\u00f3rz portret swojego pupila &#8211; zach\u0119ca malarka Ma\u0142gorzata Mizera, tw\u00f3rczyni Mizera Studio. 10 listopada zaprasza na warsztaty rysowania i malowania zwierz\u0105t od podstaw.<\/h2>\n\n\n\n<p>Poniedzia\u0142ek, 10 listopada mo\u017cna sp\u0119dzi\u0107 bardzo kreatywnie. Wszystko za spraw\u0105 artystycznych zaj\u0119\u0107, kt\u00f3re odb\u0119d\u0105 si\u0119 w <a href=\"https:\/\/www.facebook.com\/galerianeofutur\" target=\"_blank\" rel=\"noopener\">Mizera Studio<\/a> przy ul. Rac\u0142awickiej 2\/23a (pi\u0119tro II). -Zapraszam na wyj\u0105tkowe warsztaty, podczas kt\u00f3rych nauczysz si\u0119 podstaw rysowania i malowania zwierz\u0105t, ko\u0144cz\u0105c na stworzeniu portretu swojego pupila &#8211; zach\u0119ca Ma\u0142gorzata Mizera.<\/p>\n\n\n\n<p>Propozycja przeznaczona jest dla wszystkich, bez wzgl\u0119du na wiek i poziom zaawansowania. -Krok po kroku poznasz techniki, kt\u00f3re pozwol\u0105 ci odda\u0107 charakter i pi\u0119kno swojego czworono\u017cnego przyjaciela &#8211; zaznacza malarka.<\/p>\n\n\n\n<p>Na zaj\u0119cia warto przynie\u015b\u0107 zdj\u0119cie lub wydruk zdj\u0119cia swojego pupila. &#8211; Je\u015bli nie masz swojego zwierzaka, mo\u017cesz przynie\u015b\u0107 zdj\u0119cie zaprzyja\u017anionego zwierzaka, albo takiego, kt\u00f3rego chcesz po prostu namalowa\u0107. Zapewniam te\u017c ilustracje zwierz\u0105t z kt\u00f3rych mo\u017cna b\u0119dzie skorzysta\u0107 oraz wszystkie potrzebne materia\u0142y i przybory &#8211; dodaje tw\u00f3rczyni Mizera Studio.<\/p>\n\n\n\n<p>Poniedzia\u0142kowe warsztaty rozpoczn\u0105 si\u0119 o godz. 17.30. Udzia\u0142 w nich kosztuje 70 z\u0142. Uwaga: liczba miejsc jest ograniczona. &#8211; Spotkajmy si\u0119 przy stalugach! &#8211; zaprasza Ma\u0142gorzata Mizera.<\/p>\n\n\n\n<p>Zapisy i wi\u0119cej informacji pod numerem telefonu: 662 235 535 lub e-mailowo neofuturnet@gmail.com.<\/p>\n\n\n\n<p><\/p>\n","protected":false},"excerpt":{"rendered":"<p>Stw\u00f3rz portret swojego pupila &#8211; zach\u0119ca malarka Ma\u0142gorzata Mizera, tw\u00f3rczyni Mizera Studio. 10 listopada zaprasza na warsztaty rysowania i malowania zwierz\u0105t od podstaw. Poniedzia\u0142ek,<\/p>\n","protected":false},"author":11,"featured_media":143402,"comment_status":"closed","ping_status":"open","sticky":false,"template":"","format":"standard","meta":{"_monsterinsights_skip_tracking":false,"_monsterinsights_sitenote_active":false,"_monsterinsights_sitenote_note":"","_monsterinsights_sitenote_category":0,"_uf_show_specific_survey":0,"_uf_disable_surveys":false,"footnotes":""},"categories":[12,3,2],"tags":[144,10184,353,531],"class_list":["post-143400","post","type-post","status-publish","format-standard","has-post-thumbnail","hentry","category-kultura-i-rozrywka","category-czestochowa-informacje","category-wiadomosci","tag-czestochowa","tag-mizera-studio","tag-sztuka","tag-warsztaty"],"_links":{"self":[{"href":"https:\/\/gazetaregionalna.com\/index.php?rest_route=\/wp\/v2\/posts\/143400","targetHints":{"allow":["GET"]}}],"collection":[{"href":"https:\/\/gazetaregionalna.com\/index.php?rest_route=\/wp\/v2\/posts"}],"about":[{"href":"https:\/\/gazetaregionalna.com\/index.php?rest_route=\/wp\/v2\/types\/post"}],"author":[{"embeddable":true,"href":"https:\/\/gazetaregionalna.com\/index.php?rest_route=\/wp\/v2\/users\/11"}],"replies":[{"embeddable":true,"href":"https:\/\/gazetaregionalna.com\/index.php?rest_route=%2Fwp%2Fv2%2Fcomments&post=143400"}],"version-history":[{"count":1,"href":"https:\/\/gazetaregionalna.com\/index.php?rest_route=\/wp\/v2\/posts\/143400\/revisions"}],"predecessor-version":[{"id":143401,"href":"https:\/\/gazetaregionalna.com\/index.php?rest_route=\/wp\/v2\/posts\/143400\/revisions\/143401"}],"wp:featuredmedia":[{"embeddable":true,"href":"https:\/\/gazetaregionalna.com\/index.php?rest_route=\/wp\/v2\/media\/143402"}],"wp:attachment":[{"href":"https:\/\/gazetaregionalna.com\/index.php?rest_route=%2Fwp%2Fv2%2Fmedia&parent=143400"}],"wp:term":[{"taxonomy":"category","embeddable":true,"href":"https:\/\/gazetaregionalna.com\/index.php?rest_route=%2Fwp%2Fv2%2Fcategories&post=143400"},{"taxonomy":"post_tag","embeddable":true,"href":"https:\/\/gazetaregionalna.com\/index.php?rest_route=%2Fwp%2Fv2%2Ftags&post=143400"}],"curies":[{"name":"wp","href":"https:\/\/api.w.org\/{rel}","templated":true}]}}