{"id":1434,"date":"2018-12-21T11:12:01","date_gmt":"2018-12-21T11:12:01","guid":{"rendered":"http:\/\/gazetaregionalna.com\/?p=1434"},"modified":"2018-12-21T11:12:01","modified_gmt":"2018-12-21T11:12:01","slug":"koncert-noworoczny-w-mdk-johann-strauss-show","status":"publish","type":"post","link":"https:\/\/gazetaregionalna.com\/?p=1434","title":{"rendered":"Koncert Noworoczny w MDK &#8211; &#8222;Johann Strauss Show&#8221;"},"content":{"rendered":"<p style=\"font-weight: 400;\">Wydarzenie, na kt\u00f3rym warto by\u0107 w Nowym Roku, to niew\u0105tpliwie Koncert Noworoczny, na kt\u00f3ry zaprasza mieszka\u0144c\u00f3w Burmistrz Miasta Lubliniec, i kt\u00f3ry odb\u0119dzie si\u0119 12 stycznia 2019 roku o godzinie 17:00 w sali widowiskowej Miejskiego Domu Kultury.<\/p>\n<figure id=\"attachment_1436\" aria-describedby=\"caption-attachment-1436\" style=\"width: 600px\" class=\"wp-caption aligncenter\"><img decoding=\"async\" class=\"wp-image-1436 lazyload\" data-src=\"http:\/\/gazetaregionalna.com\/wp-content\/uploads\/2018\/12\/koncert-noworoczny.jpg\" alt=\"\" width=\"600\" height=\"850\" src=\"data:image\/svg+xml;base64,PHN2ZyB3aWR0aD0iMSIgaGVpZ2h0PSIxIiB4bWxucz0iaHR0cDovL3d3dy53My5vcmcvMjAwMC9zdmciPjwvc3ZnPg==\" style=\"--smush-placeholder-width: 600px; --smush-placeholder-aspect-ratio: 600\/850;\"><figcaption id=\"caption-attachment-1436\" class=\"wp-caption-text\">Koncert Noworoczny w MDK &#8211; &#8222;Johann Strauss Show&#8221;<\/figcaption><\/figure>\n<p style=\"font-weight: 400;\">Gala \u201eJohann Strauss Show\u201d to muzyczna podr\u00f3\u017c do ba\u015bniowej krainy walca \u2013 \u015bwiata wprost ze snu pe\u0142nego wiruj\u0105cych sukien, pi\u0119knych kobiet i flirtuj\u0105cych gentelman\u00f3w. Ten jedyny w swoim rodzaju koncert zachwyci\u0142 ju\u017c tysi\u0105ce widz\u00f3w. W projekcie opr\u00f3cz znakomitych solist\u00f3w bierze udzia\u0142 jedna z najlepszych orkiestr \u015bwiata, os\u0142awiona Royal Strauss Orchestra. B\u0119d\u0105 mieli Pa\u0144stwo okazj\u0119 us\u0142ysze\u0107 najs\u0142ynniejsze kompozycje rodziny Strauss\u00f3w i nie tylko..<\/p>\n<p style=\"font-weight: 400;\">W programie koncertu znajdziemy cudowne walce, zabawne polki w wykonaniu solist\u00f3w Narodowego Lwowskiego Teatru, solist\u00f3w i tancerzy. Wirtuozerskie arie w wykonaniu gwiazd oraz pi\u0119kne scenografie w po\u0142\u0105czeniu z choreografi\u0105 sprawi\u0105, \u017ce spektakl ten b\u0119dzie niesamowitym prze\u017cyciem. Zesp\u00f3\u0142 zabierze Pa\u0144stwa do krainy ba\u015bniowego Wiednia.<\/p>\n<p style=\"font-weight: 400;\">Bezp\u0142atne wej\u015bci\u00f3wki na to wspania\u0142e wydarzenie b\u0119dzie mo\u017cna odebra\u0107 w kasie MDK w Lubli\u0144cu 7 stycznia 2019 od godz. 16.00.<\/p>\n","protected":false},"excerpt":{"rendered":"<p>Wydarzenie, na kt\u00f3rym warto by\u0107 w Nowym Roku, to niew\u0105tpliwie Koncert Noworoczny, na kt\u00f3ry zaprasza mieszka\u0144c\u00f3w Burmistrz Miasta Lubliniec, i kt\u00f3ry odb\u0119dzie si\u0119 12<\/p>\n","protected":false},"author":3,"featured_media":0,"comment_status":"open","ping_status":"closed","sticky":false,"template":"","format":"standard","meta":{"_monsterinsights_skip_tracking":false,"_monsterinsights_sitenote_active":false,"_monsterinsights_sitenote_note":"","_monsterinsights_sitenote_category":0,"_uf_show_specific_survey":0,"_uf_disable_surveys":false,"footnotes":""},"categories":[12,25,14],"tags":[],"class_list":["post-1434","post","type-post","status-publish","format-standard","hentry","category-kultura-i-rozrywka","category-lubliniec","category-repertuary"],"_links":{"self":[{"href":"https:\/\/gazetaregionalna.com\/index.php?rest_route=\/wp\/v2\/posts\/1434","targetHints":{"allow":["GET"]}}],"collection":[{"href":"https:\/\/gazetaregionalna.com\/index.php?rest_route=\/wp\/v2\/posts"}],"about":[{"href":"https:\/\/gazetaregionalna.com\/index.php?rest_route=\/wp\/v2\/types\/post"}],"author":[{"embeddable":true,"href":"https:\/\/gazetaregionalna.com\/index.php?rest_route=\/wp\/v2\/users\/3"}],"replies":[{"embeddable":true,"href":"https:\/\/gazetaregionalna.com\/index.php?rest_route=%2Fwp%2Fv2%2Fcomments&post=1434"}],"version-history":[{"count":1,"href":"https:\/\/gazetaregionalna.com\/index.php?rest_route=\/wp\/v2\/posts\/1434\/revisions"}],"predecessor-version":[{"id":1437,"href":"https:\/\/gazetaregionalna.com\/index.php?rest_route=\/wp\/v2\/posts\/1434\/revisions\/1437"}],"wp:attachment":[{"href":"https:\/\/gazetaregionalna.com\/index.php?rest_route=%2Fwp%2Fv2%2Fmedia&parent=1434"}],"wp:term":[{"taxonomy":"category","embeddable":true,"href":"https:\/\/gazetaregionalna.com\/index.php?rest_route=%2Fwp%2Fv2%2Fcategories&post=1434"},{"taxonomy":"post_tag","embeddable":true,"href":"https:\/\/gazetaregionalna.com\/index.php?rest_route=%2Fwp%2Fv2%2Ftags&post=1434"}],"curies":[{"name":"wp","href":"https:\/\/api.w.org\/{rel}","templated":true}]}}