{"id":143396,"date":"2025-11-04T17:35:50","date_gmt":"2025-11-04T17:35:50","guid":{"rendered":"https:\/\/gazetaregionalna.com\/?p=143396"},"modified":"2025-11-04T17:35:51","modified_gmt":"2025-11-04T17:35:51","slug":"hej-szkoly-i-przedszkola-teatr-im-adama-mickiewicza-zaprasza-na-mikolajkowe-spektakle-trzy-swinki","status":"publish","type":"post","link":"https:\/\/gazetaregionalna.com\/?p=143396","title":{"rendered":"Hej szko\u0142y i przedszkola. Teatr im. Adama Mickiewicza zaprasza na ,,miko\u0142ajkowe&#8221; spektakle ,,Trzy \u015bwinki&#8221;"},"content":{"rendered":"\n<p>Do miko\u0142ajek jeszcze ponad miesi\u0105c, ale Teatr im. Adama Mickiewicza w Cz\u0119stochowie ju\u017c zaprasza na spektakl dla dzieci ,,Trzy \u015bwinki&#8221; w re\u017cyserii Roberta Doros\u0142awskiego. <\/p>\n\n\n\n<p>Poni\u017cej zamieszczamy komunikat Teatru im. Adama Mickiewicza w Cz\u0119stochowie.<\/p>\n\n\n\n<p>Znajomy renifer przypomnia\u0142 nam, \u017ce ju\u017c za miesi\u0105c MIKO\u0141AJKI!<\/p>\n\n\n\n<p>Czekaj\u0105 na Was \u201eTrzy \u015bwinki\u201d w re\u017c. Roberta Doros\u0142awskiego!<\/p>\n\n\n\n<p>Tytu\u0142owe \u015awinki zachorowa\u0142y na&#8230; nud\u0119. Nie chc\u0105 si\u0119 bawi\u0107 z innymi zwierz\u0119tami, nie zamierzaj\u0105 tak\u017ce budowa\u0107 domu, ani porz\u0105dkowa\u0107 podw\u00f3rka, cho\u0107 zima tu\u017c, tu\u017c&#8230; Pozosta\u0142e zwierz\u0119ta wpadaj\u0105 na pewien pomys\u0142. \u015awinki trzeba przestraszy\u0107 ! Obmy\u015blaj\u0105 chytry plan. Owca przebiera si\u0119 za wilka, a Krowa za smoka. Czy plan si\u0119 powiedzie? Czy \u015awinki pokonaj\u0105 lenistwo i przestan\u0105 si\u0119 wreszcie nudzi\u0107?Je\u015bli nie po drodze Wam do Laponii, to serdecznie zapraszamy do Teatru!<\/p>\n\n\n\n<p>Dost\u0119pne terminy spektakli szkolnych:<\/p>\n\n\n\n<p>Cena biletu: 40 z\u0142 (30 z\u0142 z Kart\u0105 Du\u017cej Rodziny)<\/p>\n\n\n\n<p>\u015aroda, 3 grudnia 8:30, 12:30<\/p>\n\n\n\n<p>Czwartek, 4 grudnia 8:30 (tylko balkon), 12:30<\/p>\n\n\n\n<p>Pi\u0105tek, 5 grudnia 12:30<\/p>\n\n\n\n<p>Poniedzia\u0142ek, 8 grudnia 12:30<\/p>\n\n\n\n<p>Wtorek, 9 grudnia 8:30, 12:30<\/p>\n\n\n\n<p>Mo\u017cna r\u00f3wnie\u017c rezerwowa\u0107 miejsca na<\/p>\n\n\n\n<p>spektakle dla widz\u00f3w indywidualnych:<\/p>\n\n\n\n<p>Cena biletu: 45 z\u0142<\/p>\n\n\n\n<p>Sobota, 6 grudnia godz. 15:00 i 18:00<\/p>\n\n\n\n<p>Niedziela, 7 grudnia , godz. 15:00<\/p>\n\n\n\n<p>Rezerwacje i zam\u00f3wienia: 34 372 33 27,47, 57 i 34 372 33 06<\/p>\n\n\n\n<p>Materia\u0142y prasowe Teatru im. Adama Mickiewicza w Cz\u0119stochowie <\/p>\n","protected":false},"excerpt":{"rendered":"<p>Do miko\u0142ajek jeszcze ponad miesi\u0105c, ale Teatr im. Adama Mickiewicza w Cz\u0119stochowie ju\u017c zaprasza na spektakl dla dzieci ,,Trzy \u015bwinki&#8221; w re\u017cyserii Roberta Doros\u0142awskiego.<\/p>\n","protected":false},"author":15,"featured_media":143397,"comment_status":"closed","ping_status":"open","sticky":false,"template":"","format":"standard","meta":{"_monsterinsights_skip_tracking":false,"_monsterinsights_sitenote_active":false,"_monsterinsights_sitenote_note":"","_monsterinsights_sitenote_category":0,"_uf_show_specific_survey":0,"_uf_disable_surveys":false,"footnotes":""},"categories":[94,3,2],"tags":[],"class_list":["post-143396","post","type-post","status-publish","format-standard","has-post-thumbnail","hentry","category-polecane","category-czestochowa-informacje","category-wiadomosci"],"_links":{"self":[{"href":"https:\/\/gazetaregionalna.com\/index.php?rest_route=\/wp\/v2\/posts\/143396","targetHints":{"allow":["GET"]}}],"collection":[{"href":"https:\/\/gazetaregionalna.com\/index.php?rest_route=\/wp\/v2\/posts"}],"about":[{"href":"https:\/\/gazetaregionalna.com\/index.php?rest_route=\/wp\/v2\/types\/post"}],"author":[{"embeddable":true,"href":"https:\/\/gazetaregionalna.com\/index.php?rest_route=\/wp\/v2\/users\/15"}],"replies":[{"embeddable":true,"href":"https:\/\/gazetaregionalna.com\/index.php?rest_route=%2Fwp%2Fv2%2Fcomments&post=143396"}],"version-history":[{"count":1,"href":"https:\/\/gazetaregionalna.com\/index.php?rest_route=\/wp\/v2\/posts\/143396\/revisions"}],"predecessor-version":[{"id":143398,"href":"https:\/\/gazetaregionalna.com\/index.php?rest_route=\/wp\/v2\/posts\/143396\/revisions\/143398"}],"wp:featuredmedia":[{"embeddable":true,"href":"https:\/\/gazetaregionalna.com\/index.php?rest_route=\/wp\/v2\/media\/143397"}],"wp:attachment":[{"href":"https:\/\/gazetaregionalna.com\/index.php?rest_route=%2Fwp%2Fv2%2Fmedia&parent=143396"}],"wp:term":[{"taxonomy":"category","embeddable":true,"href":"https:\/\/gazetaregionalna.com\/index.php?rest_route=%2Fwp%2Fv2%2Fcategories&post=143396"},{"taxonomy":"post_tag","embeddable":true,"href":"https:\/\/gazetaregionalna.com\/index.php?rest_route=%2Fwp%2Fv2%2Ftags&post=143396"}],"curies":[{"name":"wp","href":"https:\/\/api.w.org\/{rel}","templated":true}]}}