{"id":143393,"date":"2025-11-04T17:21:49","date_gmt":"2025-11-04T17:21:49","guid":{"rendered":"https:\/\/gazetaregionalna.com\/?p=143393"},"modified":"2025-11-04T17:21:51","modified_gmt":"2025-11-04T17:21:51","slug":"tenisisci-stolowi-uczcili-pamiec-jerzego-legowika","status":"publish","type":"post","link":"https:\/\/gazetaregionalna.com\/?p=143393","title":{"rendered":"Tenisi\u015bci sto\u0142owi uczcili pami\u0119\u0107 Jerzego \u0141\u0119gowika"},"content":{"rendered":"\n<p>W Akademickim Centrum Sportu Uniwersytetu im. Jana D\u0142ugosza odby\u0142 si\u0119 VIII Memoria\u0142 Jerzego \u0141\u0119gowika w tenisie sto\u0142owym. Wygra\u0142 Maciej Janik. <\/p>\n\n\n\n<p>W Akademickim Centrum Sportu UJD w Cz\u0119stochowie odby\u0142 si\u0119 VIII Memoria\u0142 Jerzego \u0141\u0119gowika w tenisie sto\u0142owym. W zawodach wzi\u0119\u0142o udzia\u0142 16 pingpongist\u00f3w \u2013 senior\u00f3w. Prezes honorowy AZS UJD dr Wies\u0142aw Pi\u0119ta przypomnia\u0142 sylwetk\u0119 \u015bp Jerzego \u0141\u0119gowika (wiceprezesa Cz\u0119stochowskiego OZTS, cz\u0142onka zarz\u0105du KU AZS WSP i AJD Cz\u0119stochowa, zas\u0142u\u017conego s\u0119dziego). &#8211; Uczestnicy uczcili minut\u0105 ciszy pami\u0119\u0107 Jerzego &#8211; informuj\u0105 organizatorzy. &#8211; Rywalizowano fair play od pierwszej do ostatniej pi\u0142eczki. Grano systemem\u00a0 mieszanym (grupy, puchar). \u00a0W memoriale zwyci\u0119\u017cy\u0142 Maciej Janik przed Marianem Dziewo\u0144skim i Zbigniewem Martyk\u0105.<\/p>\n\n\n\n<p>Klasyfikacja VIII memoria\u0142u:<\/p>\n\n\n\n<ol class=\"wp-block-list\">\n<li>Janik Maciej<\/li>\n<\/ol>\n\n\n\n<p>2. Dziewo\u0144ski Marian<\/p>\n\n\n\n<p>3. Martyka Zbigniew<\/p>\n\n\n\n<p>4. Zu\u017cewicz Wojciech<\/p>\n\n\n\n<p>5-8. Kasprzyk Marek<\/p>\n\n\n\n<p>Bujko Zdzis\u0142aw<\/p>\n\n\n\n<p>Jaszcz Jaros\u0142aw<\/p>\n\n\n\n<p>Albrycht Janusz<\/p>\n\n\n\n<p>9-12. Haziak Piotr<\/p>\n\n\n\n<p>dr&nbsp; Margasi\u0144ski Andrzej<\/p>\n\n\n\n<p>Fertacz Piotr<\/p>\n\n\n\n<p>Majewski Pawe\u0142<\/p>\n\n\n\n<p>13-16. Majewski Zbigniew<\/p>\n\n\n\n<p>Kidawa Julian<\/p>\n\n\n\n<p>Syguda Wie\u0144czys\u0142aw<\/p>\n\n\n\n<p>Tarnowski Krzysztof<\/p>\n\n\n\n<p>Materia\u0142y prasowe AZS UJD Cz\u0119stochowa <\/p>\n\n\n\n<p><\/p>\n\n\n\n<p>Partnerami relacji sportowych s\u0105:<\/p>\n\n\n\n<p>Wy\u017csza Szko\u0142a Zarz\u0105dzania w Cz\u0119stochowie <\/p>\n\n\n\n<p>DMK Invest Materia\u0142y Budowlane Konopiska <\/p>\n\n\n\n<p>Orlikowscy. Pokrycia dachowe i rynny <\/p>\n\n\n\n<p>Hermetik System &#8211; centrum hydroizolacji <\/p>\n\n\n\n<p>Invictel &#8211; systemy alarmowe, monitoringi, smarthome, automatyka do bram <\/p>\n\n\n\n<figure class=\"wp-block-image size-large\"><img decoding=\"async\" width=\"1024\" height=\"1024\" data-src=\"https:\/\/gazetaregionalna.com\/wp-content\/uploads\/2025\/08\/Orlikowscy-1-1024x1024.jpg\" alt=\"\" class=\"wp-image-140849 lazyload\" data-srcset=\"https:\/\/gazetaregionalna.com\/wp-content\/uploads\/2025\/08\/Orlikowscy-1-1024x1024.jpg 1024w, https:\/\/gazetaregionalna.com\/wp-content\/uploads\/2025\/08\/Orlikowscy-1-300x300.jpg 300w, https:\/\/gazetaregionalna.com\/wp-content\/uploads\/2025\/08\/Orlikowscy-1-150x150.jpg 150w, https:\/\/gazetaregionalna.com\/wp-content\/uploads\/2025\/08\/Orlikowscy-1-768x768.jpg 768w, https:\/\/gazetaregionalna.com\/wp-content\/uploads\/2025\/08\/Orlikowscy-1-215x215.jpg 215w, https:\/\/gazetaregionalna.com\/wp-content\/uploads\/2025\/08\/Orlikowscy-1.jpg 1080w\" data-sizes=\"(max-width: 1024px) 100vw, 1024px\" src=\"data:image\/svg+xml;base64,PHN2ZyB3aWR0aD0iMSIgaGVpZ2h0PSIxIiB4bWxucz0iaHR0cDovL3d3dy53My5vcmcvMjAwMC9zdmciPjwvc3ZnPg==\" style=\"--smush-placeholder-width: 1024px; --smush-placeholder-aspect-ratio: 1024\/1024;\" \/><\/figure>\n\n\n\n<figure class=\"wp-block-image size-full\"><img decoding=\"async\" width=\"1024\" height=\"768\" data-src=\"https:\/\/gazetaregionalna.com\/wp-content\/uploads\/2025\/11\/Memorial-Legowik-fot-AZS-UJD.jpg\" alt=\"\" class=\"wp-image-143394 lazyload\" data-srcset=\"https:\/\/gazetaregionalna.com\/wp-content\/uploads\/2025\/11\/Memorial-Legowik-fot-AZS-UJD.jpg 1024w, https:\/\/gazetaregionalna.com\/wp-content\/uploads\/2025\/11\/Memorial-Legowik-fot-AZS-UJD-300x225.jpg 300w, https:\/\/gazetaregionalna.com\/wp-content\/uploads\/2025\/11\/Memorial-Legowik-fot-AZS-UJD-768x576.jpg 768w\" data-sizes=\"(max-width: 1024px) 100vw, 1024px\" src=\"data:image\/svg+xml;base64,PHN2ZyB3aWR0aD0iMSIgaGVpZ2h0PSIxIiB4bWxucz0iaHR0cDovL3d3dy53My5vcmcvMjAwMC9zdmciPjwvc3ZnPg==\" style=\"--smush-placeholder-width: 1024px; --smush-placeholder-aspect-ratio: 1024\/768;\" \/><\/figure>\n\n\n\n<figure class=\"wp-block-image size-large\"><img decoding=\"async\" width=\"1024\" height=\"1024\" data-src=\"https:\/\/gazetaregionalna.com\/wp-content\/uploads\/2025\/10\/Hermetik-1024x1024.jpg\" alt=\"\" class=\"wp-image-141937 lazyload\" data-srcset=\"https:\/\/gazetaregionalna.com\/wp-content\/uploads\/2025\/10\/Hermetik-1024x1024.jpg 1024w, https:\/\/gazetaregionalna.com\/wp-content\/uploads\/2025\/10\/Hermetik-300x300.jpg 300w, https:\/\/gazetaregionalna.com\/wp-content\/uploads\/2025\/10\/Hermetik-150x150.jpg 150w, https:\/\/gazetaregionalna.com\/wp-content\/uploads\/2025\/10\/Hermetik-768x768.jpg 768w, https:\/\/gazetaregionalna.com\/wp-content\/uploads\/2025\/10\/Hermetik-215x215.jpg 215w, https:\/\/gazetaregionalna.com\/wp-content\/uploads\/2025\/10\/Hermetik.jpg 1080w\" data-sizes=\"(max-width: 1024px) 100vw, 1024px\" src=\"data:image\/svg+xml;base64,PHN2ZyB3aWR0aD0iMSIgaGVpZ2h0PSIxIiB4bWxucz0iaHR0cDovL3d3dy53My5vcmcvMjAwMC9zdmciPjwvc3ZnPg==\" style=\"--smush-placeholder-width: 1024px; --smush-placeholder-aspect-ratio: 1024\/1024;\" \/><\/figure>\n\n\n\n<figure class=\"wp-block-image size-large\"><img decoding=\"async\" width=\"1024\" height=\"1024\" data-src=\"https:\/\/gazetaregionalna.com\/wp-content\/uploads\/2025\/11\/WSZ-WyzszaSzkolaZarzadzania-1024x1024.jpg\" alt=\"\" class=\"wp-image-143379 lazyload\" data-srcset=\"https:\/\/gazetaregionalna.com\/wp-content\/uploads\/2025\/11\/WSZ-WyzszaSzkolaZarzadzania-1024x1024.jpg 1024w, https:\/\/gazetaregionalna.com\/wp-content\/uploads\/2025\/11\/WSZ-WyzszaSzkolaZarzadzania-300x300.jpg 300w, https:\/\/gazetaregionalna.com\/wp-content\/uploads\/2025\/11\/WSZ-WyzszaSzkolaZarzadzania-150x150.jpg 150w, https:\/\/gazetaregionalna.com\/wp-content\/uploads\/2025\/11\/WSZ-WyzszaSzkolaZarzadzania-768x768.jpg 768w, https:\/\/gazetaregionalna.com\/wp-content\/uploads\/2025\/11\/WSZ-WyzszaSzkolaZarzadzania-215x215.jpg 215w, https:\/\/gazetaregionalna.com\/wp-content\/uploads\/2025\/11\/WSZ-WyzszaSzkolaZarzadzania.jpg 1080w\" data-sizes=\"(max-width: 1024px) 100vw, 1024px\" src=\"data:image\/svg+xml;base64,PHN2ZyB3aWR0aD0iMSIgaGVpZ2h0PSIxIiB4bWxucz0iaHR0cDovL3d3dy53My5vcmcvMjAwMC9zdmciPjwvc3ZnPg==\" style=\"--smush-placeholder-width: 1024px; --smush-placeholder-aspect-ratio: 1024\/1024;\" \/><\/figure>\n\n\n\n<figure class=\"wp-block-image size-large\"><img decoding=\"async\" width=\"1024\" height=\"1024\" data-src=\"https:\/\/gazetaregionalna.com\/wp-content\/uploads\/2025\/10\/DMK-12.10.25-1-1024x1024.jpg\" alt=\"\" class=\"wp-image-142120 lazyload\" data-srcset=\"https:\/\/gazetaregionalna.com\/wp-content\/uploads\/2025\/10\/DMK-12.10.25-1-1024x1024.jpg 1024w, https:\/\/gazetaregionalna.com\/wp-content\/uploads\/2025\/10\/DMK-12.10.25-1-300x300.jpg 300w, https:\/\/gazetaregionalna.com\/wp-content\/uploads\/2025\/10\/DMK-12.10.25-1-150x150.jpg 150w, https:\/\/gazetaregionalna.com\/wp-content\/uploads\/2025\/10\/DMK-12.10.25-1-768x768.jpg 768w, https:\/\/gazetaregionalna.com\/wp-content\/uploads\/2025\/10\/DMK-12.10.25-1-215x215.jpg 215w, https:\/\/gazetaregionalna.com\/wp-content\/uploads\/2025\/10\/DMK-12.10.25-1.jpg 1200w\" data-sizes=\"(max-width: 1024px) 100vw, 1024px\" src=\"data:image\/svg+xml;base64,PHN2ZyB3aWR0aD0iMSIgaGVpZ2h0PSIxIiB4bWxucz0iaHR0cDovL3d3dy53My5vcmcvMjAwMC9zdmciPjwvc3ZnPg==\" style=\"--smush-placeholder-width: 1024px; --smush-placeholder-aspect-ratio: 1024\/1024;\" \/><\/figure>\n\n\n\n<figure class=\"wp-block-image size-full\"><img decoding=\"async\" width=\"715\" height=\"715\" data-src=\"https:\/\/gazetaregionalna.com\/wp-content\/uploads\/2025\/10\/Invictel.jpg\" alt=\"\" class=\"wp-image-141997 lazyload\" data-srcset=\"https:\/\/gazetaregionalna.com\/wp-content\/uploads\/2025\/10\/Invictel.jpg 715w, https:\/\/gazetaregionalna.com\/wp-content\/uploads\/2025\/10\/Invictel-300x300.jpg 300w, https:\/\/gazetaregionalna.com\/wp-content\/uploads\/2025\/10\/Invictel-150x150.jpg 150w, https:\/\/gazetaregionalna.com\/wp-content\/uploads\/2025\/10\/Invictel-215x215.jpg 215w\" data-sizes=\"(max-width: 715px) 100vw, 715px\" src=\"data:image\/svg+xml;base64,PHN2ZyB3aWR0aD0iMSIgaGVpZ2h0PSIxIiB4bWxucz0iaHR0cDovL3d3dy53My5vcmcvMjAwMC9zdmciPjwvc3ZnPg==\" style=\"--smush-placeholder-width: 715px; --smush-placeholder-aspect-ratio: 715\/715;\" \/><\/figure>\n","protected":false},"excerpt":{"rendered":"<p>W Akademickim Centrum Sportu Uniwersytetu im. Jana D\u0142ugosza odby\u0142 si\u0119 VIII Memoria\u0142 Jerzego \u0141\u0119gowika w tenisie sto\u0142owym. Wygra\u0142 Maciej Janik. W Akademickim Centrum Sportu<\/p>\n","protected":false},"author":15,"featured_media":143394,"comment_status":"closed","ping_status":"open","sticky":false,"template":"","format":"standard","meta":{"_monsterinsights_skip_tracking":false,"_monsterinsights_sitenote_active":false,"_monsterinsights_sitenote_note":"","_monsterinsights_sitenote_category":0,"_uf_show_specific_survey":0,"_uf_disable_surveys":false,"footnotes":""},"categories":[94,5,10],"tags":[],"class_list":["post-143393","post","type-post","status-publish","format-standard","has-post-thumbnail","hentry","category-polecane","category-sport","category-tenis-stolowy"],"_links":{"self":[{"href":"https:\/\/gazetaregionalna.com\/index.php?rest_route=\/wp\/v2\/posts\/143393","targetHints":{"allow":["GET"]}}],"collection":[{"href":"https:\/\/gazetaregionalna.com\/index.php?rest_route=\/wp\/v2\/posts"}],"about":[{"href":"https:\/\/gazetaregionalna.com\/index.php?rest_route=\/wp\/v2\/types\/post"}],"author":[{"embeddable":true,"href":"https:\/\/gazetaregionalna.com\/index.php?rest_route=\/wp\/v2\/users\/15"}],"replies":[{"embeddable":true,"href":"https:\/\/gazetaregionalna.com\/index.php?rest_route=%2Fwp%2Fv2%2Fcomments&post=143393"}],"version-history":[{"count":1,"href":"https:\/\/gazetaregionalna.com\/index.php?rest_route=\/wp\/v2\/posts\/143393\/revisions"}],"predecessor-version":[{"id":143395,"href":"https:\/\/gazetaregionalna.com\/index.php?rest_route=\/wp\/v2\/posts\/143393\/revisions\/143395"}],"wp:featuredmedia":[{"embeddable":true,"href":"https:\/\/gazetaregionalna.com\/index.php?rest_route=\/wp\/v2\/media\/143394"}],"wp:attachment":[{"href":"https:\/\/gazetaregionalna.com\/index.php?rest_route=%2Fwp%2Fv2%2Fmedia&parent=143393"}],"wp:term":[{"taxonomy":"category","embeddable":true,"href":"https:\/\/gazetaregionalna.com\/index.php?rest_route=%2Fwp%2Fv2%2Fcategories&post=143393"},{"taxonomy":"post_tag","embeddable":true,"href":"https:\/\/gazetaregionalna.com\/index.php?rest_route=%2Fwp%2Fv2%2Ftags&post=143393"}],"curies":[{"name":"wp","href":"https:\/\/api.w.org\/{rel}","templated":true}]}}