{"id":143390,"date":"2025-11-04T16:58:00","date_gmt":"2025-11-04T16:58:00","guid":{"rendered":"https:\/\/gazetaregionalna.com\/?p=143390"},"modified":"2025-11-04T16:58:01","modified_gmt":"2025-11-04T16:58:01","slug":"po-wygranych-z-cracovia-i-jagiellonia-z-optymizmem-mozna-jechac-do-czeskiej-pragi","status":"publish","type":"post","link":"https:\/\/gazetaregionalna.com\/?p=143390","title":{"rendered":"Po wygranych z Cracovi\u0105 i Jagielloni\u0105 z optymizmem mo\u017cna jecha\u0107 do czeskiej Pragi\u2026"},"content":{"rendered":"\n<p>Pi\u0142karze Rakowa Cz\u0119stochowa ponownie \u201ewskoczyli\u201d na wysokie obroty. Zawodnicy trenera Marka Papszuna w ci\u0105gu pi\u0119ciu dni pokonali dwie czo\u0142owe dru\u017cyny PKO BP Ekstraklasy. Dlatego z podniesion\u0105 g\u0142ow\u0105 mog\u0105 jecha\u0107 na czwartkowy mecz do czeskiej Pragi&#8230;<\/p>\n\n\n\n<p>Rak\u00f3w Cz\u0119stochowa wygra\u0142 w niedziel\u0119 bardzo wa\u017cny ligowy mecz w Bia\u0142ymstoku. Cz\u0119stochowianie pokonali wicelidera tabeli Jagielloni\u0105 i zdobyli bardzo wa\u017cne 3 punkty. Dzi\u0119ki temu czerwono-niebiescy awansowali na 7. miejsce w tabeli i systematycznie pn\u0105 si\u0119 w g\u00f3r\u0119\u2026<\/p>\n\n\n\n<p>Dru\u017cyna trenera Marka Papszuna ma za sob\u0105 trzy zwyci\u0119stwa z rz\u0119du. 26 pa\u017adziernika ,,Medaliki\u201d wygrali z Lechi\u0105 Gda\u0144sk graj\u0105c przez wi\u0119kszo\u015b\u0107 meczu w os\u0142abieniu. 29 pa\u017adziernika Rak\u00f3w wyeliminowa\u0142 z Pucharu Polski Cracovi\u0105 Krak\u00f3w, a Cracovia to czwarta dru\u017cyna PKO BP Ekstraklasy. Je\u015bli patrz\u0105c na tabel\u0119 to Rak\u00f3w w ci\u0105gu pi\u0119ciu dni wygra\u0142 z dwoma czo\u0142owymi zespo\u0142ami tabeli\u2026<\/p>\n\n\n\n<p>Dzi\u0119ki wygranym ponownie poprawi\u0142y si\u0119 nastroje w dru\u017cynie. I teraz Rak\u00f3w z optymizmem b\u0119dzie m\u00f3g\u0142 jecha\u0107 do czeskiej Pragi na mecz Ligi Konferencji UEFA ze Spart\u0105. W czwartek \u0142atwo jednak nie b\u0119dzie. Sparta przez d\u0142u\u017cszy czas by\u0142a liderem w czeskiej ekstraklasie. Niedzielna pora\u017cka w Karvinie kosztowa\u0142a j\u0105 jednak spadkiem na 2. miejsce. Liderem zosta\u0142a Slavia Praga. Obydwie dru\u017cyny maj\u0105 po 30 punkt\u00f3w.<\/p>\n\n\n\n<p>Rak\u00f3w do ko\u0144ca 2025 roku rozegra jeszcze 10 oficjalnych mecz\u00f3w. 5 w PKO BP Ekstraklasie, 1 w STS Pucharze Polski i 4 w europejskich pucharach. We wtorek, 4 listopada odby\u0142o si\u0119 losowanie 1\/8 Pucharu Polski. Rak\u00f3w w 1\/8 PP zmierzy si\u0119 we Wroc\u0142awiu w dniach 2-4 grudnia z 1-ligowym \u015al\u0105skiem Wroc\u0142aw. W PKO BP Ekstraklasie czerwono-niebiescy zagraj\u0105 kolejno w Kielcach z Koron\u0105, u siebie z Piastem Gliwice, w Gdyni z Ark\u0105, u siebie z GKS-em Katowice i w zaleg\u0142ym spotkaniu u siebie z Zag\u0142\u0119biem Lubin.<\/p>\n\n\n\n<p>W Lidze Konferencji UEFA Rak\u00f3w ma jeszcze do rozegrania 4 spotkania. W najbli\u017cszy czwartek w Pradze ze Spart\u0105, a tak\u017ce u siebie z Rapidem Wiede\u0144 i \u0179ri\u0144skim Mostar oraz 18 grudnia na koniec fazy ligowej w Nikozji i Omoni\u0105.<\/p>\n\n\n\n<p>Dziesi\u0119\u0107 oficjalnych spotka\u0144 i ka\u017cde bardzo wa\u017cne. Rak\u00f3w gra coraz lepiej, ale powi\u0119ksza si\u0119 te\u017c grono kontuzjowanych zawodnik\u00f3w. W meczu w Bia\u0142ymstoku kontuzji barku dozna\u0142 Jean Carlos. Kibice czekaj\u0105 na oficjalne informacje dotycz\u0105ce jego stanu zdrowia. Wa\u017cne jest to, \u017ce do trening\u00f3w wr\u00f3ci\u0142 Fran Tudor i b\u0119dzie w najbli\u017cszych meczach w kadrze meczowej. <\/p>\n\n\n\n<p>MR-K, AK, fot: AK<\/p>\n\n\n\n<p>Partnerami wyjazdu do Pragi s\u0105:<\/p>\n\n\n\n<p>Wy\u017csza Szko\u0142a Zarz\u0105dzania w Cz\u0119stochowie (www.wsz.edu.pl)<\/p>\n\n\n\n<p>DMK Invest materia\u0142y budowlane Konopiska (www.dmkinvest.pl)<\/p>\n\n\n\n<p>Orlikowscy. Pokrycia dachowe i rynny (www.orlikowscy.com.pl)<\/p>\n\n\n\n<p>Hermetik System &#8211; centrum hydroizolacji (www.hermetiksystem.pl)<\/p>\n\n\n\n<p>Invictel &#8211; systemy alarmowe, monitoringi, automatyka do bram, smarthome  (www.invictel.pl)<\/p>\n\n\n\n<figure class=\"wp-block-image size-full\"><img decoding=\"async\" width=\"715\" height=\"715\" data-src=\"https:\/\/gazetaregionalna.com\/wp-content\/uploads\/2025\/10\/Invictel.jpg\" alt=\"\" class=\"wp-image-141997 lazyload\" data-srcset=\"https:\/\/gazetaregionalna.com\/wp-content\/uploads\/2025\/10\/Invictel.jpg 715w, https:\/\/gazetaregionalna.com\/wp-content\/uploads\/2025\/10\/Invictel-300x300.jpg 300w, https:\/\/gazetaregionalna.com\/wp-content\/uploads\/2025\/10\/Invictel-150x150.jpg 150w, https:\/\/gazetaregionalna.com\/wp-content\/uploads\/2025\/10\/Invictel-215x215.jpg 215w\" data-sizes=\"(max-width: 715px) 100vw, 715px\" src=\"data:image\/svg+xml;base64,PHN2ZyB3aWR0aD0iMSIgaGVpZ2h0PSIxIiB4bWxucz0iaHR0cDovL3d3dy53My5vcmcvMjAwMC9zdmciPjwvc3ZnPg==\" style=\"--smush-placeholder-width: 715px; --smush-placeholder-aspect-ratio: 715\/715;\" \/><\/figure>\n\n\n\n<figure class=\"wp-block-image size-large\"><img decoding=\"async\" width=\"1024\" height=\"683\" data-src=\"https:\/\/gazetaregionalna.com\/wp-content\/uploads\/2025\/11\/Rakow-Cracovia-21-1024x683.jpg\" alt=\"\" class=\"wp-image-143391 lazyload\" data-srcset=\"https:\/\/gazetaregionalna.com\/wp-content\/uploads\/2025\/11\/Rakow-Cracovia-21-1024x683.jpg 1024w, https:\/\/gazetaregionalna.com\/wp-content\/uploads\/2025\/11\/Rakow-Cracovia-21-300x200.jpg 300w, https:\/\/gazetaregionalna.com\/wp-content\/uploads\/2025\/11\/Rakow-Cracovia-21-768x512.jpg 768w, https:\/\/gazetaregionalna.com\/wp-content\/uploads\/2025\/11\/Rakow-Cracovia-21.jpg 1200w\" data-sizes=\"(max-width: 1024px) 100vw, 1024px\" src=\"data:image\/svg+xml;base64,PHN2ZyB3aWR0aD0iMSIgaGVpZ2h0PSIxIiB4bWxucz0iaHR0cDovL3d3dy53My5vcmcvMjAwMC9zdmciPjwvc3ZnPg==\" style=\"--smush-placeholder-width: 1024px; --smush-placeholder-aspect-ratio: 1024\/683;\" \/><\/figure>\n\n\n\n<figure class=\"wp-block-image size-large\"><img decoding=\"async\" width=\"1024\" height=\"1024\" data-src=\"https:\/\/gazetaregionalna.com\/wp-content\/uploads\/2025\/11\/WSZ-WyzszaSzkolaZarzadzania-1024x1024.jpg\" alt=\"\" class=\"wp-image-143379 lazyload\" data-srcset=\"https:\/\/gazetaregionalna.com\/wp-content\/uploads\/2025\/11\/WSZ-WyzszaSzkolaZarzadzania-1024x1024.jpg 1024w, https:\/\/gazetaregionalna.com\/wp-content\/uploads\/2025\/11\/WSZ-WyzszaSzkolaZarzadzania-300x300.jpg 300w, https:\/\/gazetaregionalna.com\/wp-content\/uploads\/2025\/11\/WSZ-WyzszaSzkolaZarzadzania-150x150.jpg 150w, https:\/\/gazetaregionalna.com\/wp-content\/uploads\/2025\/11\/WSZ-WyzszaSzkolaZarzadzania-768x768.jpg 768w, https:\/\/gazetaregionalna.com\/wp-content\/uploads\/2025\/11\/WSZ-WyzszaSzkolaZarzadzania-215x215.jpg 215w, https:\/\/gazetaregionalna.com\/wp-content\/uploads\/2025\/11\/WSZ-WyzszaSzkolaZarzadzania.jpg 1080w\" data-sizes=\"(max-width: 1024px) 100vw, 1024px\" src=\"data:image\/svg+xml;base64,PHN2ZyB3aWR0aD0iMSIgaGVpZ2h0PSIxIiB4bWxucz0iaHR0cDovL3d3dy53My5vcmcvMjAwMC9zdmciPjwvc3ZnPg==\" style=\"--smush-placeholder-width: 1024px; --smush-placeholder-aspect-ratio: 1024\/1024;\" \/><\/figure>\n\n\n\n<figure class=\"wp-block-image size-large\"><img decoding=\"async\" width=\"1024\" height=\"679\" data-src=\"https:\/\/gazetaregionalna.com\/wp-content\/uploads\/2025\/11\/Rakow-Cracovia-0-1024x679.jpg\" alt=\"\" class=\"wp-image-143382 lazyload\" data-srcset=\"https:\/\/gazetaregionalna.com\/wp-content\/uploads\/2025\/11\/Rakow-Cracovia-0-1024x679.jpg 1024w, https:\/\/gazetaregionalna.com\/wp-content\/uploads\/2025\/11\/Rakow-Cracovia-0-300x199.jpg 300w, https:\/\/gazetaregionalna.com\/wp-content\/uploads\/2025\/11\/Rakow-Cracovia-0-768x509.jpg 768w, https:\/\/gazetaregionalna.com\/wp-content\/uploads\/2025\/11\/Rakow-Cracovia-0.jpg 1200w\" data-sizes=\"(max-width: 1024px) 100vw, 1024px\" src=\"data:image\/svg+xml;base64,PHN2ZyB3aWR0aD0iMSIgaGVpZ2h0PSIxIiB4bWxucz0iaHR0cDovL3d3dy53My5vcmcvMjAwMC9zdmciPjwvc3ZnPg==\" style=\"--smush-placeholder-width: 1024px; --smush-placeholder-aspect-ratio: 1024\/679;\" \/><\/figure>\n\n\n\n<figure class=\"wp-block-image size-large\"><img decoding=\"async\" width=\"1024\" height=\"1024\" data-src=\"https:\/\/gazetaregionalna.com\/wp-content\/uploads\/2025\/10\/DMK-12.10.25-1-1024x1024.jpg\" alt=\"\" class=\"wp-image-142120 lazyload\" data-srcset=\"https:\/\/gazetaregionalna.com\/wp-content\/uploads\/2025\/10\/DMK-12.10.25-1-1024x1024.jpg 1024w, https:\/\/gazetaregionalna.com\/wp-content\/uploads\/2025\/10\/DMK-12.10.25-1-300x300.jpg 300w, https:\/\/gazetaregionalna.com\/wp-content\/uploads\/2025\/10\/DMK-12.10.25-1-150x150.jpg 150w, https:\/\/gazetaregionalna.com\/wp-content\/uploads\/2025\/10\/DMK-12.10.25-1-768x768.jpg 768w, https:\/\/gazetaregionalna.com\/wp-content\/uploads\/2025\/10\/DMK-12.10.25-1-215x215.jpg 215w, https:\/\/gazetaregionalna.com\/wp-content\/uploads\/2025\/10\/DMK-12.10.25-1.jpg 1200w\" data-sizes=\"(max-width: 1024px) 100vw, 1024px\" src=\"data:image\/svg+xml;base64,PHN2ZyB3aWR0aD0iMSIgaGVpZ2h0PSIxIiB4bWxucz0iaHR0cDovL3d3dy53My5vcmcvMjAwMC9zdmciPjwvc3ZnPg==\" style=\"--smush-placeholder-width: 1024px; --smush-placeholder-aspect-ratio: 1024\/1024;\" \/><\/figure>\n\n\n\n<figure class=\"wp-block-image size-large\"><img decoding=\"async\" width=\"1024\" height=\"1024\" data-src=\"https:\/\/gazetaregionalna.com\/wp-content\/uploads\/2025\/10\/Hermetik-1024x1024.jpg\" alt=\"\" class=\"wp-image-141937 lazyload\" data-srcset=\"https:\/\/gazetaregionalna.com\/wp-content\/uploads\/2025\/10\/Hermetik-1024x1024.jpg 1024w, https:\/\/gazetaregionalna.com\/wp-content\/uploads\/2025\/10\/Hermetik-300x300.jpg 300w, https:\/\/gazetaregionalna.com\/wp-content\/uploads\/2025\/10\/Hermetik-150x150.jpg 150w, https:\/\/gazetaregionalna.com\/wp-content\/uploads\/2025\/10\/Hermetik-768x768.jpg 768w, https:\/\/gazetaregionalna.com\/wp-content\/uploads\/2025\/10\/Hermetik-215x215.jpg 215w, https:\/\/gazetaregionalna.com\/wp-content\/uploads\/2025\/10\/Hermetik.jpg 1080w\" data-sizes=\"(max-width: 1024px) 100vw, 1024px\" src=\"data:image\/svg+xml;base64,PHN2ZyB3aWR0aD0iMSIgaGVpZ2h0PSIxIiB4bWxucz0iaHR0cDovL3d3dy53My5vcmcvMjAwMC9zdmciPjwvc3ZnPg==\" style=\"--smush-placeholder-width: 1024px; --smush-placeholder-aspect-ratio: 1024\/1024;\" \/><\/figure>\n\n\n\n<figure class=\"wp-block-image size-large\"><img decoding=\"async\" width=\"1024\" height=\"688\" data-src=\"https:\/\/gazetaregionalna.com\/wp-content\/uploads\/2025\/11\/Rakow-Cracovia-1-1024x688.jpg\" alt=\"\" class=\"wp-image-143380 lazyload\" data-srcset=\"https:\/\/gazetaregionalna.com\/wp-content\/uploads\/2025\/11\/Rakow-Cracovia-1-1024x688.jpg 1024w, https:\/\/gazetaregionalna.com\/wp-content\/uploads\/2025\/11\/Rakow-Cracovia-1-300x202.jpg 300w, https:\/\/gazetaregionalna.com\/wp-content\/uploads\/2025\/11\/Rakow-Cracovia-1-768x516.jpg 768w, https:\/\/gazetaregionalna.com\/wp-content\/uploads\/2025\/11\/Rakow-Cracovia-1.jpg 1200w\" data-sizes=\"(max-width: 1024px) 100vw, 1024px\" src=\"data:image\/svg+xml;base64,PHN2ZyB3aWR0aD0iMSIgaGVpZ2h0PSIxIiB4bWxucz0iaHR0cDovL3d3dy53My5vcmcvMjAwMC9zdmciPjwvc3ZnPg==\" style=\"--smush-placeholder-width: 1024px; --smush-placeholder-aspect-ratio: 1024\/688;\" \/><\/figure>\n\n\n\n<figure class=\"wp-block-image size-large\"><img decoding=\"async\" width=\"1024\" height=\"1024\" data-src=\"https:\/\/gazetaregionalna.com\/wp-content\/uploads\/2025\/08\/Orlikowscy-1-1024x1024.jpg\" alt=\"\" class=\"wp-image-140849 lazyload\" data-srcset=\"https:\/\/gazetaregionalna.com\/wp-content\/uploads\/2025\/08\/Orlikowscy-1-1024x1024.jpg 1024w, https:\/\/gazetaregionalna.com\/wp-content\/uploads\/2025\/08\/Orlikowscy-1-300x300.jpg 300w, https:\/\/gazetaregionalna.com\/wp-content\/uploads\/2025\/08\/Orlikowscy-1-150x150.jpg 150w, https:\/\/gazetaregionalna.com\/wp-content\/uploads\/2025\/08\/Orlikowscy-1-768x768.jpg 768w, https:\/\/gazetaregionalna.com\/wp-content\/uploads\/2025\/08\/Orlikowscy-1-215x215.jpg 215w, https:\/\/gazetaregionalna.com\/wp-content\/uploads\/2025\/08\/Orlikowscy-1.jpg 1080w\" data-sizes=\"(max-width: 1024px) 100vw, 1024px\" src=\"data:image\/svg+xml;base64,PHN2ZyB3aWR0aD0iMSIgaGVpZ2h0PSIxIiB4bWxucz0iaHR0cDovL3d3dy53My5vcmcvMjAwMC9zdmciPjwvc3ZnPg==\" style=\"--smush-placeholder-width: 1024px; --smush-placeholder-aspect-ratio: 1024\/1024;\" \/><\/figure>\n\n\n\n<figure class=\"wp-block-image size-large\"><img decoding=\"async\" width=\"1024\" height=\"683\" data-src=\"https:\/\/gazetaregionalna.com\/wp-content\/uploads\/2025\/11\/Rakow-Cracovia-35-1024x683.jpg\" alt=\"\" class=\"wp-image-143378 lazyload\" data-srcset=\"https:\/\/gazetaregionalna.com\/wp-content\/uploads\/2025\/11\/Rakow-Cracovia-35-1024x683.jpg 1024w, https:\/\/gazetaregionalna.com\/wp-content\/uploads\/2025\/11\/Rakow-Cracovia-35-300x200.jpg 300w, https:\/\/gazetaregionalna.com\/wp-content\/uploads\/2025\/11\/Rakow-Cracovia-35-768x512.jpg 768w, https:\/\/gazetaregionalna.com\/wp-content\/uploads\/2025\/11\/Rakow-Cracovia-35.jpg 1200w\" data-sizes=\"(max-width: 1024px) 100vw, 1024px\" src=\"data:image\/svg+xml;base64,PHN2ZyB3aWR0aD0iMSIgaGVpZ2h0PSIxIiB4bWxucz0iaHR0cDovL3d3dy53My5vcmcvMjAwMC9zdmciPjwvc3ZnPg==\" style=\"--smush-placeholder-width: 1024px; --smush-placeholder-aspect-ratio: 1024\/683;\" \/><\/figure>\n","protected":false},"excerpt":{"rendered":"<p>Pi\u0142karze Rakowa Cz\u0119stochowa ponownie \u201ewskoczyli\u201d na wysokie obroty. Zawodnicy trenera Marka Papszuna w ci\u0105gu pi\u0119ciu dni pokonali dwie czo\u0142owe dru\u017cyny PKO BP Ekstraklasy. Dlatego<\/p>\n","protected":false},"author":15,"featured_media":143391,"comment_status":"closed","ping_status":"open","sticky":false,"template":"","format":"standard","meta":{"_monsterinsights_skip_tracking":false,"_monsterinsights_sitenote_active":false,"_monsterinsights_sitenote_note":"","_monsterinsights_sitenote_category":0,"_uf_show_specific_survey":0,"_uf_disable_surveys":false,"footnotes":""},"categories":[94,6,5],"tags":[],"class_list":["post-143390","post","type-post","status-publish","format-standard","has-post-thumbnail","hentry","category-polecane","category-pilka-nozna","category-sport"],"_links":{"self":[{"href":"https:\/\/gazetaregionalna.com\/index.php?rest_route=\/wp\/v2\/posts\/143390","targetHints":{"allow":["GET"]}}],"collection":[{"href":"https:\/\/gazetaregionalna.com\/index.php?rest_route=\/wp\/v2\/posts"}],"about":[{"href":"https:\/\/gazetaregionalna.com\/index.php?rest_route=\/wp\/v2\/types\/post"}],"author":[{"embeddable":true,"href":"https:\/\/gazetaregionalna.com\/index.php?rest_route=\/wp\/v2\/users\/15"}],"replies":[{"embeddable":true,"href":"https:\/\/gazetaregionalna.com\/index.php?rest_route=%2Fwp%2Fv2%2Fcomments&post=143390"}],"version-history":[{"count":1,"href":"https:\/\/gazetaregionalna.com\/index.php?rest_route=\/wp\/v2\/posts\/143390\/revisions"}],"predecessor-version":[{"id":143392,"href":"https:\/\/gazetaregionalna.com\/index.php?rest_route=\/wp\/v2\/posts\/143390\/revisions\/143392"}],"wp:featuredmedia":[{"embeddable":true,"href":"https:\/\/gazetaregionalna.com\/index.php?rest_route=\/wp\/v2\/media\/143391"}],"wp:attachment":[{"href":"https:\/\/gazetaregionalna.com\/index.php?rest_route=%2Fwp%2Fv2%2Fmedia&parent=143390"}],"wp:term":[{"taxonomy":"category","embeddable":true,"href":"https:\/\/gazetaregionalna.com\/index.php?rest_route=%2Fwp%2Fv2%2Fcategories&post=143390"},{"taxonomy":"post_tag","embeddable":true,"href":"https:\/\/gazetaregionalna.com\/index.php?rest_route=%2Fwp%2Fv2%2Ftags&post=143390"}],"curies":[{"name":"wp","href":"https:\/\/api.w.org\/{rel}","templated":true}]}}